{"id":79665,"date":"2024-03-11T13:38:56","date_gmt":"2024-03-11T19:38:56","guid":{"rendered":"https:\/\/elmetropolitano.com.gt\/es\/?p=79665"},"modified":"2024-03-11T13:38:58","modified_gmt":"2024-03-11T19:38:58","slug":"fundacion-juan-bautista-gutierrez-bazo-social-de-cmi-abre-convocatoria-de-becas-universales","status":"publish","type":"post","link":"https:\/\/elmetropolitano.com.gt\/es\/fundacion-juan-bautista-gutierrez-bazo-social-de-cmi-abre-convocatoria-de-becas-universales\/","title":{"rendered":"Fundaci\u00f3n Juan Bautista Guti\u00e9rrez, bazo social de CMI, abre convocatoria de becas universales"},"content":{"rendered":"\n<p>La Fundaci\u00f3n Juan Bautista Guti\u00e9rrez, brazo social de CMI<\/p>\n\n\n\n<p>desde 1985, reafirma su labor enfocada en la educaci\u00f3n a trav\u00e9s del Programa de Becas Universitarias. Desde el a\u00f1o 2000, la fundaci\u00f3n ha otorgado m\u00e1s de 463 becas universitarias a j\u00f3venes que destacan por su alto potencial acad\u00e9mico, as\u00ed como por sus valores, su compromiso para cambiar, transformar su futuro y el de sus <a><\/a>familias.<\/p><div class=\"elmet-contenido\" id=\"elmet-2403492693\"><div class=\"elmet-adlabel\">Anuncios<\/div><div style=\"margin-top: 20px;margin-right: 20px;margin-bottom: 20px;margin-left: 20px;\" id=\"elmet-1684227664\"><a href=\"https:\/\/www.facebook.com\/arrincuanantigua\/\" aria-label=\"cintillo-arrin-cual\"><img loading=\"lazy\" decoding=\"async\" src=\"https:\/\/elmetropolitano.com.gt\/es\/wp-content\/uploads\/2021\/11\/cintillo-arrin-cual-1.jpg\" alt=\"\"  srcset=\"https:\/\/elmetropolitano.com.gt\/es\/wp-content\/uploads\/2021\/11\/cintillo-arrin-cual-1.jpg 750w, https:\/\/elmetropolitano.com.gt\/es\/wp-content\/uploads\/2021\/11\/cintillo-arrin-cual-1-300x36.jpg 300w, https:\/\/elmetropolitano.com.gt\/es\/wp-content\/uploads\/2021\/11\/cintillo-arrin-cual-1-600x72.jpg 600w\" sizes=\"(max-width: 750px) 100vw, 750px\" width=\"750\" height=\"90\"   \/><\/a><\/div><\/div>\n\n\n\n<p>Esta es la oportunidad para que 50 j\u00f3venes guatemaltecos contin\u00faen sus estudios universitarios en las mejores instituciones educativas del pa\u00eds. La beca incluye el pago de<\/p>\n\n\n\n<p>matr\u00edcula completa, mensualidades por la duraci\u00f3n de toda la carrera, estipendio mensual, apoyo para la cuota de libros, pago de los tr\u00e1mites de graduaci\u00f3n y una nivelaci\u00f3n de ingl\u00e9s<\/p>\n\n\n\n<p>seg\u00fan el requerimiento de cada universidad. Adem\u00e1s, los estudiantes recibir\u00e1n talleres de coaching y formaci\u00f3n, asistir\u00e1n a un campamento anual y formar\u00e1n parte de la Asociaci\u00f3n de<\/p>\n\n\n\n<p>Becados Isabel Guti\u00e9rrez de Bosch (ASIGBO).<\/p>\n\n\n\n<p>\u201cEstamos buscando a 50 nuevos protagonistas para ser parte de la productividad del pa\u00eds. Este es un programa que ha transformado la vida de cientos de j\u00f3venes talentosos y sus familias, lo \u00fanico que necesitan es una oportunidad para poder realizar el sue\u00f1o de estudiar la carrera de su elecci\u00f3n en las mejores universidades privadas de Guatemala\u201d, coment\u00f3 Cristina D\u00edaz, directora ejecutiva de la Fundaci\u00f3n Juan Bautista Guti\u00e9rrez.<\/p>\n\n\n\n<p>Los requisitos para postular son: ser estudiante de \u00faltimo a\u00f1o de diversificado, ser de recursos econ\u00f3micos limitados y tener un promedio acumulado de 85 puntos a partir de<\/p>\n\n\n\n<p>tercero b\u00e1sico. La convocatoria est\u00e1 abierta hasta el 20 de marzo de 2024 para j\u00f3venes, mujeres y hombres, de todos los departamentos del pa\u00eds. Para aplicar deben llenar el formulario que encontrar\u00e1n en la p\u00e1gina web <a href=\"http:\/\/becas.fundacionjbg.org\/?fbclid=IwAR1J1hsdhhs7YIqSvRIvZpiCWyszk5mfI8WV0JPh3_73vWTyH9iimZiZTh8\" rel=\"noreferrer noopener\" target=\"_blank\">becas.fundacionjbg.org<\/a> y seguir los pasos<\/p>\n\n\n\n<p>descritos en el sitio.<\/p>\n\n\n\n<p>La Fundaci\u00f3n, junto a CMI, busca resolver problemas desde la ra\u00edz con programas integrales, replicables y autosuficientes en Educaci\u00f3n, Salud, Nutrici\u00f3n y Emprendimiento. A<\/p>\n\n\n\n<p>la fecha, se han graduado 238 profesionales que trabajan en empresas locales y multinacionales tanto en Guatemala como en otros pa\u00edses. Muchos de ellos tambi\u00e9n han continuado sus estudios de especializaci\u00f3n en el extranjero.<\/p>\n\n\n\n<p><a href=\"https:\/\/www.facebook.com\/hashtag\/fundacionjuanbautistagutierrez?__eep__=6&amp;__cft__[0]=AZUB9JetdCTd2538OKgsIVT-fqpqhxLWyiYn4dA_o0XL0n5b6ip2_8YI7rOThoWyAUZI7UcBQgXripuwEqnD1_X7rvBnNpXc7XOvrTE51xPdPE6JY7R-iu1F7EO-62zzzpL17M0DMk4jh-iSH2DkKu7NQVlz-mQ_MxpW0cA6ZVzNzWM1R6iY4xYPQuA8WCkipmg&amp;__tn__=*NK-R\">#fundacionjuanbautistagutierrez<\/a><a href=\"https:\/\/www.facebook.com\/hashtag\/metroredes?__eep__=6&amp;__cft__[0]=AZUB9JetdCTd2538OKgsIVT-fqpqhxLWyiYn4dA_o0XL0n5b6ip2_8YI7rOThoWyAUZI7UcBQgXripuwEqnD1_X7rvBnNpXc7XOvrTE51xPdPE6JY7R-iu1F7EO-62zzzpL17M0DMk4jh-iSH2DkKu7NQVlz-mQ_MxpW0cA6ZVzNzWM1R6iY4xYPQuA8WCkipmg&amp;__tn__=*NK-R\">#metroredes<\/a><a href=\"https:\/\/www.facebook.com\/hashtag\/cmi?__eep__=6&amp;__cft__[0]=AZUB9JetdCTd2538OKgsIVT-fqpqhxLWyiYn4dA_o0XL0n5b6ip2_8YI7rOThoWyAUZI7UcBQgXripuwEqnD1_X7rvBnNpXc7XOvrTE51xPdPE6JY7R-iu1F7EO-62zzzpL17M0DMk4jh-iSH2DkKu7NQVlz-mQ_MxpW0cA6ZVzNzWM1R6iY4xYPQuA8WCkipmg&amp;__tn__=*NK-R\">#cmi<\/a><a href=\"https:\/\/www.facebook.com\/hashtag\/becasuniversitarias?__eep__=6&amp;__cft__[0]=AZUB9JetdCTd2538OKgsIVT-fqpqhxLWyiYn4dA_o0XL0n5b6ip2_8YI7rOThoWyAUZI7UcBQgXripuwEqnD1_X7rvBnNpXc7XOvrTE51xPdPE6JY7R-iu1F7EO-62zzzpL17M0DMk4jh-iSH2DkKu7NQVlz-mQ_MxpW0cA6ZVzNzWM1R6iY4xYPQuA8WCkipmg&amp;__tn__=*NK-R\">#becasuniversitarias<\/a><a href=\"https:\/\/l.facebook.com\/l.php?u=http%3A%2F%2Fwww.elmetropolitano.com.gt%2F%3Ffbclid%3DIwAR3VoVo0y5Ko0CIvb9zHWBZ5J460WcFNIT3hV2rF2tTO7VmYKtubjvXDBdg&amp;h=AT19YU2LjCqbsSecxFhVaGoKvs3lpYmZ3_hzoVo37m1NJ1n0kXVmh-MB3GpS4hSjQcz1_w2q3PcotlrAppCyrR76tIUemtPYCfNn80bXakdCOE1ZRUBTrqLDvWvZwxy5JA9LuqSOtz12zJXuS6jw&amp;__tn__=-UK-R&amp;c[0]=AT2urnIiVEFg94D0XJ7uAFXTeOLyMDyS1Lk1Y-ixteFt8IcAWadlqIBdVpyFOJWmIYpl90sKoj9084NaJp9Ck6VCln2fy3fQGCCHOQ-7qpW-gyRFyMlEz3E9lMRe-H3KZuMcyEZhrNX1ETlOH_JizcwEfqdADFi-ypNKe8DRrnK5Mk0iktg_PVz35f6ARq2cXeG-mEp6suMs\" target=\"_blank\" rel=\"noreferrer noopener\">www.elmetropolitano.com.gt<\/a><\/p>\n\n\n\n<figure class=\"wp-block-gallery has-nested-images columns-default is-cropped wp-block-gallery-1 is-layout-flex wp-block-gallery-is-layout-flex\">\n<figure class=\"wp-block-image size-large\"><img loading=\"lazy\" decoding=\"async\" width=\"901\" height=\"600\" data-id=\"79667\" src=\"https:\/\/elmetropolitano.com.gt\/es\/wp-content\/uploads\/2024\/03\/430803700_898092115650206_5689390073435532084_n.jpg\" alt=\"\" class=\"wp-image-79667\" srcset=\"https:\/\/elmetropolitano.com.gt\/es\/wp-content\/uploads\/2024\/03\/430803700_898092115650206_5689390073435532084_n.jpg 901w, https:\/\/elmetropolitano.com.gt\/es\/wp-content\/uploads\/2024\/03\/430803700_898092115650206_5689390073435532084_n-300x200.jpg 300w, https:\/\/elmetropolitano.com.gt\/es\/wp-content\/uploads\/2024\/03\/430803700_898092115650206_5689390073435532084_n-768x511.jpg 768w\" sizes=\"auto, (max-width: 901px) 100vw, 901px\" \/><\/figure>\n\n\n\n<figure class=\"wp-block-image size-large\"><img loading=\"lazy\" decoding=\"async\" width=\"1024\" height=\"682\" data-id=\"79668\" src=\"https:\/\/elmetropolitano.com.gt\/es\/wp-content\/uploads\/2024\/03\/430853405_898092118983539_7349447853380569233_n-1024x682.jpg\" alt=\"\" class=\"wp-image-79668\" srcset=\"https:\/\/elmetropolitano.com.gt\/es\/wp-content\/uploads\/2024\/03\/430853405_898092118983539_7349447853380569233_n-1024x682.jpg 1024w, https:\/\/elmetropolitano.com.gt\/es\/wp-content\/uploads\/2024\/03\/430853405_898092118983539_7349447853380569233_n-300x200.jpg 300w, https:\/\/elmetropolitano.com.gt\/es\/wp-content\/uploads\/2024\/03\/430853405_898092118983539_7349447853380569233_n-768x512.jpg 768w, https:\/\/elmetropolitano.com.gt\/es\/wp-content\/uploads\/2024\/03\/430853405_898092118983539_7349447853380569233_n.jpg 1498w\" sizes=\"auto, (max-width: 1024px) 100vw, 1024px\" \/><\/figure>\n<\/figure>\n","protected":false},"excerpt":{"rendered":"<p>La Fundaci\u00f3n Juan Bautista Guti\u00e9rrez, brazo social de CMI desde 1985, reafirma su labor enfocada en la educaci\u00f3n a trav\u00e9s del Programa de Becas Universitarias. Desde el a\u00f1o 2000, la fundaci\u00f3n ha otorgado m\u00e1s de 463 becas universitarias a j\u00f3venes que destacan por su alto potencial acad\u00e9mico, as\u00ed como por sus valores, su compromiso para <a class=\"read-more\" href=\"https:\/\/elmetropolitano.com.gt\/es\/fundacion-juan-bautista-gutierrez-bazo-social-de-cmi-abre-convocatoria-de-becas-universales\/\">Leer m\u00e1s<\/a><\/p>\n","protected":false},"author":1,"featured_media":79666,"comment_status":"open","ping_status":"closed","sticky":false,"template":"","format":"standard","meta":{"footnotes":""},"categories":[31],"tags":[32],"class_list":["post-79665","post","type-post","status-publish","format-standard","has-post-thumbnail","hentry","category-metroimpulso","tag-metroimpulso"],"_links":{"self":[{"href":"https:\/\/elmetropolitano.com.gt\/es\/wp-json\/wp\/v2\/posts\/79665","targetHints":{"allow":["GET"]}}],"collection":[{"href":"https:\/\/elmetropolitano.com.gt\/es\/wp-json\/wp\/v2\/posts"}],"about":[{"href":"https:\/\/elmetropolitano.com.gt\/es\/wp-json\/wp\/v2\/types\/post"}],"author":[{"embeddable":true,"href":"https:\/\/elmetropolitano.com.gt\/es\/wp-json\/wp\/v2\/users\/1"}],"replies":[{"embeddable":true,"href":"https:\/\/elmetropolitano.com.gt\/es\/wp-json\/wp\/v2\/comments?post=79665"}],"version-history":[{"count":1,"href":"https:\/\/elmetropolitano.com.gt\/es\/wp-json\/wp\/v2\/posts\/79665\/revisions"}],"predecessor-version":[{"id":79669,"href":"https:\/\/elmetropolitano.com.gt\/es\/wp-json\/wp\/v2\/posts\/79665\/revisions\/79669"}],"wp:featuredmedia":[{"embeddable":true,"href":"https:\/\/elmetropolitano.com.gt\/es\/wp-json\/wp\/v2\/media\/79666"}],"wp:attachment":[{"href":"https:\/\/elmetropolitano.com.gt\/es\/wp-json\/wp\/v2\/media?parent=79665"}],"wp:term":[{"taxonomy":"category","embeddable":true,"href":"https:\/\/elmetropolitano.com.gt\/es\/wp-json\/wp\/v2\/categories?post=79665"},{"taxonomy":"post_tag","embeddable":true,"href":"https:\/\/elmetropolitano.com.gt\/es\/wp-json\/wp\/v2\/tags?post=79665"}],"curies":[{"name":"wp","href":"https:\/\/api.w.org\/{rel}","templated":true}]}}