{"id":79675,"date":"2024-03-11T14:03:09","date_gmt":"2024-03-11T20:03:09","guid":{"rendered":"https:\/\/elmetropolitano.com.gt\/es\/?p=79675"},"modified":"2024-03-11T14:03:10","modified_gmt":"2024-03-11T20:03:10","slug":"vision-mujeres-bac-celebra-el-empoderamiento-y-trayectoria-de-mujeres-inspiradoras-en-guatemala","status":"publish","type":"post","link":"https:\/\/elmetropolitano.com.gt\/es\/vision-mujeres-bac-celebra-el-empoderamiento-y-trayectoria-de-mujeres-inspiradoras-en-guatemala\/","title":{"rendered":"\u201cVisi\u00f3n Mujeres BAC\u201d celebra el empoderamiento y trayectoria de mujeres inspiradoras en Guatemala"},"content":{"rendered":"\n<p>El evento VISI\u00d3N Mujeres BAC se llev\u00f3 a cabo por cuarto a\u00f1o consecutivo, sumergiendo a los asistentes en una experiencia conmovedora e inspiradora. Organizado por BAC Guatemala, el evento destac\u00f3 la resiliencia y liderazgo de mujeres guatemaltecas en diversos \u00e1mbitos, reuniendo a cinco l\u00edderes que compartieron sus experiencias, desaf\u00edos y logros, inspirando a m\u00e1s de 300 mujeres <a><\/a>presentes.<\/p>\n\n\n\n<p>\u201cCon Visi\u00f3n Mujeres BAC, reafirmamos nuestro compromiso con el empoderamiento femenino y la creaci\u00f3n de espacios que inspiran y motivan a las mujeres guatemaltecas. Es por ello que impulsamos el programa de Mujeres BAC, que es el ecosistema para el desarrollo de una comunidad que celebra la diversidad, el liderazgo y el impacto positivo\u201d, se\u00f1al\u00f3 Eric Campos, Presidente Ejecutivo de BAC Guatemala.<\/p><div class=\"elmet-contenido\" id=\"elmet-1839709028\"><div class=\"elmet-adlabel\">Anuncios<\/div><div style=\"margin-top: 20px;margin-right: 20px;margin-bottom: 20px;margin-left: 20px;\" id=\"elmet-1763144262\"><a href=\"https:\/\/www.facebook.com\/arrincuanantigua\/\" aria-label=\"cintillo-arrin-cual\"><img loading=\"lazy\" decoding=\"async\" src=\"https:\/\/elmetropolitano.com.gt\/es\/wp-content\/uploads\/2021\/11\/cintillo-arrin-cual-1.jpg\" alt=\"\"  srcset=\"https:\/\/elmetropolitano.com.gt\/es\/wp-content\/uploads\/2021\/11\/cintillo-arrin-cual-1.jpg 750w, https:\/\/elmetropolitano.com.gt\/es\/wp-content\/uploads\/2021\/11\/cintillo-arrin-cual-1-300x36.jpg 300w, https:\/\/elmetropolitano.com.gt\/es\/wp-content\/uploads\/2021\/11\/cintillo-arrin-cual-1-600x72.jpg 600w\" sizes=\"(max-width: 750px) 100vw, 750px\" width=\"750\" height=\"90\"   \/><\/a><\/div><\/div>\n\n\n\n<p>Superando Desaf\u00edos y<\/p>\n\n\n\n<p>Dejando un Legado<\/p>\n\n\n\n<p>Marcela Toriello, Presidenta y CEO de TagAirlines, tom\u00f3 el escenario para compartir su poderosa traves\u00eda en un mundo empresarial predominantemente masculino. Desde asumir el liderazgo de TagAirlines hasta enfrentar resistencias, su mensaje destac\u00f3 la urgencia de inspirar a las mujeres a seguir sus sue\u00f1os, subrayando la importancia de la confianza y la resiliencia para lograr el \u00e9xito en cualquier desaf\u00edo.<\/p>\n\n\n\n<p>Irene Piedrasanta, Directora de Editorial Piedrasanta, con sus impresionantes 77 a\u00f1os de experiencia en el mundo editorial guatemalteco, enfatiz\u00f3 la relevancia del poder de las oportunidades y la cultura en la sociedad. Su historia ejemplifica el impacto positivo que la lectura y las oportunidades pueden tener en el desarrollo personal y cultural, demostrando c\u00f3mo las mujeres pueden ser agentes de cambio a trav\u00e9s del conocimiento.<\/p>\n\n\n\n<p>Expresi\u00f3n Art\u00edstica y Creatividad<\/p>\n\n\n\n<p>La artista visual, dise\u00f1adora gr\u00e1fica y muralista Light Andrade comparti\u00f3 su singular perspectiva sobre la creatividad y la expresi\u00f3n art\u00edstica. Su mensaje inspir\u00f3 a liberar la energ\u00eda creativa, resaltando la importancia de centrarse en experiencias que enriquecen la vida y transformar cada momento en una aut\u00e9ntica obra de arte.<\/p>\n\n\n\n<p>Empat\u00eda y Prop\u00f3sito<\/p>\n\n\n\n<p>Mar\u00eda Isabel Grajeda, fundadora de Abuelitos Heladeros, present\u00f3 un proyecto conmovedor destinado a apoyar a adultos mayores en situaci\u00f3n de pobreza. Su mensaje destac\u00f3 la importancia de la empat\u00eda y el prop\u00f3sito compartido, llamando a las mujeres a ser la diferencia en las vidas que necesitan apoyo, demostrando c\u00f3mo cada acci\u00f3n puede tener un impacto duradero.<\/p>\n\n\n\n<p>Gastronom\u00eda, Sororidad y Autocuidado<\/p>\n\n\n\n<p>La reconocida chef y embajadora de la gastronom\u00eda guatemalteca, Mirciny Moliviatis, comparti\u00f3 su experiencia desafiando obst\u00e1culos en la industria culinaria y abogando por el autocuidado. Su mensaje reson\u00f3 con la importancia de la sororidad entre mujeres, la promoci\u00f3n de la gastronom\u00eda guatemalteca y la necesidad de vivir el presente, instando a todas las mujeres a luchar por sus sue\u00f1os con determinaci\u00f3n.<\/p>\n\n\n\n<p>\u201cEn BAC, estamos orgullosos de ser pioneros en brindar soluciones financieras adaptadas a las necesidades de la mujer guatemalteca. Visi\u00f3n Mujeres BAC es \u00fanico en su clase, siendo el \u00fanico evento dentro del sector financiero que conmemora el D\u00eda Internacional de la Mujer de manera tan significativa. Nos llena de alegr\u00eda compartir este espacio con empresarias, emprendedoras y l\u00edderes femeninas que comparten nuestro compromiso con generar prosperidad en las comunidades a las que servimos\u201d, indic\u00f3 Campos.<\/p>\n\n\n\n<p><a href=\"https:\/\/www.facebook.com\/hashtag\/bacguatemala?__eep__=6&amp;__cft__[0]=AZUBDiQ91qPwTpxLQO2Y5LS5AUHLVcC_CnCLI_NNXe_XHt9E51zY1puWnOAzBO8bBWDDm8IDhamqWFduG1P60uGIHoz_RR0xAqqJzbkfYEHNPwsxzWF6AlfwOP1hQ5X5nsHGyw9qx_iS4GmZOu5rrl5fpP_71BgyCabljtAjRMmGPtt0UI5AVzZtiV8bliHO8p4&amp;__tn__=*NK-R\">#bacguatemala<\/a><a href=\"https:\/\/www.facebook.com\/hashtag\/metroredes?__eep__=6&amp;__cft__[0]=AZUBDiQ91qPwTpxLQO2Y5LS5AUHLVcC_CnCLI_NNXe_XHt9E51zY1puWnOAzBO8bBWDDm8IDhamqWFduG1P60uGIHoz_RR0xAqqJzbkfYEHNPwsxzWF6AlfwOP1hQ5X5nsHGyw9qx_iS4GmZOu5rrl5fpP_71BgyCabljtAjRMmGPtt0UI5AVzZtiV8bliHO8p4&amp;__tn__=*NK-R\">#metroredes<\/a><a href=\"https:\/\/www.facebook.com\/hashtag\/editorialpiedrasanta?__eep__=6&amp;__cft__[0]=AZUBDiQ91qPwTpxLQO2Y5LS5AUHLVcC_CnCLI_NNXe_XHt9E51zY1puWnOAzBO8bBWDDm8IDhamqWFduG1P60uGIHoz_RR0xAqqJzbkfYEHNPwsxzWF6AlfwOP1hQ5X5nsHGyw9qx_iS4GmZOu5rrl5fpP_71BgyCabljtAjRMmGPtt0UI5AVzZtiV8bliHO8p4&amp;__tn__=*NK-R\">#editorialpiedrasanta<\/a><a href=\"https:\/\/www.facebook.com\/hashtag\/tagairlines?__eep__=6&amp;__cft__[0]=AZUBDiQ91qPwTpxLQO2Y5LS5AUHLVcC_CnCLI_NNXe_XHt9E51zY1puWnOAzBO8bBWDDm8IDhamqWFduG1P60uGIHoz_RR0xAqqJzbkfYEHNPwsxzWF6AlfwOP1hQ5X5nsHGyw9qx_iS4GmZOu5rrl5fpP_71BgyCabljtAjRMmGPtt0UI5AVzZtiV8bliHO8p4&amp;__tn__=*NK-R\">#TagAirlines<\/a><\/p>\n\n\n\n<p><a href=\"https:\/\/l.facebook.com\/l.php?u=http%3A%2F%2FWww.elmetropolitano.com.gt%2F%3Ffbclid%3DIwAR12N9Ig2hy8eJongtPHY6ZFFiX9iTPdY76lWLEA1J5pZmi1AFrCEwfGy8c&amp;h=AT1-7Bue7bg2mnFEV39hGqWw5YhcTUvLdPqGbWohsftfNzPnah1gSS0retC73-wTzhGfI6tQNIJ2OIiyBn15eO7knaonC5mugKm5OaDk03yGWSpdeUyydKDr4JKGJq1_3L5utnkC8dBlkIR6_Kdn&amp;__tn__=-UK-R&amp;c[0]=AT231WdWVIsetjxki2fWHaREmnxx7G2srtpEux23s-U5osgk1K5O8TdncNiO0M-tjhNWn6hCVEzN1dXIvZRS_oC2167Ty-lVx2evyRVvhsh-Gzp6G66KRtk64wTyeA-Mhyq3f6ViZQqhVF01gRrz_5gOarkOthjWx5xbWXesq86MLjBO2bbo8-b5rFFhMJ38Chv-C46msnRz\" target=\"_blank\" rel=\"noreferrer noopener\">Www.elmetropolitano.com.gt<\/a><\/p>\n\n\n\n<figure class=\"wp-block-gallery has-nested-images columns-default is-cropped wp-block-gallery-1 is-layout-flex wp-block-gallery-is-layout-flex\">\n<figure class=\"wp-block-image size-large\"><img loading=\"lazy\" decoding=\"async\" width=\"682\" height=\"1024\" data-id=\"79677\" src=\"https:\/\/elmetropolitano.com.gt\/es\/wp-content\/uploads\/2024\/03\/430107846_898125908980160_6476117396912840415_n-682x1024.jpg\" alt=\"\" class=\"wp-image-79677\" srcset=\"https:\/\/elmetropolitano.com.gt\/es\/wp-content\/uploads\/2024\/03\/430107846_898125908980160_6476117396912840415_n-682x1024.jpg 682w, https:\/\/elmetropolitano.com.gt\/es\/wp-content\/uploads\/2024\/03\/430107846_898125908980160_6476117396912840415_n-200x300.jpg 200w, https:\/\/elmetropolitano.com.gt\/es\/wp-content\/uploads\/2024\/03\/430107846_898125908980160_6476117396912840415_n-768x1153.jpg 768w, https:\/\/elmetropolitano.com.gt\/es\/wp-content\/uploads\/2024\/03\/430107846_898125908980160_6476117396912840415_n-1023x1536.jpg 1023w, https:\/\/elmetropolitano.com.gt\/es\/wp-content\/uploads\/2024\/03\/430107846_898125908980160_6476117396912840415_n.jpg 1066w\" sizes=\"auto, (max-width: 682px) 100vw, 682px\" \/><\/figure>\n\n\n\n<figure class=\"wp-block-image size-large\"><img loading=\"lazy\" decoding=\"async\" width=\"1024\" height=\"669\" data-id=\"79678\" src=\"https:\/\/elmetropolitano.com.gt\/es\/wp-content\/uploads\/2024\/03\/430464595_898125958980155_354286403628204663_n-1024x669.jpg\" alt=\"\" class=\"wp-image-79678\" srcset=\"https:\/\/elmetropolitano.com.gt\/es\/wp-content\/uploads\/2024\/03\/430464595_898125958980155_354286403628204663_n-1024x669.jpg 1024w, https:\/\/elmetropolitano.com.gt\/es\/wp-content\/uploads\/2024\/03\/430464595_898125958980155_354286403628204663_n-300x196.jpg 300w, https:\/\/elmetropolitano.com.gt\/es\/wp-content\/uploads\/2024\/03\/430464595_898125958980155_354286403628204663_n-768x502.jpg 768w, https:\/\/elmetropolitano.com.gt\/es\/wp-content\/uploads\/2024\/03\/430464595_898125958980155_354286403628204663_n-1536x1004.jpg 1536w, https:\/\/elmetropolitano.com.gt\/es\/wp-content\/uploads\/2024\/03\/430464595_898125958980155_354286403628204663_n.jpg 1600w\" sizes=\"auto, (max-width: 1024px) 100vw, 1024px\" \/><\/figure>\n<\/figure>\n","protected":false},"excerpt":{"rendered":"<p>El evento VISI\u00d3N Mujeres BAC se llev\u00f3 a cabo por cuarto a\u00f1o consecutivo, sumergiendo a los asistentes en una experiencia conmovedora e inspiradora. Organizado por BAC Guatemala, el evento destac\u00f3 la resiliencia y liderazgo de mujeres guatemaltecas en diversos \u00e1mbitos, reuniendo a cinco l\u00edderes que compartieron sus experiencias, desaf\u00edos y logros, inspirando a m\u00e1s de <a class=\"read-more\" href=\"https:\/\/elmetropolitano.com.gt\/es\/vision-mujeres-bac-celebra-el-empoderamiento-y-trayectoria-de-mujeres-inspiradoras-en-guatemala\/\">Leer m\u00e1s<\/a><\/p>\n","protected":false},"author":1,"featured_media":79676,"comment_status":"open","ping_status":"closed","sticky":false,"template":"","format":"standard","meta":{"footnotes":""},"categories":[31],"tags":[32],"class_list":["post-79675","post","type-post","status-publish","format-standard","has-post-thumbnail","hentry","category-metroimpulso","tag-metroimpulso"],"_links":{"self":[{"href":"https:\/\/elmetropolitano.com.gt\/es\/wp-json\/wp\/v2\/posts\/79675","targetHints":{"allow":["GET"]}}],"collection":[{"href":"https:\/\/elmetropolitano.com.gt\/es\/wp-json\/wp\/v2\/posts"}],"about":[{"href":"https:\/\/elmetropolitano.com.gt\/es\/wp-json\/wp\/v2\/types\/post"}],"author":[{"embeddable":true,"href":"https:\/\/elmetropolitano.com.gt\/es\/wp-json\/wp\/v2\/users\/1"}],"replies":[{"embeddable":true,"href":"https:\/\/elmetropolitano.com.gt\/es\/wp-json\/wp\/v2\/comments?post=79675"}],"version-history":[{"count":1,"href":"https:\/\/elmetropolitano.com.gt\/es\/wp-json\/wp\/v2\/posts\/79675\/revisions"}],"predecessor-version":[{"id":79679,"href":"https:\/\/elmetropolitano.com.gt\/es\/wp-json\/wp\/v2\/posts\/79675\/revisions\/79679"}],"wp:featuredmedia":[{"embeddable":true,"href":"https:\/\/elmetropolitano.com.gt\/es\/wp-json\/wp\/v2\/media\/79676"}],"wp:attachment":[{"href":"https:\/\/elmetropolitano.com.gt\/es\/wp-json\/wp\/v2\/media?parent=79675"}],"wp:term":[{"taxonomy":"category","embeddable":true,"href":"https:\/\/elmetropolitano.com.gt\/es\/wp-json\/wp\/v2\/categories?post=79675"},{"taxonomy":"post_tag","embeddable":true,"href":"https:\/\/elmetropolitano.com.gt\/es\/wp-json\/wp\/v2\/tags?post=79675"}],"curies":[{"name":"wp","href":"https:\/\/api.w.org\/{rel}","templated":true}]}}