{"id":79680,"date":"2024-03-11T14:05:23","date_gmt":"2024-03-11T20:05:23","guid":{"rendered":"https:\/\/elmetropolitano.com.gt\/es\/?p=79680"},"modified":"2024-03-11T14:05:23","modified_gmt":"2024-03-11T20:05:23","slug":"sufre-sordera-por-quedarse-dormida-cada-noche-con-auriculares-durante-dos-anos","status":"publish","type":"post","link":"https:\/\/elmetropolitano.com.gt\/es\/sufre-sordera-por-quedarse-dormida-cada-noche-con-auriculares-durante-dos-anos\/","title":{"rendered":"Sufre sordera por quedarse dormida cada noche con auriculares durante dos a\u00f1os"},"content":{"rendered":"\n<p><strong>La p\u00e9rdida de audici\u00f3n de Wang se produjo porque sus o\u00eddos estaban sometidos a ruido durante largos periodos de tiempo, aun cuando el volumen no fuera excesivo.<\/strong><\/p>\n\n\n\n<p>Wang, una joven de la provincia china de Shandong, sufre una&nbsp;<strong>p\u00e9rdida permanente de audici\u00f3n<\/strong>&nbsp;y debe utilizar un aud\u00edfono intrauricular, despu\u00e9s de dormirse todas las noches durante dos a\u00f1os escuchando m\u00fasica con los auriculares puestos,&nbsp;<a href=\"https:\/\/www.thepaper.cn\/newsDetail_forward_26545801\" target=\"_blank\" rel=\"noreferrer noopener\">reportan<\/a>&nbsp;medios locales.&nbsp;<\/p><div class=\"elmet-contenido\" id=\"elmet-2484872248\"><div class=\"elmet-adlabel\">Anuncios<\/div><div style=\"margin-top: 20px;margin-right: 20px;margin-bottom: 20px;margin-left: 20px;\" id=\"elmet-1280810374\"><a href=\"https:\/\/www.facebook.com\/arrincuanantigua\/\" aria-label=\"cintillo-arrin-cual\"><img loading=\"lazy\" decoding=\"async\" src=\"https:\/\/elmetropolitano.com.gt\/es\/wp-content\/uploads\/2021\/11\/cintillo-arrin-cual-1.jpg\" alt=\"\"  srcset=\"https:\/\/elmetropolitano.com.gt\/es\/wp-content\/uploads\/2021\/11\/cintillo-arrin-cual-1.jpg 750w, https:\/\/elmetropolitano.com.gt\/es\/wp-content\/uploads\/2021\/11\/cintillo-arrin-cual-1-300x36.jpg 300w, https:\/\/elmetropolitano.com.gt\/es\/wp-content\/uploads\/2021\/11\/cintillo-arrin-cual-1-600x72.jpg 600w\" sizes=\"(max-width: 750px) 100vw, 750px\" width=\"750\" height=\"90\"   \/><\/a><\/div><\/div>\n\n\n\n<p>La joven&nbsp;<a href=\"https:\/\/www.chinapress.com.my\/20240307\/%E6%95%B4%E6%99%9A%E6%88%B4%E8%80%B3%E6%9C%BA%E5%90%AC%E6%AD%8C%E8%BE%BE2%E5%B9%B4-%E5%A5%B3%E5%AD%90%E5%90%AC%E5%8A%9B%E6%B0%B8%E4%B9%85%E5%8F%97%E6%8D%9F\/\" target=\"_blank\" rel=\"noreferrer noopener\">acudi\u00f3<\/a>&nbsp;la semana pasada al hospital para someterse a un examen de o\u00eddo por problemas auditivos, al darse cuenta de que cuando su supervisor le susurraba durante las reuniones, ten\u00eda dificultad para<strong>&nbsp;<\/strong>entenderlo.<\/p>\n\n\n\n<p>Un examen exhaustivo revel\u00f3 que Wang\u00a0padec\u00eda un da\u00f1o neurol\u00f3gico permanente en el o\u00eddo izquierdo, lo que explicaba sus problemas de audici\u00f3n. Al preguntarle si hab\u00eda sufrido alg\u00fan tipo de trauma o si sus o\u00eddos hab\u00edan estado sometidos a ruidos fuertes durante largos periodos de tiempo, Wang asegur\u00f3 que lo \u00fanico que hac\u00eda era escuchar m\u00fasica con los auriculares\u00a0<strong>todas las noches.<\/strong><\/p>\n\n\n\n<p>Li Tao, director del departamento de otorrinolaringolog\u00eda del hospital, afirm\u00f3 que lo m\u00e1s probable es que la p\u00e9rdida de audici\u00f3n de Wang se deba a que sus o\u00eddos estaban sometidos a ruido\u00a0<strong>durante largos periodos de tiempo<\/strong>, aun cuando el volumen no fuera excesivo. Aunque la joven sufre da\u00f1os permanentes, son lo suficientemente leves para que la funci\u00f3n auditiva pueda compensarse con un aud\u00edfono.<\/p>\n\n\n\n<p>RT NOTICIAS<\/p>\n\n\n\n<p><\/p>\n","protected":false},"excerpt":{"rendered":"<p>La p\u00e9rdida de audici\u00f3n de Wang se produjo porque sus o\u00eddos estaban sometidos a ruido durante largos periodos de tiempo, aun cuando el volumen no fuera excesivo. Wang, una joven de la provincia china de Shandong, sufre una&nbsp;p\u00e9rdida permanente de audici\u00f3n&nbsp;y debe utilizar un aud\u00edfono intrauricular, despu\u00e9s de dormirse todas las noches durante dos a\u00f1os <a class=\"read-more\" href=\"https:\/\/elmetropolitano.com.gt\/es\/sufre-sordera-por-quedarse-dormida-cada-noche-con-auriculares-durante-dos-anos\/\">Leer m\u00e1s<\/a><\/p>\n","protected":false},"author":1,"featured_media":79681,"comment_status":"open","ping_status":"closed","sticky":false,"template":"","format":"standard","meta":{"footnotes":""},"categories":[14],"tags":[15],"class_list":["post-79680","post","type-post","status-publish","format-standard","has-post-thumbnail","hentry","category-internacionales","tag-internacionales"],"_links":{"self":[{"href":"https:\/\/elmetropolitano.com.gt\/es\/wp-json\/wp\/v2\/posts\/79680","targetHints":{"allow":["GET"]}}],"collection":[{"href":"https:\/\/elmetropolitano.com.gt\/es\/wp-json\/wp\/v2\/posts"}],"about":[{"href":"https:\/\/elmetropolitano.com.gt\/es\/wp-json\/wp\/v2\/types\/post"}],"author":[{"embeddable":true,"href":"https:\/\/elmetropolitano.com.gt\/es\/wp-json\/wp\/v2\/users\/1"}],"replies":[{"embeddable":true,"href":"https:\/\/elmetropolitano.com.gt\/es\/wp-json\/wp\/v2\/comments?post=79680"}],"version-history":[{"count":1,"href":"https:\/\/elmetropolitano.com.gt\/es\/wp-json\/wp\/v2\/posts\/79680\/revisions"}],"predecessor-version":[{"id":79682,"href":"https:\/\/elmetropolitano.com.gt\/es\/wp-json\/wp\/v2\/posts\/79680\/revisions\/79682"}],"wp:featuredmedia":[{"embeddable":true,"href":"https:\/\/elmetropolitano.com.gt\/es\/wp-json\/wp\/v2\/media\/79681"}],"wp:attachment":[{"href":"https:\/\/elmetropolitano.com.gt\/es\/wp-json\/wp\/v2\/media?parent=79680"}],"wp:term":[{"taxonomy":"category","embeddable":true,"href":"https:\/\/elmetropolitano.com.gt\/es\/wp-json\/wp\/v2\/categories?post=79680"},{"taxonomy":"post_tag","embeddable":true,"href":"https:\/\/elmetropolitano.com.gt\/es\/wp-json\/wp\/v2\/tags?post=79680"}],"curies":[{"name":"wp","href":"https:\/\/api.w.org\/{rel}","templated":true}]}}