{"id":79856,"date":"2024-03-14T10:56:44","date_gmt":"2024-03-14T16:56:44","guid":{"rendered":"https:\/\/elmetropolitano.com.gt\/es\/?p=79856"},"modified":"2024-03-14T10:56:46","modified_gmt":"2024-03-14T16:56:46","slug":"la-cc-le-da-la-razon-a-neto-bran-y-revoca-decision-de-quitarle-la-inmunidad","status":"publish","type":"post","link":"https:\/\/elmetropolitano.com.gt\/es\/la-cc-le-da-la-razon-a-neto-bran-y-revoca-decision-de-quitarle-la-inmunidad\/","title":{"rendered":"La CC le da la raz\u00f3n a Neto Bran y revoca decisi\u00f3n de quitarle la inmunidad"},"content":{"rendered":"\n<p>Los magistrados de la Corte de Constitucionalidad CC otorg\u00f3 un amparo a favor del alcalde de Mixco, Neto Bran, con lo cual revoca la decisi\u00f3n de la Sala Primera de Apelaciones del Ramo penal de retirarle la inmunidad para que fuera investigado por un supuesto arrendamiento an\u00f3malo de oficinas.<\/p>\n\n\n\n<p>Los magistrados de la Corte de Constitucionalidad despu\u00e9s del estudio respectivo concedieron un amparo <a><\/a>definitivo a favor del alcalde de Mixco, Neto Bran, revocando as\u00ed la decisi\u00f3n de retirarle la inmunidad para ser investigado por una supuesta irregularidad en el arrendamiento de unas oficinas en la zona 6 de la localidad.<\/p><div class=\"elmet-contenido\" id=\"elmet-2153925285\"><div class=\"elmet-adlabel\">Anuncios<\/div><div style=\"margin-top: 20px;margin-right: 20px;margin-bottom: 20px;margin-left: 20px;\" id=\"elmet-3543376160\"><a href=\"https:\/\/www.facebook.com\/arrincuanantigua\/\" aria-label=\"cintillo-arrin-cual\"><img loading=\"lazy\" decoding=\"async\" src=\"https:\/\/elmetropolitano.com.gt\/es\/wp-content\/uploads\/2021\/11\/cintillo-arrin-cual-1.jpg\" alt=\"\"  srcset=\"https:\/\/elmetropolitano.com.gt\/es\/wp-content\/uploads\/2021\/11\/cintillo-arrin-cual-1.jpg 750w, https:\/\/elmetropolitano.com.gt\/es\/wp-content\/uploads\/2021\/11\/cintillo-arrin-cual-1-300x36.jpg 300w, https:\/\/elmetropolitano.com.gt\/es\/wp-content\/uploads\/2021\/11\/cintillo-arrin-cual-1-600x72.jpg 600w\" sizes=\"(max-width: 750px) 100vw, 750px\" width=\"750\" height=\"90\"   \/><\/a><\/div><\/div>\n\n\n\n<p>Buscaban perjudicar<\/p>\n\n\n\n<p>su carrera pol\u00edtica<\/p>\n\n\n\n<p>Seg\u00fan los magistrados del alto tribunal constitucional , respaldaron el argumento de Bran, quien aleg\u00f3 que no se hab\u00eda realizado un an\u00e1lisis adecuado de sus medios de defensa, lo que vulneraba su derecho a la defensa.<\/p>\n\n\n\n<p>En consecuencia, se otorg\u00f3 el amparo y se revoc\u00f3 la decisi\u00f3n de la Sala Primera de Apelaciones de retirarle la inmunidad.<\/p>\n\n\n\n<p>La Fiscal\u00eda Contra la Corrupci\u00f3n del Ministerio P\u00fablico MP quer\u00eda investigar a Bran por fraude, concusi\u00f3n y abuso de autoridad, alegando que autoriz\u00f3 el arrendamiento de un inmueble para oficinas municipales por 176 mil quetzales a una persona cercana, interviniendo de manera irregular para favorecer al propietario del edificio.<\/p>\n\n\n\n<p>En todo el proceso el alcalde Bran asegur\u00f3 contar con documentaci\u00f3n que respalda la legalidad del arrendamiento y este caso son\u00f3 pol\u00edtico para perjudicar al jefe edil en su carrera pol\u00edtica.<\/p>\n\n\n\n<p><a href=\"https:\/\/www.facebook.com\/hashtag\/metroredes?__eep__=6&amp;__cft__[0]=AZU1wr7AGaKfPAgsVOgPdGIMsce1-uwjXNp4t3aeIhbSA0prOjM7A8Yki_Y4Nz5SF3vw3EXfRGjEHbjVazgb_xZy-xWESinN4gvQjafbG7RTgf1zM-kMxqkS5SZ0iajG-X5Px_WJOXDciK9XR55aES7zJPk2Pq4XDreY9SUqVg2OyiGA_0zaG7yWFr26zxmHUtc&amp;__tn__=*NK-R\">#Metroredes<\/a><a href=\"https:\/\/www.facebook.com\/hashtag\/netobran?__eep__=6&amp;__cft__[0]=AZU1wr7AGaKfPAgsVOgPdGIMsce1-uwjXNp4t3aeIhbSA0prOjM7A8Yki_Y4Nz5SF3vw3EXfRGjEHbjVazgb_xZy-xWESinN4gvQjafbG7RTgf1zM-kMxqkS5SZ0iajG-X5Px_WJOXDciK9XR55aES7zJPk2Pq4XDreY9SUqVg2OyiGA_0zaG7yWFr26zxmHUtc&amp;__tn__=*NK-R\">#NetoBran<\/a><a href=\"https:\/\/www.facebook.com\/hashtag\/mixco?__eep__=6&amp;__cft__[0]=AZU1wr7AGaKfPAgsVOgPdGIMsce1-uwjXNp4t3aeIhbSA0prOjM7A8Yki_Y4Nz5SF3vw3EXfRGjEHbjVazgb_xZy-xWESinN4gvQjafbG7RTgf1zM-kMxqkS5SZ0iajG-X5Px_WJOXDciK9XR55aES7zJPk2Pq4XDreY9SUqVg2OyiGA_0zaG7yWFr26zxmHUtc&amp;__tn__=*NK-R\">#Mixco<\/a><\/p>\n\n\n\n<p><a href=\"http:\/\/www.elmetropolitano.com.gt\/?fbclid=IwAR3IcorCZ_gDwYX9CBb7Fz57gD7RPqxBmCyG7J6HU3dj3ROX-FiZJGwaw7I\" rel=\"noreferrer noopener\" target=\"_blank\">Www.elmetropolitano.com.gt<\/a><\/p>\n\n\n\n<p><a href=\"http:\/\/www.metroredes.com\/?fbclid=IwAR3qEnAWrXy3RKl4oQ5I_4jo3-5sXExN-ri2sZLKOLc9lb48910VeSHLhUs\" target=\"_blank\" rel=\"noreferrer noopener\">Www.metroredes.com<\/a><\/p>\n\n\n\n<figure class=\"wp-block-gallery has-nested-images columns-default is-cropped wp-block-gallery-1 is-layout-flex wp-block-gallery-is-layout-flex\">\n<figure class=\"wp-block-image size-large\"><img loading=\"lazy\" decoding=\"async\" width=\"1024\" height=\"682\" data-id=\"79858\" src=\"https:\/\/elmetropolitano.com.gt\/es\/wp-content\/uploads\/2024\/03\/430107374_899627685496649_46754759517685163_n-1-1024x682.jpg\" alt=\"\" class=\"wp-image-79858\" srcset=\"https:\/\/elmetropolitano.com.gt\/es\/wp-content\/uploads\/2024\/03\/430107374_899627685496649_46754759517685163_n-1-1024x682.jpg 1024w, https:\/\/elmetropolitano.com.gt\/es\/wp-content\/uploads\/2024\/03\/430107374_899627685496649_46754759517685163_n-1-300x200.jpg 300w, https:\/\/elmetropolitano.com.gt\/es\/wp-content\/uploads\/2024\/03\/430107374_899627685496649_46754759517685163_n-1-768x512.jpg 768w, https:\/\/elmetropolitano.com.gt\/es\/wp-content\/uploads\/2024\/03\/430107374_899627685496649_46754759517685163_n-1.jpg 1286w\" sizes=\"auto, (max-width: 1024px) 100vw, 1024px\" \/><\/figure>\n<\/figure>\n","protected":false},"excerpt":{"rendered":"<p>Los magistrados de la Corte de Constitucionalidad CC otorg\u00f3 un amparo a favor del alcalde de Mixco, Neto Bran, con lo cual revoca la decisi\u00f3n de la Sala Primera de Apelaciones del Ramo penal de retirarle la inmunidad para que fuera investigado por un supuesto arrendamiento an\u00f3malo de oficinas. Los magistrados de la Corte de <a class=\"read-more\" href=\"https:\/\/elmetropolitano.com.gt\/es\/la-cc-le-da-la-razon-a-neto-bran-y-revoca-decision-de-quitarle-la-inmunidad\/\">Leer m\u00e1s<\/a><\/p>\n","protected":false},"author":1,"featured_media":79857,"comment_status":"open","ping_status":"closed","sticky":false,"template":"","format":"standard","meta":{"footnotes":""},"categories":[3],"tags":[10],"class_list":["post-79856","post","type-post","status-publish","format-standard","has-post-thumbnail","hentry","category-locales","tag-locales"],"_links":{"self":[{"href":"https:\/\/elmetropolitano.com.gt\/es\/wp-json\/wp\/v2\/posts\/79856","targetHints":{"allow":["GET"]}}],"collection":[{"href":"https:\/\/elmetropolitano.com.gt\/es\/wp-json\/wp\/v2\/posts"}],"about":[{"href":"https:\/\/elmetropolitano.com.gt\/es\/wp-json\/wp\/v2\/types\/post"}],"author":[{"embeddable":true,"href":"https:\/\/elmetropolitano.com.gt\/es\/wp-json\/wp\/v2\/users\/1"}],"replies":[{"embeddable":true,"href":"https:\/\/elmetropolitano.com.gt\/es\/wp-json\/wp\/v2\/comments?post=79856"}],"version-history":[{"count":1,"href":"https:\/\/elmetropolitano.com.gt\/es\/wp-json\/wp\/v2\/posts\/79856\/revisions"}],"predecessor-version":[{"id":79859,"href":"https:\/\/elmetropolitano.com.gt\/es\/wp-json\/wp\/v2\/posts\/79856\/revisions\/79859"}],"wp:featuredmedia":[{"embeddable":true,"href":"https:\/\/elmetropolitano.com.gt\/es\/wp-json\/wp\/v2\/media\/79857"}],"wp:attachment":[{"href":"https:\/\/elmetropolitano.com.gt\/es\/wp-json\/wp\/v2\/media?parent=79856"}],"wp:term":[{"taxonomy":"category","embeddable":true,"href":"https:\/\/elmetropolitano.com.gt\/es\/wp-json\/wp\/v2\/categories?post=79856"},{"taxonomy":"post_tag","embeddable":true,"href":"https:\/\/elmetropolitano.com.gt\/es\/wp-json\/wp\/v2\/tags?post=79856"}],"curies":[{"name":"wp","href":"https:\/\/api.w.org\/{rel}","templated":true}]}}