{"id":79963,"date":"2024-03-15T09:37:23","date_gmt":"2024-03-15T15:37:23","guid":{"rendered":"https:\/\/elmetropolitano.com.gt\/es\/?p=79963"},"modified":"2024-03-15T09:37:25","modified_gmt":"2024-03-15T15:37:25","slug":"alcalde-najera-pide-apoyo-al-ejercito-para-el-dragado-de-rio-acome","status":"publish","type":"post","link":"https:\/\/elmetropolitano.com.gt\/es\/alcalde-najera-pide-apoyo-al-ejercito-para-el-dragado-de-rio-acome\/","title":{"rendered":"Alcalde N\u00e1jera pide apoyo al Ej\u00e9rcito para el dragado de R\u00edo Acom\u00e9"},"content":{"rendered":"\n<p>El alcalde de Sipqcate Walter N\u00e1jera se reuni\u00f3 con el Ministro de Defensa General de Brigada Henry David Saenz Ramos, donde le pidi\u00f3 apoyo para el tratado del R\u00edo Acom\u00e9.<\/p>\n\n\n\n<p>El Ministro de Defensa, atendi\u00f3 amablemente la solicitud del alcalde N\u00e1jera y se comprometi\u00f3 a evaluar la posibilidad de coordinar la maquinaria y a la vez realizar un convenio interinstitucional entre el Cuerpo de Ingenieros del Ejercito y la <a><\/a>Municipalidad de Sipacate.<\/p><div class=\"elmet-contenido\" id=\"elmet-355944005\"><div class=\"elmet-adlabel\">Anuncios<\/div><div style=\"margin-top: 20px;margin-right: 20px;margin-bottom: 20px;margin-left: 20px;\" id=\"elmet-2284649567\"><a href=\"https:\/\/www.facebook.com\/arrincuanantigua\/\" aria-label=\"cintillo-arrin-cual\"><img loading=\"lazy\" decoding=\"async\" src=\"https:\/\/elmetropolitano.com.gt\/es\/wp-content\/uploads\/2021\/11\/cintillo-arrin-cual-1.jpg\" alt=\"\"  srcset=\"https:\/\/elmetropolitano.com.gt\/es\/wp-content\/uploads\/2021\/11\/cintillo-arrin-cual-1.jpg 750w, https:\/\/elmetropolitano.com.gt\/es\/wp-content\/uploads\/2021\/11\/cintillo-arrin-cual-1-300x36.jpg 300w, https:\/\/elmetropolitano.com.gt\/es\/wp-content\/uploads\/2021\/11\/cintillo-arrin-cual-1-600x72.jpg 600w\" sizes=\"(max-width: 750px) 100vw, 750px\" width=\"750\" height=\"90\"   \/><\/a><\/div><\/div>\n\n\n\n<p>\u201cEsta es una muestra m\u00e1s de que, como municipio, seguimos trabajando incansablemente y gestionando recursos que beneficien a todos nuestros habitantes\u201d se indic\u00f3 de parte del jefe edil Ealter N\u00e1jera<\/p>\n\n\n\n<p><a href=\"https:\/\/www.facebook.com\/hashtag\/munidesipqcate?__eep__=6&amp;__cft__[0]=AZXEwK9ZVYTgsADHAzr5Z8CkLg5mH_V96VEKSjsODc2UbPTf1CKrZAgrARLg0t8_z3xeuEDOfqMCagT4zdO9J-s60tu7vQfl0ITO2gbTLoT06SqIDuIF1SLuP7hU8d3ndnVEdUrZL-dSltzVDlXCvJsVfnaqU1xt1nivj5KunxFQSQhGPFt09nIcwXsUrMJmzbk&amp;__tn__=*NK-R\">#MunideSipqcate<\/a><a href=\"https:\/\/www.facebook.com\/hashtag\/dragadoderio?__eep__=6&amp;__cft__[0]=AZXEwK9ZVYTgsADHAzr5Z8CkLg5mH_V96VEKSjsODc2UbPTf1CKrZAgrARLg0t8_z3xeuEDOfqMCagT4zdO9J-s60tu7vQfl0ITO2gbTLoT06SqIDuIF1SLuP7hU8d3ndnVEdUrZL-dSltzVDlXCvJsVfnaqU1xt1nivj5KunxFQSQhGPFt09nIcwXsUrMJmzbk&amp;__tn__=*NK-R\">#dragadoderio<\/a><\/p>\n","protected":false},"excerpt":{"rendered":"<p>El alcalde de Sipqcate Walter N\u00e1jera se reuni\u00f3 con el Ministro de Defensa General de Brigada Henry David Saenz Ramos, donde le pidi\u00f3 apoyo para el tratado del R\u00edo Acom\u00e9. El Ministro de Defensa, atendi\u00f3 amablemente la solicitud del alcalde N\u00e1jera y se comprometi\u00f3 a evaluar la posibilidad de coordinar la maquinaria y a la <a class=\"read-more\" href=\"https:\/\/elmetropolitano.com.gt\/es\/alcalde-najera-pide-apoyo-al-ejercito-para-el-dragado-de-rio-acome\/\">Leer m\u00e1s<\/a><\/p>\n","protected":false},"author":1,"featured_media":79964,"comment_status":"open","ping_status":"closed","sticky":false,"template":"","format":"standard","meta":{"footnotes":""},"categories":[4],"tags":[13],"class_list":["post-79963","post","type-post","status-publish","format-standard","has-post-thumbnail","hentry","category-departamentales","tag-departamentales"],"_links":{"self":[{"href":"https:\/\/elmetropolitano.com.gt\/es\/wp-json\/wp\/v2\/posts\/79963","targetHints":{"allow":["GET"]}}],"collection":[{"href":"https:\/\/elmetropolitano.com.gt\/es\/wp-json\/wp\/v2\/posts"}],"about":[{"href":"https:\/\/elmetropolitano.com.gt\/es\/wp-json\/wp\/v2\/types\/post"}],"author":[{"embeddable":true,"href":"https:\/\/elmetropolitano.com.gt\/es\/wp-json\/wp\/v2\/users\/1"}],"replies":[{"embeddable":true,"href":"https:\/\/elmetropolitano.com.gt\/es\/wp-json\/wp\/v2\/comments?post=79963"}],"version-history":[{"count":1,"href":"https:\/\/elmetropolitano.com.gt\/es\/wp-json\/wp\/v2\/posts\/79963\/revisions"}],"predecessor-version":[{"id":79965,"href":"https:\/\/elmetropolitano.com.gt\/es\/wp-json\/wp\/v2\/posts\/79963\/revisions\/79965"}],"wp:featuredmedia":[{"embeddable":true,"href":"https:\/\/elmetropolitano.com.gt\/es\/wp-json\/wp\/v2\/media\/79964"}],"wp:attachment":[{"href":"https:\/\/elmetropolitano.com.gt\/es\/wp-json\/wp\/v2\/media?parent=79963"}],"wp:term":[{"taxonomy":"category","embeddable":true,"href":"https:\/\/elmetropolitano.com.gt\/es\/wp-json\/wp\/v2\/categories?post=79963"},{"taxonomy":"post_tag","embeddable":true,"href":"https:\/\/elmetropolitano.com.gt\/es\/wp-json\/wp\/v2\/tags?post=79963"}],"curies":[{"name":"wp","href":"https:\/\/api.w.org\/{rel}","templated":true}]}}