{"id":79985,"date":"2024-03-15T12:03:24","date_gmt":"2024-03-15T18:03:24","guid":{"rendered":"https:\/\/elmetropolitano.com.gt\/es\/?p=79985"},"modified":"2024-03-15T12:03:25","modified_gmt":"2024-03-15T18:03:25","slug":"santa-cruz-quiche-se-levanta-el-pueblo-en-apoyo-al-alcalde-para-que-baje-el-pasaje-urbano","status":"publish","type":"post","link":"https:\/\/elmetropolitano.com.gt\/es\/santa-cruz-quiche-se-levanta-el-pueblo-en-apoyo-al-alcalde-para-que-baje-el-pasaje-urbano\/","title":{"rendered":"Santa Cruz Quiche: Se levanta el pueblo en apoyo al alcalde para que baje el pasaje urbano"},"content":{"rendered":"\n<p>L\u00edderes comunitarios y presidentes de COCODES de Santa Cruz del Quich\u00e9 se presentan a la municipalidad de ese municipio para mostrar su apoyo total al actual alcalde Nery Ram\u00edrez.<\/p>\n\n\n\n<p>Los <a><\/a>l\u00edderes comunitarios expusieron que no van a permitir que los transportistas liderados por el se\u00f1or Delfino Natareno sigan aprovech\u00e1ndose de la necesidad de las personas con los montos exagerados en el cobro de pasaje, ya que esto solamente afecta a la poblaci\u00f3n m\u00e1s necesitada.<\/p><div class=\"elmet-contenido\" id=\"elmet-17211248\"><div class=\"elmet-adlabel\">Anuncios<\/div><div style=\"margin-top: 20px;margin-right: 20px;margin-bottom: 20px;margin-left: 20px;\" id=\"elmet-1477554523\"><a href=\"https:\/\/www.facebook.com\/arrincuanantigua\/\" aria-label=\"cintillo-arrin-cual\"><img loading=\"lazy\" decoding=\"async\" src=\"https:\/\/elmetropolitano.com.gt\/es\/wp-content\/uploads\/2021\/11\/cintillo-arrin-cual-1.jpg\" alt=\"\"  srcset=\"https:\/\/elmetropolitano.com.gt\/es\/wp-content\/uploads\/2021\/11\/cintillo-arrin-cual-1.jpg 750w, https:\/\/elmetropolitano.com.gt\/es\/wp-content\/uploads\/2021\/11\/cintillo-arrin-cual-1-300x36.jpg 300w, https:\/\/elmetropolitano.com.gt\/es\/wp-content\/uploads\/2021\/11\/cintillo-arrin-cual-1-600x72.jpg 600w\" sizes=\"(max-width: 750px) 100vw, 750px\" width=\"750\" height=\"90\"   \/><\/a><\/div><\/div>\n\n\n\n<p>Expresan los l\u00edderes que desde pandemia se increment\u00f3 el pasaje y luego de eso se aprovecharon de la situaci\u00f3n y no han moderado los precios.<\/p>\n\n\n\n<p>En uno de los puntos mencionados los l\u00edderes expusieron que hoy \u00fanicamente se present\u00f3 una minor\u00eda, que no es ni el m\u00e1s m\u00ednimo porcentaje de la poblaci\u00f3n que se puede levantar contra los transportistas si ellos contin\u00faan con esta situaci\u00f3n tensa y de desorden.<\/p>\n\n\n\n<p>Consecuencia<\/p>\n\n\n\n<p>Esto surge luego de que el presidente de los transportistas de Quich\u00e9 el se\u00f1or Delfino Natareno en una conferencia en vivo incitara p\u00fablicamente a la violencia, amenazando p\u00fablicamente al alcalde Nery Ramirez de Santa Cruz del Quich\u00e9.<\/p>\n\n\n\n<p><a href=\"https:\/\/www.facebook.com\/hashtag\/quiche?__eep__=6&amp;__cft__[0]=AZWFx37fmhy-fhV_9gwv3ni0DWThI16Y43WLbBQZc6pCKY2RIRsCWJFxnoMsvwiGro4xqipsp8oirwhsjUdHQF9gGWNSmTjVqZxTwfPj8xDqAv3fE8LwceJmODaOc9il-v8dU4Us5WtQNeICCtY-SKBlJcGy50e5iMUYm1H85rgrXPihudJZf97gYuaSS75D2Dw&amp;__tn__=*NK-R\">#Quiche<\/a><a href=\"https:\/\/www.facebook.com\/hashtag\/alzaalpasaje?__eep__=6&amp;__cft__[0]=AZWFx37fmhy-fhV_9gwv3ni0DWThI16Y43WLbBQZc6pCKY2RIRsCWJFxnoMsvwiGro4xqipsp8oirwhsjUdHQF9gGWNSmTjVqZxTwfPj8xDqAv3fE8LwceJmODaOc9il-v8dU4Us5WtQNeICCtY-SKBlJcGy50e5iMUYm1H85rgrXPihudJZf97gYuaSS75D2Dw&amp;__tn__=*NK-R\">#AlzaalPasaje<\/a><a href=\"https:\/\/www.facebook.com\/hashtag\/crisissantacruzquiche?__eep__=6&amp;__cft__[0]=AZWFx37fmhy-fhV_9gwv3ni0DWThI16Y43WLbBQZc6pCKY2RIRsCWJFxnoMsvwiGro4xqipsp8oirwhsjUdHQF9gGWNSmTjVqZxTwfPj8xDqAv3fE8LwceJmODaOc9il-v8dU4Us5WtQNeICCtY-SKBlJcGy50e5iMUYm1H85rgrXPihudJZf97gYuaSS75D2Dw&amp;__tn__=*NK-R\">#CrisisSantaCruzQuiche<\/a><\/p>\n\n\n\n<figure class=\"wp-block-gallery has-nested-images columns-default is-cropped wp-block-gallery-1 is-layout-flex wp-block-gallery-is-layout-flex\">\n<figure class=\"wp-block-image size-large\"><img loading=\"lazy\" decoding=\"async\" width=\"1024\" height=\"768\" data-id=\"79987\" src=\"https:\/\/elmetropolitano.com.gt\/es\/wp-content\/uploads\/2024\/03\/430848029_900707028722048_2965258307518706508_n-1024x768.jpg\" alt=\"\" class=\"wp-image-79987\" srcset=\"https:\/\/elmetropolitano.com.gt\/es\/wp-content\/uploads\/2024\/03\/430848029_900707028722048_2965258307518706508_n-1024x768.jpg 1024w, https:\/\/elmetropolitano.com.gt\/es\/wp-content\/uploads\/2024\/03\/430848029_900707028722048_2965258307518706508_n-300x225.jpg 300w, https:\/\/elmetropolitano.com.gt\/es\/wp-content\/uploads\/2024\/03\/430848029_900707028722048_2965258307518706508_n-768x576.jpg 768w, https:\/\/elmetropolitano.com.gt\/es\/wp-content\/uploads\/2024\/03\/430848029_900707028722048_2965258307518706508_n-1536x1152.jpg 1536w, https:\/\/elmetropolitano.com.gt\/es\/wp-content\/uploads\/2024\/03\/430848029_900707028722048_2965258307518706508_n.jpg 1600w\" sizes=\"auto, (max-width: 1024px) 100vw, 1024px\" \/><\/figure>\n\n\n\n<figure class=\"wp-block-image size-large\"><img loading=\"lazy\" decoding=\"async\" width=\"1024\" height=\"576\" data-id=\"79988\" src=\"https:\/\/elmetropolitano.com.gt\/es\/wp-content\/uploads\/2024\/03\/430854381_900707048722046_6546140538751235617_n-1024x576.jpg\" alt=\"\" class=\"wp-image-79988\" srcset=\"https:\/\/elmetropolitano.com.gt\/es\/wp-content\/uploads\/2024\/03\/430854381_900707048722046_6546140538751235617_n-1024x576.jpg 1024w, https:\/\/elmetropolitano.com.gt\/es\/wp-content\/uploads\/2024\/03\/430854381_900707048722046_6546140538751235617_n-300x169.jpg 300w, https:\/\/elmetropolitano.com.gt\/es\/wp-content\/uploads\/2024\/03\/430854381_900707048722046_6546140538751235617_n-768x432.jpg 768w, https:\/\/elmetropolitano.com.gt\/es\/wp-content\/uploads\/2024\/03\/430854381_900707048722046_6546140538751235617_n-1536x864.jpg 1536w, https:\/\/elmetropolitano.com.gt\/es\/wp-content\/uploads\/2024\/03\/430854381_900707048722046_6546140538751235617_n.jpg 1600w\" sizes=\"auto, (max-width: 1024px) 100vw, 1024px\" \/><\/figure>\n\n\n\n<figure class=\"wp-block-image size-large\"><img loading=\"lazy\" decoding=\"async\" width=\"1024\" height=\"768\" data-id=\"79989\" src=\"https:\/\/elmetropolitano.com.gt\/es\/wp-content\/uploads\/2024\/03\/432892692_900707035388714_8223207697402154898_n-1024x768.jpg\" alt=\"\" class=\"wp-image-79989\" srcset=\"https:\/\/elmetropolitano.com.gt\/es\/wp-content\/uploads\/2024\/03\/432892692_900707035388714_8223207697402154898_n-1024x768.jpg 1024w, https:\/\/elmetropolitano.com.gt\/es\/wp-content\/uploads\/2024\/03\/432892692_900707035388714_8223207697402154898_n-300x225.jpg 300w, https:\/\/elmetropolitano.com.gt\/es\/wp-content\/uploads\/2024\/03\/432892692_900707035388714_8223207697402154898_n-768x576.jpg 768w, https:\/\/elmetropolitano.com.gt\/es\/wp-content\/uploads\/2024\/03\/432892692_900707035388714_8223207697402154898_n-1536x1152.jpg 1536w, https:\/\/elmetropolitano.com.gt\/es\/wp-content\/uploads\/2024\/03\/432892692_900707035388714_8223207697402154898_n.jpg 1600w\" sizes=\"auto, (max-width: 1024px) 100vw, 1024px\" \/><\/figure>\n<\/figure>\n","protected":false},"excerpt":{"rendered":"<p>L\u00edderes comunitarios y presidentes de COCODES de Santa Cruz del Quich\u00e9 se presentan a la municipalidad de ese municipio para mostrar su apoyo total al actual alcalde Nery Ram\u00edrez. Los l\u00edderes comunitarios expusieron que no van a permitir que los transportistas liderados por el se\u00f1or Delfino Natareno sigan aprovech\u00e1ndose de la necesidad de las personas <a class=\"read-more\" href=\"https:\/\/elmetropolitano.com.gt\/es\/santa-cruz-quiche-se-levanta-el-pueblo-en-apoyo-al-alcalde-para-que-baje-el-pasaje-urbano\/\">Leer m\u00e1s<\/a><\/p>\n","protected":false},"author":1,"featured_media":79986,"comment_status":"open","ping_status":"closed","sticky":false,"template":"","format":"standard","meta":{"footnotes":""},"categories":[4],"tags":[13],"class_list":["post-79985","post","type-post","status-publish","format-standard","has-post-thumbnail","hentry","category-departamentales","tag-departamentales"],"_links":{"self":[{"href":"https:\/\/elmetropolitano.com.gt\/es\/wp-json\/wp\/v2\/posts\/79985","targetHints":{"allow":["GET"]}}],"collection":[{"href":"https:\/\/elmetropolitano.com.gt\/es\/wp-json\/wp\/v2\/posts"}],"about":[{"href":"https:\/\/elmetropolitano.com.gt\/es\/wp-json\/wp\/v2\/types\/post"}],"author":[{"embeddable":true,"href":"https:\/\/elmetropolitano.com.gt\/es\/wp-json\/wp\/v2\/users\/1"}],"replies":[{"embeddable":true,"href":"https:\/\/elmetropolitano.com.gt\/es\/wp-json\/wp\/v2\/comments?post=79985"}],"version-history":[{"count":1,"href":"https:\/\/elmetropolitano.com.gt\/es\/wp-json\/wp\/v2\/posts\/79985\/revisions"}],"predecessor-version":[{"id":79990,"href":"https:\/\/elmetropolitano.com.gt\/es\/wp-json\/wp\/v2\/posts\/79985\/revisions\/79990"}],"wp:featuredmedia":[{"embeddable":true,"href":"https:\/\/elmetropolitano.com.gt\/es\/wp-json\/wp\/v2\/media\/79986"}],"wp:attachment":[{"href":"https:\/\/elmetropolitano.com.gt\/es\/wp-json\/wp\/v2\/media?parent=79985"}],"wp:term":[{"taxonomy":"category","embeddable":true,"href":"https:\/\/elmetropolitano.com.gt\/es\/wp-json\/wp\/v2\/categories?post=79985"},{"taxonomy":"post_tag","embeddable":true,"href":"https:\/\/elmetropolitano.com.gt\/es\/wp-json\/wp\/v2\/tags?post=79985"}],"curies":[{"name":"wp","href":"https:\/\/api.w.org\/{rel}","templated":true}]}}