{"id":80022,"date":"2024-03-16T08:51:48","date_gmt":"2024-03-16T14:51:48","guid":{"rendered":"https:\/\/elmetropolitano.com.gt\/es\/?p=80022"},"modified":"2024-03-16T08:51:50","modified_gmt":"2024-03-16T14:51:50","slug":"pnc-se-fortalece-con-la-graduacion-de-2431-nuevos-agentes","status":"publish","type":"post","link":"https:\/\/elmetropolitano.com.gt\/es\/pnc-se-fortalece-con-la-graduacion-de-2431-nuevos-agentes\/","title":{"rendered":"PNC se fortalece con la graduaci\u00f3n de 2,431 nuevos agentes"},"content":{"rendered":"\n<p>Un grupo de 2 mil 431 agentes de la Polic\u00eda Nacional Civil (PNC) se graduaron este viernes 15 de marzo, como parte de la 55 promoci\u00f3n, en un acto realizado en las instalaciones de la Academia ubicada en la zona 6.<\/p>\n\n\n\n<p>En <a><\/a>esta promoci\u00f3n se graduaron 488 mujeres (que representan un 20.01 %) y mil 943 hombres (un 79.9 %), que durante 10 meses recibieron la formaci\u00f3n respectiva y cursos de manejo de motocicleta, que les servir\u00e1 para poner en pr\u00e1ctica en el desempe\u00f1o de sus labores policiales.<\/p><div class=\"elmet-contenido\" id=\"elmet-3281538655\"><div class=\"elmet-adlabel\">Anuncios<\/div><div style=\"margin-top: 20px;margin-right: 20px;margin-bottom: 20px;margin-left: 20px;\" id=\"elmet-2454011216\"><a href=\"https:\/\/www.facebook.com\/arrincuanantigua\/\" aria-label=\"cintillo-arrin-cual\"><img loading=\"lazy\" decoding=\"async\" src=\"https:\/\/elmetropolitano.com.gt\/es\/wp-content\/uploads\/2021\/11\/cintillo-arrin-cual-1.jpg\" alt=\"\"  srcset=\"https:\/\/elmetropolitano.com.gt\/es\/wp-content\/uploads\/2021\/11\/cintillo-arrin-cual-1.jpg 750w, https:\/\/elmetropolitano.com.gt\/es\/wp-content\/uploads\/2021\/11\/cintillo-arrin-cual-1-300x36.jpg 300w, https:\/\/elmetropolitano.com.gt\/es\/wp-content\/uploads\/2021\/11\/cintillo-arrin-cual-1-600x72.jpg 600w\" sizes=\"(max-width: 750px) 100vw, 750px\" width=\"750\" height=\"90\"   \/><\/a><\/div><\/div>\n\n\n\n<p>Los nuevos agentes se formaron en los centros policiales de la zona 6 capitalina, Huehuetenango y Cuilapa, Santa Rosa e iniciaron el cuerpo en la administraci\u00f3n de Alejandro Giammattei<\/p>\n\n\n\n<p>Buscar\u00e1n fortalecer a la PNC<\/p>\n\n\n\n<p>Francisco Jim\u00e9nez, ministro de Gobernaci\u00f3n, dijo que este primer contingente de nuevos agentes del a\u00f1o les permitir\u00e1 retomar el tema de la dignificaci\u00f3n policial, situaci\u00f3n que ya se est\u00e1 trabajando por parte de los altos mandos policiales.<\/p>\n\n\n\n<p>Adem\u00e1s, se le dar\u00e1 mayor \u00e9nfasis al enfoque por m\u00e9rito, que es algo que ya se estaba perdiendo en la instituci\u00f3n e ir\u00e1n destacando a quienes tengan mayor inter\u00e9s durante su trabajo. Esto como parte del proceso de fortalecimiento y profesionalizaci\u00f3n de la PNC.<\/p>\n\n\n\n<p>Asimismo, asegur\u00f3 que, aunque los nuevos agentes ya tuvieron su formaci\u00f3n b\u00e1sica, se continuar\u00e1 con la capacitaci\u00f3n y especializaci\u00f3n para fortalecer las diferentes unidades de la instituci\u00f3n.<\/p>\n\n\n\n<p>Luego, se rindi\u00f3 un homenaje y colocaci\u00f3n de ofrendas florales en honor a todos los agentes h\u00e9roes ca\u00eddos en servicio.<\/p>\n\n\n\n<p>Tras realizar el saludo a los nuevos agentes, el ministro Jim\u00e9nez hizo un recorrido donde se encontraban familiares de los graduandos, a los que agradeci\u00f3 por el apoyo y permitir que sus hijos est\u00e9n al servicio de la PNC y al resguardo de la seguridad del pa\u00eds.<\/p>\n\n\n\n<p>David Boteo, director general de la PNC, exhort\u00f3 a los graduados a cumplir con garantizar la seguridad en beneficio de la ciudadan\u00eda.<\/p>\n\n\n\n<p>Bajo porcentaje de mujeres<\/p>\n\n\n\n<p>Autoridades reconocieron que el porcentaje de mujeres todav\u00eda es muy bajo. Sin embargo, apuntaron a su contribuci\u00f3n para la seguridad. Especialmente porque son un ejemplo para que m\u00e1s mujeres puedan atender las convocatorias e integrar las filas de la PNC.<\/p>\n\n\n\n<p>A solicitud del presidente Bernardo Ar\u00e9valo, se har\u00e1 una campa\u00f1a para que m\u00e1s mujeres acudan a la pr\u00f3xima convocatoria.<\/p>\n\n\n\n<p>Es importante que m\u00e1s mujeres se incorporen a la PNC.<\/p>\n\n\n\n<p>Para finalizar, el ministro Jim\u00e9nez se\u00f1al\u00f3 \u201cEs un tema de personas y las mujeres han demostrado que pueden tener un liderazgo importante y vamos a promoverlo\u201d<\/p>\n\n\n\n<p><a href=\"https:\/\/www.facebook.com\/hashtag\/metroredes?__eep__=6&amp;__cft__[0]=AZXYxKDKC4JEUqvTtGask_flvTcGa4x6hhozcwX8NpKWsX7JwTa0FN34uiOjJb87ClsP2Y3P2CMuexdNZpZJqZN6sDeDVfHYvnfspvjg_TFl57MaKXkiD1Tci4uSjgSokdZnj4VPl5iWwPoBQJa0fBJtge_XLEUfgTdv3p74fm0NPxP7Yer4E5fe2btLJOC4fH8&amp;__tn__=*NK-R\">#metroredes<\/a><a href=\"https:\/\/www.facebook.com\/hashtag\/pncdeguatemala?__eep__=6&amp;__cft__[0]=AZXYxKDKC4JEUqvTtGask_flvTcGa4x6hhozcwX8NpKWsX7JwTa0FN34uiOjJb87ClsP2Y3P2CMuexdNZpZJqZN6sDeDVfHYvnfspvjg_TFl57MaKXkiD1Tci4uSjgSokdZnj4VPl5iWwPoBQJa0fBJtge_XLEUfgTdv3p74fm0NPxP7Yer4E5fe2btLJOC4fH8&amp;__tn__=*NK-R\">#PNCdeGuatemala<\/a><\/p>\n\n\n\n<figure class=\"wp-block-gallery has-nested-images columns-default is-cropped wp-block-gallery-1 is-layout-flex wp-block-gallery-is-layout-flex\">\n<figure class=\"wp-block-image size-large\"><img loading=\"lazy\" decoding=\"async\" width=\"1024\" height=\"512\" data-id=\"80026\" src=\"https:\/\/elmetropolitano.com.gt\/es\/wp-content\/uploads\/2024\/03\/432779561_901173442008740_747377064127900550_n-1024x512.jpg\" alt=\"\" class=\"wp-image-80026\" srcset=\"https:\/\/elmetropolitano.com.gt\/es\/wp-content\/uploads\/2024\/03\/432779561_901173442008740_747377064127900550_n-1024x512.jpg 1024w, https:\/\/elmetropolitano.com.gt\/es\/wp-content\/uploads\/2024\/03\/432779561_901173442008740_747377064127900550_n-300x150.jpg 300w, https:\/\/elmetropolitano.com.gt\/es\/wp-content\/uploads\/2024\/03\/432779561_901173442008740_747377064127900550_n-768x384.jpg 768w, https:\/\/elmetropolitano.com.gt\/es\/wp-content\/uploads\/2024\/03\/432779561_901173442008740_747377064127900550_n.jpg 1140w\" sizes=\"auto, (max-width: 1024px) 100vw, 1024px\" \/><\/figure>\n\n\n\n<figure class=\"wp-block-image size-large\"><img loading=\"lazy\" decoding=\"async\" width=\"680\" height=\"453\" data-id=\"80027\" src=\"https:\/\/elmetropolitano.com.gt\/es\/wp-content\/uploads\/2024\/03\/432925253_901172278675523_6185094275046361225_n.jpg\" alt=\"\" class=\"wp-image-80027\" srcset=\"https:\/\/elmetropolitano.com.gt\/es\/wp-content\/uploads\/2024\/03\/432925253_901172278675523_6185094275046361225_n.jpg 680w, https:\/\/elmetropolitano.com.gt\/es\/wp-content\/uploads\/2024\/03\/432925253_901172278675523_6185094275046361225_n-300x200.jpg 300w\" sizes=\"auto, (max-width: 680px) 100vw, 680px\" \/><\/figure>\n\n\n\n<figure class=\"wp-block-image size-large\"><img loading=\"lazy\" decoding=\"async\" width=\"360\" height=\"240\" data-id=\"80025\" src=\"https:\/\/elmetropolitano.com.gt\/es\/wp-content\/uploads\/2024\/03\/432936329_901172335342184_4576801341673342748_n.jpg\" alt=\"\" class=\"wp-image-80025\" srcset=\"https:\/\/elmetropolitano.com.gt\/es\/wp-content\/uploads\/2024\/03\/432936329_901172335342184_4576801341673342748_n.jpg 360w, https:\/\/elmetropolitano.com.gt\/es\/wp-content\/uploads\/2024\/03\/432936329_901172335342184_4576801341673342748_n-300x200.jpg 300w\" sizes=\"auto, (max-width: 360px) 100vw, 360px\" \/><\/figure>\n\n\n\n<figure class=\"wp-block-image size-large\"><img loading=\"lazy\" decoding=\"async\" width=\"360\" height=\"240\" data-id=\"80024\" src=\"https:\/\/elmetropolitano.com.gt\/es\/wp-content\/uploads\/2024\/03\/433134495_901172425342175_6460321993252069560_n.jpg\" alt=\"\" class=\"wp-image-80024\" srcset=\"https:\/\/elmetropolitano.com.gt\/es\/wp-content\/uploads\/2024\/03\/433134495_901172425342175_6460321993252069560_n.jpg 360w, https:\/\/elmetropolitano.com.gt\/es\/wp-content\/uploads\/2024\/03\/433134495_901172425342175_6460321993252069560_n-300x200.jpg 300w\" sizes=\"auto, (max-width: 360px) 100vw, 360px\" \/><\/figure>\n\n\n\n<figure class=\"wp-block-image size-large\"><img loading=\"lazy\" decoding=\"async\" width=\"1024\" height=\"684\" data-id=\"80028\" src=\"https:\/\/elmetropolitano.com.gt\/es\/wp-content\/uploads\/2024\/03\/433422954_901173508675400_8287821228306106249_n-1024x684.jpg\" alt=\"\" class=\"wp-image-80028\" srcset=\"https:\/\/elmetropolitano.com.gt\/es\/wp-content\/uploads\/2024\/03\/433422954_901173508675400_8287821228306106249_n-1024x684.jpg 1024w, https:\/\/elmetropolitano.com.gt\/es\/wp-content\/uploads\/2024\/03\/433422954_901173508675400_8287821228306106249_n-300x200.jpg 300w, https:\/\/elmetropolitano.com.gt\/es\/wp-content\/uploads\/2024\/03\/433422954_901173508675400_8287821228306106249_n-768x513.jpg 768w, https:\/\/elmetropolitano.com.gt\/es\/wp-content\/uploads\/2024\/03\/433422954_901173508675400_8287821228306106249_n-1536x1026.jpg 1536w, https:\/\/elmetropolitano.com.gt\/es\/wp-content\/uploads\/2024\/03\/433422954_901173508675400_8287821228306106249_n.jpg 1600w\" sizes=\"auto, (max-width: 1024px) 100vw, 1024px\" \/><\/figure>\n<\/figure>\n","protected":false},"excerpt":{"rendered":"<p>Un grupo de 2 mil 431 agentes de la Polic\u00eda Nacional Civil (PNC) se graduaron este viernes 15 de marzo, como parte de la 55 promoci\u00f3n, en un acto realizado en las instalaciones de la Academia ubicada en la zona 6. En esta promoci\u00f3n se graduaron 488 mujeres (que representan un 20.01 %) y mil <a class=\"read-more\" href=\"https:\/\/elmetropolitano.com.gt\/es\/pnc-se-fortalece-con-la-graduacion-de-2431-nuevos-agentes\/\">Leer m\u00e1s<\/a><\/p>\n","protected":false},"author":1,"featured_media":80023,"comment_status":"open","ping_status":"closed","sticky":false,"template":"","format":"standard","meta":{"footnotes":""},"categories":[2],"tags":[12],"class_list":["post-80022","post","type-post","status-publish","format-standard","has-post-thumbnail","hentry","category-nacionales","tag-nacionales"],"_links":{"self":[{"href":"https:\/\/elmetropolitano.com.gt\/es\/wp-json\/wp\/v2\/posts\/80022","targetHints":{"allow":["GET"]}}],"collection":[{"href":"https:\/\/elmetropolitano.com.gt\/es\/wp-json\/wp\/v2\/posts"}],"about":[{"href":"https:\/\/elmetropolitano.com.gt\/es\/wp-json\/wp\/v2\/types\/post"}],"author":[{"embeddable":true,"href":"https:\/\/elmetropolitano.com.gt\/es\/wp-json\/wp\/v2\/users\/1"}],"replies":[{"embeddable":true,"href":"https:\/\/elmetropolitano.com.gt\/es\/wp-json\/wp\/v2\/comments?post=80022"}],"version-history":[{"count":1,"href":"https:\/\/elmetropolitano.com.gt\/es\/wp-json\/wp\/v2\/posts\/80022\/revisions"}],"predecessor-version":[{"id":80029,"href":"https:\/\/elmetropolitano.com.gt\/es\/wp-json\/wp\/v2\/posts\/80022\/revisions\/80029"}],"wp:featuredmedia":[{"embeddable":true,"href":"https:\/\/elmetropolitano.com.gt\/es\/wp-json\/wp\/v2\/media\/80023"}],"wp:attachment":[{"href":"https:\/\/elmetropolitano.com.gt\/es\/wp-json\/wp\/v2\/media?parent=80022"}],"wp:term":[{"taxonomy":"category","embeddable":true,"href":"https:\/\/elmetropolitano.com.gt\/es\/wp-json\/wp\/v2\/categories?post=80022"},{"taxonomy":"post_tag","embeddable":true,"href":"https:\/\/elmetropolitano.com.gt\/es\/wp-json\/wp\/v2\/tags?post=80022"}],"curies":[{"name":"wp","href":"https:\/\/api.w.org\/{rel}","templated":true}]}}