{"id":80041,"date":"2024-03-16T19:22:17","date_gmt":"2024-03-17T01:22:17","guid":{"rendered":"https:\/\/elmetropolitano.com.gt\/es\/?p=80041"},"modified":"2024-03-16T19:28:17","modified_gmt":"2024-03-17T01:28:17","slug":"siete-soldados-guatemaltecos-resultaron-heridos-en-un-ataque-en-la-republica-democratica-del-congo","status":"publish","type":"post","link":"https:\/\/elmetropolitano.com.gt\/es\/siete-soldados-guatemaltecos-resultaron-heridos-en-un-ataque-en-la-republica-democratica-del-congo\/","title":{"rendered":"Siete soldados guatemaltecos resultaron heridos en un ataque en la Rep\u00fablica Democr\u00e1tica del Congo"},"content":{"rendered":"\n<p>Siete guatemaltecos cascos azules de la misi\u00f3n de las Naciones Unidas en la Rep\u00fablica Democr\u00e1tica del Congo (Monusco) resultaron heridos por un ataque que se le atribuye al Movimiento 23 de marzo (M23), seg\u00fan el Ej\u00e9rcito congole\u00f1o.<\/p>\n\n\n\n<p>Seg\u00fan explica el Ej\u00e9rcito de Guatemala, son seis soldados y un oficial. Agencias internacionales reportan que tambi\u00e9n hay un soldado indio entre los <a><\/a>heridos.<\/p><div class=\"elmet-contenido\" id=\"elmet-2211310095\"><div class=\"elmet-adlabel\">Anuncios<\/div><div style=\"margin-top: 20px;margin-right: 20px;margin-bottom: 20px;margin-left: 20px;\" id=\"elmet-1933226365\"><a href=\"https:\/\/www.facebook.com\/arrincuanantigua\/\" aria-label=\"cintillo-arrin-cual\"><img loading=\"lazy\" decoding=\"async\" src=\"https:\/\/elmetropolitano.com.gt\/es\/wp-content\/uploads\/2021\/11\/cintillo-arrin-cual-1.jpg\" alt=\"\"  srcset=\"https:\/\/elmetropolitano.com.gt\/es\/wp-content\/uploads\/2021\/11\/cintillo-arrin-cual-1.jpg 750w, https:\/\/elmetropolitano.com.gt\/es\/wp-content\/uploads\/2021\/11\/cintillo-arrin-cual-1-300x36.jpg 300w, https:\/\/elmetropolitano.com.gt\/es\/wp-content\/uploads\/2021\/11\/cintillo-arrin-cual-1-600x72.jpg 600w\" sizes=\"(max-width: 750px) 100vw, 750px\" width=\"750\" height=\"90\"   \/><\/a><\/div><\/div>\n\n\n\n<p>Seg\u00fan el vocero del Ej\u00e9rcito de Guatemala, coronel Rub\u00e9n Tellez, los siete guatemaltecos son atendidos en el hospital que opera en la misi\u00f3n el contingente de India.<\/p>\n\n\n\n<p>\u201cTodos est\u00e1n bajo tratamiento y ya se le dio aviso a las familias\u201d, explic\u00f3 Tellez. Las heridas que sufrieron fueron a causa de la explosi\u00f3n de una granada.<\/p>\n\n\n\n<p>El pasado 3 de febrero, un helic\u00f3ptero de la misi\u00f3n tambi\u00e9n fue atacado por el M23 y dos soldados resultaron heridos.<\/p>\n\n\n\n<p>Los ataques ocurrieron en Sake, donde los combates se volvieron m\u00e1s fuertes desde el pasado 7 de febrero, lo que ha forzado el desplazamiento de unas 144 mil personas, seg\u00fan revel\u00f3 la Agencia de la ONU para los Refugiados (Acnur).<\/p>\n\n\n\n<p>Desde 1998, el este de la RDC est\u00e1 sumido en un conflicto alimentado por milicias rebeldes y el Ej\u00e9rcito, a pesar de la presencia de la Monusco, con unos 16 mil 300 uniformados sobre el terreno.<\/p>\n\n\n\n<p><\/p>\n\n\n\n<figure class=\"wp-block-gallery has-nested-images columns-default is-cropped wp-block-gallery-1 is-layout-flex wp-block-gallery-is-layout-flex\">\n<figure class=\"wp-block-image size-large\"><img loading=\"lazy\" decoding=\"async\" width=\"940\" height=\"627\" data-id=\"80057\" src=\"https:\/\/elmetropolitano.com.gt\/es\/wp-content\/uploads\/2024\/03\/1c9c2aa7-b08c-445e-8aa2-9d9877723683.jpg\" alt=\"\" class=\"wp-image-80057\" srcset=\"https:\/\/elmetropolitano.com.gt\/es\/wp-content\/uploads\/2024\/03\/1c9c2aa7-b08c-445e-8aa2-9d9877723683.jpg 940w, https:\/\/elmetropolitano.com.gt\/es\/wp-content\/uploads\/2024\/03\/1c9c2aa7-b08c-445e-8aa2-9d9877723683-300x200.jpg 300w, https:\/\/elmetropolitano.com.gt\/es\/wp-content\/uploads\/2024\/03\/1c9c2aa7-b08c-445e-8aa2-9d9877723683-768x512.jpg 768w\" sizes=\"auto, (max-width: 940px) 100vw, 940px\" \/><\/figure>\n\n\n\n<figure class=\"wp-block-image size-large\"><img loading=\"lazy\" decoding=\"async\" width=\"916\" height=\"1024\" data-id=\"80058\" src=\"https:\/\/elmetropolitano.com.gt\/es\/wp-content\/uploads\/2024\/03\/c3a77633-dd35-4d94-a519-2f9ffb21f5b1-916x1024.jpg\" alt=\"\" class=\"wp-image-80058\" srcset=\"https:\/\/elmetropolitano.com.gt\/es\/wp-content\/uploads\/2024\/03\/c3a77633-dd35-4d94-a519-2f9ffb21f5b1-916x1024.jpg 916w, https:\/\/elmetropolitano.com.gt\/es\/wp-content\/uploads\/2024\/03\/c3a77633-dd35-4d94-a519-2f9ffb21f5b1-268x300.jpg 268w, https:\/\/elmetropolitano.com.gt\/es\/wp-content\/uploads\/2024\/03\/c3a77633-dd35-4d94-a519-2f9ffb21f5b1-768x858.jpg 768w, https:\/\/elmetropolitano.com.gt\/es\/wp-content\/uploads\/2024\/03\/c3a77633-dd35-4d94-a519-2f9ffb21f5b1.jpg 1045w\" sizes=\"auto, (max-width: 916px) 100vw, 916px\" \/><\/figure>\n<\/figure>\n","protected":false},"excerpt":{"rendered":"<p>Siete guatemaltecos cascos azules de la misi\u00f3n de las Naciones Unidas en la Rep\u00fablica Democr\u00e1tica del Congo (Monusco) resultaron heridos por un ataque que se le atribuye al Movimiento 23 de marzo (M23), seg\u00fan el Ej\u00e9rcito congole\u00f1o. Seg\u00fan explica el Ej\u00e9rcito de Guatemala, son seis soldados y un oficial. Agencias internacionales reportan que tambi\u00e9n hay <a class=\"read-more\" href=\"https:\/\/elmetropolitano.com.gt\/es\/siete-soldados-guatemaltecos-resultaron-heridos-en-un-ataque-en-la-republica-democratica-del-congo\/\">Leer m\u00e1s<\/a><\/p>\n","protected":false},"author":1,"featured_media":80042,"comment_status":"open","ping_status":"closed","sticky":false,"template":"","format":"standard","meta":{"footnotes":""},"categories":[2],"tags":[12],"class_list":["post-80041","post","type-post","status-publish","format-standard","has-post-thumbnail","hentry","category-nacionales","tag-nacionales"],"_links":{"self":[{"href":"https:\/\/elmetropolitano.com.gt\/es\/wp-json\/wp\/v2\/posts\/80041","targetHints":{"allow":["GET"]}}],"collection":[{"href":"https:\/\/elmetropolitano.com.gt\/es\/wp-json\/wp\/v2\/posts"}],"about":[{"href":"https:\/\/elmetropolitano.com.gt\/es\/wp-json\/wp\/v2\/types\/post"}],"author":[{"embeddable":true,"href":"https:\/\/elmetropolitano.com.gt\/es\/wp-json\/wp\/v2\/users\/1"}],"replies":[{"embeddable":true,"href":"https:\/\/elmetropolitano.com.gt\/es\/wp-json\/wp\/v2\/comments?post=80041"}],"version-history":[{"count":2,"href":"https:\/\/elmetropolitano.com.gt\/es\/wp-json\/wp\/v2\/posts\/80041\/revisions"}],"predecessor-version":[{"id":80059,"href":"https:\/\/elmetropolitano.com.gt\/es\/wp-json\/wp\/v2\/posts\/80041\/revisions\/80059"}],"wp:featuredmedia":[{"embeddable":true,"href":"https:\/\/elmetropolitano.com.gt\/es\/wp-json\/wp\/v2\/media\/80042"}],"wp:attachment":[{"href":"https:\/\/elmetropolitano.com.gt\/es\/wp-json\/wp\/v2\/media?parent=80041"}],"wp:term":[{"taxonomy":"category","embeddable":true,"href":"https:\/\/elmetropolitano.com.gt\/es\/wp-json\/wp\/v2\/categories?post=80041"},{"taxonomy":"post_tag","embeddable":true,"href":"https:\/\/elmetropolitano.com.gt\/es\/wp-json\/wp\/v2\/tags?post=80041"}],"curies":[{"name":"wp","href":"https:\/\/api.w.org\/{rel}","templated":true}]}}