{"id":80060,"date":"2024-03-16T19:33:19","date_gmt":"2024-03-17T01:33:19","guid":{"rendered":"https:\/\/elmetropolitano.com.gt\/es\/?p=80060"},"modified":"2024-03-16T19:33:20","modified_gmt":"2024-03-17T01:33:20","slug":"como-afecta-a-tu-salud-cerebral-vivir-en-barrios-desfavorecidos","status":"publish","type":"post","link":"https:\/\/elmetropolitano.com.gt\/es\/como-afecta-a-tu-salud-cerebral-vivir-en-barrios-desfavorecidos\/","title":{"rendered":"\u00bfC\u00f3mo afecta a tu salud cerebral vivir en barrios desfavorecidos?"},"content":{"rendered":"\n<p><strong>Las personas que viven en las zonas de baja extracci\u00f3n social tienen m\u00e1s probabilidades de sufrir demencia, independientemente de sus niveles de educaci\u00f3n e ingresos, seg\u00fan un estudio.<\/strong><\/p>\n\n\n\n<p>Las personas que viven en barrios de estrato socioecon\u00f3mico bajo tienen m\u00e1s probabilidades de padecer demencia de temprana aparici\u00f3n,&nbsp;<strong>independientemente de sus niveles de educaci\u00f3n e ingresos<\/strong>, seg\u00fan un nuevo&nbsp;<a href=\"https:\/\/alz-journals.onlinelibrary.wiley.com\/doi\/10.1002\/alz.13727\" target=\"_blank\" rel=\"noreferrer noopener\">estudio<\/a>&nbsp;publicado esta semana en la revista m\u00e9dica Alzheimer&#8217;s &amp; Dementia.<\/p><div class=\"elmet-contenido\" id=\"elmet-1069419530\"><div class=\"elmet-adlabel\">Anuncios<\/div><div style=\"margin-top: 20px;margin-right: 20px;margin-bottom: 20px;margin-left: 20px;\" id=\"elmet-842979533\"><a href=\"https:\/\/www.facebook.com\/arrincuanantigua\/\" aria-label=\"cintillo-arrin-cual\"><img loading=\"lazy\" decoding=\"async\" src=\"https:\/\/elmetropolitano.com.gt\/es\/wp-content\/uploads\/2021\/11\/cintillo-arrin-cual-1.jpg\" alt=\"\"  srcset=\"https:\/\/elmetropolitano.com.gt\/es\/wp-content\/uploads\/2021\/11\/cintillo-arrin-cual-1.jpg 750w, https:\/\/elmetropolitano.com.gt\/es\/wp-content\/uploads\/2021\/11\/cintillo-arrin-cual-1-300x36.jpg 300w, https:\/\/elmetropolitano.com.gt\/es\/wp-content\/uploads\/2021\/11\/cintillo-arrin-cual-1-600x72.jpg 600w\" sizes=\"(max-width: 750px) 100vw, 750px\" width=\"750\" height=\"90\"   \/><\/a><\/div><\/div>\n\n\n\n<p>Investigadores de la Universidad Duke (EE.UU.) analizaron los registros m\u00e9dicos y las direcciones de domicilio de casi\u00a0<strong>1,7 millones de neozelandeses de entre 31 y 90 a\u00f1os<\/strong>, que nacieron entre 1929 y 1968 y vivieron en el pa\u00eds en\u00a0alg\u00fan\u00a0momento entre 1999 y 2019. Utilizando datos oficiales del ingreso promedio, nivel de empleo y de educaci\u00f3n y acceso a transporte, clasificaron sus direcciones en una escala del 1 al 10 y descubrieron que las personas que viv\u00edan en las zonas m\u00e1s desfavorecidas ten\u00edan un\u00a0<strong>43 % m\u00e1s de riesgo de sufrir demencia<\/strong>\u00a0durante los 20 a\u00f1os que fueron analizados.<\/p>\n\n\n\n<p>Asimismo, los cient\u00edficos revisaron los datos del Estudio Dunedin, que document\u00f3 la salud psicol\u00f3gica, fisiol\u00f3gica y social de casi 1.000 neozelandeses desde su nacimiento, y encontraron que los participantes de la investigaci\u00f3n que viv\u00edan en las zonas m\u00e1s depauperadas ten\u00edan una&nbsp;<strong>salud cerebral considerablemente peor ya a los 45 a\u00f1os<\/strong>&nbsp;y unos cerebros que parec\u00edan visiblemente&nbsp;<strong>tres a\u00f1os mayores<\/strong>, adem\u00e1s de mala memoria y dificultades para realizar actividades cotidianas, como seguir conversaciones o recordar c\u00f3mo ir a lugares conocidos.<\/p>\n\n\n\n<p>El neuropsic\u00f3logo cl\u00ednico Aaron Reuben, que estuvo al frente del estudio,\u00a0<a href=\"https:\/\/today.duke.edu\/2024\/03\/poor-neighborhoods-linked-elevated-dementia-risk-and-faster-brain-aging\" target=\"_blank\" rel=\"noreferrer noopener\">sugiere<\/a>\u00a0que, si bien a\u00fan no est\u00e1 claro c\u00f3mo los barrios de baja extracci\u00f3n social aumentan el riesgo de padecer demencia, ello podr\u00eda deberse a una serie de componentes asociados con las zonas m\u00e1s desfavorecidas, como una\u00a0<strong>peor calidad del aire<\/strong>, niveles m\u00e1s bajos de interacci\u00f3n social diaria,\u00a0<strong>niveles m\u00e1s altos de estr\u00e9s<\/strong>\u00a0y menos transitabilidad para peatones.<\/p>\n\n\n\n<p>Texto y foto: RT Noticias<\/p>\n\n\n\n<p><\/p>\n","protected":false},"excerpt":{"rendered":"<p>Las personas que viven en las zonas de baja extracci\u00f3n social tienen m\u00e1s probabilidades de sufrir demencia, independientemente de sus niveles de educaci\u00f3n e ingresos, seg\u00fan un estudio. Las personas que viven en barrios de estrato socioecon\u00f3mico bajo tienen m\u00e1s probabilidades de padecer demencia de temprana aparici\u00f3n,&nbsp;independientemente de sus niveles de educaci\u00f3n e ingresos, seg\u00fan <a class=\"read-more\" href=\"https:\/\/elmetropolitano.com.gt\/es\/como-afecta-a-tu-salud-cerebral-vivir-en-barrios-desfavorecidos\/\">Leer m\u00e1s<\/a><\/p>\n","protected":false},"author":1,"featured_media":80061,"comment_status":"open","ping_status":"closed","sticky":false,"template":"","format":"standard","meta":{"footnotes":""},"categories":[14],"tags":[15],"class_list":["post-80060","post","type-post","status-publish","format-standard","has-post-thumbnail","hentry","category-internacionales","tag-internacionales"],"_links":{"self":[{"href":"https:\/\/elmetropolitano.com.gt\/es\/wp-json\/wp\/v2\/posts\/80060","targetHints":{"allow":["GET"]}}],"collection":[{"href":"https:\/\/elmetropolitano.com.gt\/es\/wp-json\/wp\/v2\/posts"}],"about":[{"href":"https:\/\/elmetropolitano.com.gt\/es\/wp-json\/wp\/v2\/types\/post"}],"author":[{"embeddable":true,"href":"https:\/\/elmetropolitano.com.gt\/es\/wp-json\/wp\/v2\/users\/1"}],"replies":[{"embeddable":true,"href":"https:\/\/elmetropolitano.com.gt\/es\/wp-json\/wp\/v2\/comments?post=80060"}],"version-history":[{"count":1,"href":"https:\/\/elmetropolitano.com.gt\/es\/wp-json\/wp\/v2\/posts\/80060\/revisions"}],"predecessor-version":[{"id":80062,"href":"https:\/\/elmetropolitano.com.gt\/es\/wp-json\/wp\/v2\/posts\/80060\/revisions\/80062"}],"wp:featuredmedia":[{"embeddable":true,"href":"https:\/\/elmetropolitano.com.gt\/es\/wp-json\/wp\/v2\/media\/80061"}],"wp:attachment":[{"href":"https:\/\/elmetropolitano.com.gt\/es\/wp-json\/wp\/v2\/media?parent=80060"}],"wp:term":[{"taxonomy":"category","embeddable":true,"href":"https:\/\/elmetropolitano.com.gt\/es\/wp-json\/wp\/v2\/categories?post=80060"},{"taxonomy":"post_tag","embeddable":true,"href":"https:\/\/elmetropolitano.com.gt\/es\/wp-json\/wp\/v2\/tags?post=80060"}],"curies":[{"name":"wp","href":"https:\/\/api.w.org\/{rel}","templated":true}]}}