{"id":80074,"date":"2024-03-16T19:50:34","date_gmt":"2024-03-17T01:50:34","guid":{"rendered":"https:\/\/elmetropolitano.com.gt\/es\/?p=80074"},"modified":"2024-03-16T19:50:34","modified_gmt":"2024-03-17T01:50:34","slug":"ministra-de-educacion-habla-sobre-la-transicion-del-seguro-medico-escolar-al-programa-de-salud-escolar","status":"publish","type":"post","link":"https:\/\/elmetropolitano.com.gt\/es\/ministra-de-educacion-habla-sobre-la-transicion-del-seguro-medico-escolar-al-programa-de-salud-escolar\/","title":{"rendered":"Ministra de Educaci\u00f3n habla sobre la transici\u00f3n del seguro m\u00e9dico escolar al programa de salud escolar"},"content":{"rendered":"\n<p>Desde el 1 de marzo, el pa\u00eds ha transitado del seguro m\u00e9dico escolar al programa de salud escolar, en una decisi\u00f3n tomada en conjunto con el Ministerio de Salud.<\/p>\n\n\n\n<p>La Ministra de Educaci\u00f3n, Anabella Giracca, por medio de un video se dirigi\u00f3 a la poblaci\u00f3n guatemalteca para abordar un tema de suma importancia: la salud y el bienestar de los estudiantes en Guatemala.<\/p><div class=\"elmet-contenido\" id=\"elmet-2168693473\"><div class=\"elmet-adlabel\">Anuncios<\/div><div style=\"margin-top: 20px;margin-right: 20px;margin-bottom: 20px;margin-left: 20px;\" id=\"elmet-3050630373\"><a href=\"https:\/\/www.facebook.com\/arrincuanantigua\/\" aria-label=\"cintillo-arrin-cual\"><img loading=\"lazy\" decoding=\"async\" src=\"https:\/\/elmetropolitano.com.gt\/es\/wp-content\/uploads\/2021\/11\/cintillo-arrin-cual-1.jpg\" alt=\"\"  srcset=\"https:\/\/elmetropolitano.com.gt\/es\/wp-content\/uploads\/2021\/11\/cintillo-arrin-cual-1.jpg 750w, https:\/\/elmetropolitano.com.gt\/es\/wp-content\/uploads\/2021\/11\/cintillo-arrin-cual-1-300x36.jpg 300w, https:\/\/elmetropolitano.com.gt\/es\/wp-content\/uploads\/2021\/11\/cintillo-arrin-cual-1-600x72.jpg 600w\" sizes=\"(max-width: 750px) 100vw, 750px\" width=\"750\" height=\"90\"   \/><\/a><\/div><\/div>\n\n\n\n<p>Desde el 1 de marzo, el pa\u00eds ha transitado del seguro m\u00e9dico escolar al programa de salud escolar, en una decisi\u00f3n tomada en conjunto con el Ministerio de Salud Publica y Asistencia Social.<\/p>\n\n\n\n<p>Esta transici\u00f3n ha sido planeada y ejecutada para garantizar la seguridad y el bienestar de los estudiantes. Cumpliendo con las leyes nacionales y los compromisos laborales.<\/p>\n\n\n\n<p>El 5 de febrero, el Presidente Bernardo Ar\u00e9valo derog\u00f3 el seguro m\u00e9dico escolar, cuya vigencia finaliz\u00f3 a fines de ese mes.<\/p>\n\n\n\n<p>En su lugar, se implement\u00f3 el programa de salud escolar, que entr\u00f3 en vigencia el 1 de marzo. Esta medida fue tomada con el objetivo de mejorar la cobertura y la calidad de los servicios m\u00e9dicos para todos los estudiantes del pa\u00eds.<\/p>\n\n\n\n<h3 class=\"wp-block-heading\">Planificaci\u00f3n e implementaci\u00f3n<\/h3>\n\n\n\n<p>La Ministra Giracca enfatiza que la implementaci\u00f3n del programa se llev\u00f3 a cabo con la m\u00e1xima responsabilidad y cuidado.<\/p>\n\n\n\n<p>Contrario a las declaraciones de algunos sectores, asegura que la transici\u00f3n se planific\u00f3 meticulosamente en colaboraci\u00f3n con entidades gubernamentales clave. El programa garantiza que la seguridad y el bienestar de los estudiantes no se vean comprometidos en ning\u00fan momento.<\/p>\n\n\n\n<p>El nuevo programa de salud escolar no solo cumple con los requisitos legales y de cobertura, sino que tambi\u00e9n mejora la calidad de los servicios ofrecidos.<\/p>\n\n\n\n<p>Proporciona cobertura en el 100% de los municipios del pa\u00eds y ofrece servicios m\u00e9dicos completos, incluyendo ex\u00e1menes de laboratorio y estudios m\u00e9dicos. Adem\u00e1s, se compromete a implementar mejoras continuas para satisfacer las necesidades de los estudiantes de manera m\u00e1s eficiente y transparente.<\/p>\n\n\n\n<p>Finalmente, la Ministra hace un llamado a la unidad para enfrentar juntos los retos de la educaci\u00f3n. Destaca la importancia de combatir la corrupci\u00f3n y priorizar las necesidades de la ni\u00f1ez, adolescencia y juventud por encima de cualquier inter\u00e9s particular, reafirmando el compromiso del gobierno con el bienestar de las futuras generaciones.<\/p>\n\n\n\n<p>Texto: Lincy Rodriguez<\/p>\n\n\n\n<p><\/p>\n","protected":false},"excerpt":{"rendered":"<p>Desde el 1 de marzo, el pa\u00eds ha transitado del seguro m\u00e9dico escolar al programa de salud escolar, en una decisi\u00f3n tomada en conjunto con el Ministerio de Salud. La Ministra de Educaci\u00f3n, Anabella Giracca, por medio de un video se dirigi\u00f3 a la poblaci\u00f3n guatemalteca para abordar un tema de suma importancia: la salud <a class=\"read-more\" href=\"https:\/\/elmetropolitano.com.gt\/es\/ministra-de-educacion-habla-sobre-la-transicion-del-seguro-medico-escolar-al-programa-de-salud-escolar\/\">Leer m\u00e1s<\/a><\/p>\n","protected":false},"author":1,"featured_media":80075,"comment_status":"open","ping_status":"closed","sticky":false,"template":"","format":"standard","meta":{"footnotes":""},"categories":[2],"tags":[12],"class_list":["post-80074","post","type-post","status-publish","format-standard","has-post-thumbnail","hentry","category-nacionales","tag-nacionales"],"_links":{"self":[{"href":"https:\/\/elmetropolitano.com.gt\/es\/wp-json\/wp\/v2\/posts\/80074","targetHints":{"allow":["GET"]}}],"collection":[{"href":"https:\/\/elmetropolitano.com.gt\/es\/wp-json\/wp\/v2\/posts"}],"about":[{"href":"https:\/\/elmetropolitano.com.gt\/es\/wp-json\/wp\/v2\/types\/post"}],"author":[{"embeddable":true,"href":"https:\/\/elmetropolitano.com.gt\/es\/wp-json\/wp\/v2\/users\/1"}],"replies":[{"embeddable":true,"href":"https:\/\/elmetropolitano.com.gt\/es\/wp-json\/wp\/v2\/comments?post=80074"}],"version-history":[{"count":1,"href":"https:\/\/elmetropolitano.com.gt\/es\/wp-json\/wp\/v2\/posts\/80074\/revisions"}],"predecessor-version":[{"id":80076,"href":"https:\/\/elmetropolitano.com.gt\/es\/wp-json\/wp\/v2\/posts\/80074\/revisions\/80076"}],"wp:featuredmedia":[{"embeddable":true,"href":"https:\/\/elmetropolitano.com.gt\/es\/wp-json\/wp\/v2\/media\/80075"}],"wp:attachment":[{"href":"https:\/\/elmetropolitano.com.gt\/es\/wp-json\/wp\/v2\/media?parent=80074"}],"wp:term":[{"taxonomy":"category","embeddable":true,"href":"https:\/\/elmetropolitano.com.gt\/es\/wp-json\/wp\/v2\/categories?post=80074"},{"taxonomy":"post_tag","embeddable":true,"href":"https:\/\/elmetropolitano.com.gt\/es\/wp-json\/wp\/v2\/tags?post=80074"}],"curies":[{"name":"wp","href":"https:\/\/api.w.org\/{rel}","templated":true}]}}