{"id":80089,"date":"2024-03-18T08:44:26","date_gmt":"2024-03-18T14:44:26","guid":{"rendered":"https:\/\/elmetropolitano.com.gt\/es\/?p=80089"},"modified":"2024-03-18T08:44:28","modified_gmt":"2024-03-18T14:44:28","slug":"presidente-bernardo-arevalo-confirma-que-soldados-guatemaltecos-heridos-estan-en-recuperacion","status":"publish","type":"post","link":"https:\/\/elmetropolitano.com.gt\/es\/presidente-bernardo-arevalo-confirma-que-soldados-guatemaltecos-heridos-estan-en-recuperacion\/","title":{"rendered":"Presidente Bernardo Ar\u00e9valo confirma que soldados guatemaltecos heridos est\u00e1n en recuperaci\u00f3n"},"content":{"rendered":"\n<p>El presidente Bernardo Ar\u00e9valo confirm\u00f3 este domingo 17 de marzo que los siete soldados guatemaltecos heridos en la Rep\u00fablica Democr\u00e1tica del Congo est\u00e1n estables.<\/p>\n\n\n\n<p>\u201cTodos est\u00e1n recibiendo atenci\u00f3n m\u00e9dica y est\u00e1n en recuperaci\u00f3n\u201d, explic\u00f3 el Mandatario a trav\u00e9s de su cuenta de la red social X.<\/p><div class=\"elmet-contenido\" id=\"elmet-3896505346\"><div class=\"elmet-adlabel\">Anuncios<\/div><div style=\"margin-top: 20px;margin-right: 20px;margin-bottom: 20px;margin-left: 20px;\" id=\"elmet-2180363963\"><a href=\"https:\/\/www.facebook.com\/arrincuanantigua\/\" aria-label=\"cintillo-arrin-cual\"><img loading=\"lazy\" decoding=\"async\" src=\"https:\/\/elmetropolitano.com.gt\/es\/wp-content\/uploads\/2021\/11\/cintillo-arrin-cual-1.jpg\" alt=\"\"  srcset=\"https:\/\/elmetropolitano.com.gt\/es\/wp-content\/uploads\/2021\/11\/cintillo-arrin-cual-1.jpg 750w, https:\/\/elmetropolitano.com.gt\/es\/wp-content\/uploads\/2021\/11\/cintillo-arrin-cual-1-300x36.jpg 300w, https:\/\/elmetropolitano.com.gt\/es\/wp-content\/uploads\/2021\/11\/cintillo-arrin-cual-1-600x72.jpg 600w\" sizes=\"(max-width: 750px) 100vw, 750px\" width=\"750\" height=\"90\"   \/><\/a><\/div><\/div>\n\n\n\n<p><a><\/a>Adem\u00e1s, asegur\u00f3 que Guatemala \u201creafirma su compromiso de contribuir a la paz, consciente de los desaf\u00edos que esto supone\u201d<\/p>\n\n\n\n<p>Tambi\u00e9n agradeci\u00f3 \u201ca quienes con valent\u00eda y esfuerzo dedican su vida a construirla\u201d.<\/p>\n\n\n\n<p>El Ej\u00e9rcito de Guatemala inform\u00f3 la tarde del s\u00e1bado 16 de marzo que seis soldados y un oficial resultaron heridos en un ataque con granadas al contingente guatemalteco en la Rep\u00fablica Democr\u00e1tica del Congo.<\/p>\n\n\n\n<p>Dos de los cascos azules guatemaltecos debieron ser intervenidos quir\u00fargicamente, pero el vocero del Ej\u00e9rcito, coronel Rub\u00e9n Tellez, confirm\u00f3 que \u201cest\u00e1n fuera de peligro\u201d y todos se encuentran en recuperaci\u00f3n.<\/p>\n\n\n\n<p>Todos los heridos, a los que se suma un soldado indio, fueron atendidos en el hospital de la misi\u00f3n que es administrado por el contingente de India.<\/p>\n\n\n\n<p>Al finalizar su recuperaci\u00f3n, los soldados guatemaltecos continuar\u00e1n con su labor en la Rep\u00fablica Democr\u00e1tica del Congo.<\/p>\n\n\n\n<p>Esta no es la primera vez que guatemaltecos son atacados en ese pa\u00eds. En 2006, ocho soldados murieron durante una emboscada mientras realizaban un patrullaje de reconocimiento<\/p>\n\n\n\n<p><a href=\"https:\/\/www.facebook.com\/hashtag\/metroredes?__eep__=6&amp;__cft__[0]=AZXZHKMpDO1PwJhjTD-pdehLBPnt6jLVpSpN8TNFV1IqixJlsoVjAvp7GCoxnFCZxMFQ0hwbFUYzER__UAxzXqaqs0xSjuILJ3zSJm3BIUFoYi6QS4-wLqu5EKQ2IKQ1jBeKP3mMZQALQxzZgvF0rW_1xguqeklLVNyivnQfCFD4zibyWqIrRkgmZO5eR6mX6HA&amp;__tn__=*NK-R\">#metroredes<\/a><a href=\"https:\/\/www.facebook.com\/hashtag\/delcongo?__eep__=6&amp;__cft__[0]=AZXZHKMpDO1PwJhjTD-pdehLBPnt6jLVpSpN8TNFV1IqixJlsoVjAvp7GCoxnFCZxMFQ0hwbFUYzER__UAxzXqaqs0xSjuILJ3zSJm3BIUFoYi6QS4-wLqu5EKQ2IKQ1jBeKP3mMZQALQxzZgvF0rW_1xguqeklLVNyivnQfCFD4zibyWqIrRkgmZO5eR6mX6HA&amp;__tn__=*NK-R\">#delcongo<\/a><\/p>\n\n\n\n<figure class=\"wp-block-gallery has-nested-images columns-default is-cropped wp-block-gallery-1 is-layout-flex wp-block-gallery-is-layout-flex\">\n<figure class=\"wp-block-image size-large\"><img loading=\"lazy\" decoding=\"async\" width=\"543\" height=\"362\" data-id=\"80091\" src=\"https:\/\/elmetropolitano.com.gt\/es\/wp-content\/uploads\/2024\/03\/431932868_902251708567580_7642116112718303747_n.jpg\" alt=\"\" class=\"wp-image-80091\" srcset=\"https:\/\/elmetropolitano.com.gt\/es\/wp-content\/uploads\/2024\/03\/431932868_902251708567580_7642116112718303747_n.jpg 543w, https:\/\/elmetropolitano.com.gt\/es\/wp-content\/uploads\/2024\/03\/431932868_902251708567580_7642116112718303747_n-300x200.jpg 300w\" sizes=\"auto, (max-width: 543px) 100vw, 543px\" \/><\/figure>\n\n\n\n<figure class=\"wp-block-image size-large\"><img loading=\"lazy\" decoding=\"async\" width=\"543\" height=\"724\" data-id=\"80092\" src=\"https:\/\/elmetropolitano.com.gt\/es\/wp-content\/uploads\/2024\/03\/431959054_902251655234252_5819257797885001760_n.jpg\" alt=\"\" class=\"wp-image-80092\" srcset=\"https:\/\/elmetropolitano.com.gt\/es\/wp-content\/uploads\/2024\/03\/431959054_902251655234252_5819257797885001760_n.jpg 543w, https:\/\/elmetropolitano.com.gt\/es\/wp-content\/uploads\/2024\/03\/431959054_902251655234252_5819257797885001760_n-225x300.jpg 225w\" sizes=\"auto, (max-width: 543px) 100vw, 543px\" \/><\/figure>\n<\/figure>\n","protected":false},"excerpt":{"rendered":"<p>El presidente Bernardo Ar\u00e9valo confirm\u00f3 este domingo 17 de marzo que los siete soldados guatemaltecos heridos en la Rep\u00fablica Democr\u00e1tica del Congo est\u00e1n estables. \u201cTodos est\u00e1n recibiendo atenci\u00f3n m\u00e9dica y est\u00e1n en recuperaci\u00f3n\u201d, explic\u00f3 el Mandatario a trav\u00e9s de su cuenta de la red social X. Adem\u00e1s, asegur\u00f3 que Guatemala \u201creafirma su compromiso de contribuir <a class=\"read-more\" href=\"https:\/\/elmetropolitano.com.gt\/es\/presidente-bernardo-arevalo-confirma-que-soldados-guatemaltecos-heridos-estan-en-recuperacion\/\">Leer m\u00e1s<\/a><\/p>\n","protected":false},"author":1,"featured_media":80090,"comment_status":"open","ping_status":"closed","sticky":false,"template":"","format":"standard","meta":{"footnotes":""},"categories":[2],"tags":[12],"class_list":["post-80089","post","type-post","status-publish","format-standard","has-post-thumbnail","hentry","category-nacionales","tag-nacionales"],"_links":{"self":[{"href":"https:\/\/elmetropolitano.com.gt\/es\/wp-json\/wp\/v2\/posts\/80089","targetHints":{"allow":["GET"]}}],"collection":[{"href":"https:\/\/elmetropolitano.com.gt\/es\/wp-json\/wp\/v2\/posts"}],"about":[{"href":"https:\/\/elmetropolitano.com.gt\/es\/wp-json\/wp\/v2\/types\/post"}],"author":[{"embeddable":true,"href":"https:\/\/elmetropolitano.com.gt\/es\/wp-json\/wp\/v2\/users\/1"}],"replies":[{"embeddable":true,"href":"https:\/\/elmetropolitano.com.gt\/es\/wp-json\/wp\/v2\/comments?post=80089"}],"version-history":[{"count":1,"href":"https:\/\/elmetropolitano.com.gt\/es\/wp-json\/wp\/v2\/posts\/80089\/revisions"}],"predecessor-version":[{"id":80093,"href":"https:\/\/elmetropolitano.com.gt\/es\/wp-json\/wp\/v2\/posts\/80089\/revisions\/80093"}],"wp:featuredmedia":[{"embeddable":true,"href":"https:\/\/elmetropolitano.com.gt\/es\/wp-json\/wp\/v2\/media\/80090"}],"wp:attachment":[{"href":"https:\/\/elmetropolitano.com.gt\/es\/wp-json\/wp\/v2\/media?parent=80089"}],"wp:term":[{"taxonomy":"category","embeddable":true,"href":"https:\/\/elmetropolitano.com.gt\/es\/wp-json\/wp\/v2\/categories?post=80089"},{"taxonomy":"post_tag","embeddable":true,"href":"https:\/\/elmetropolitano.com.gt\/es\/wp-json\/wp\/v2\/tags?post=80089"}],"curies":[{"name":"wp","href":"https:\/\/api.w.org\/{rel}","templated":true}]}}