{"id":80098,"date":"2024-03-18T08:58:09","date_gmt":"2024-03-18T14:58:09","guid":{"rendered":"https:\/\/elmetropolitano.com.gt\/es\/?p=80098"},"modified":"2024-03-18T08:58:14","modified_gmt":"2024-03-18T14:58:14","slug":"luis-grijalva-impone-nuevo-record-nacional-en-los-10-mil-metros-planos","status":"publish","type":"post","link":"https:\/\/elmetropolitano.com.gt\/es\/luis-grijalva-impone-nuevo-record-nacional-en-los-10-mil-metros-planos\/","title":{"rendered":"Luis Grijalva impone nuevo r\u00e9cord nacional en los 10 mil metros planos"},"content":{"rendered":"\n<p>Luis Grijalva volvi\u00f3 a poner en alto el nombre de Guatemala. Esta vez en el evento \u201cThe Ten\u201d en Los \u00c1ngeles, California.<\/p>\n\n\n\n<p>En su primera competencia del a\u00f1o, Grijalva logr\u00f3 un tiempo de 27 minutos, 26 segundos y 2 cent\u00e9simas en la prueba de los 10 mil metros planos.<\/p><div class=\"elmet-contenido\" id=\"elmet-1483753678\"><div class=\"elmet-adlabel\">Anuncios<\/div><div style=\"margin-top: 20px;margin-right: 20px;margin-bottom: 20px;margin-left: 20px;\" id=\"elmet-2885252822\"><a href=\"https:\/\/www.facebook.com\/arrincuanantigua\/\" aria-label=\"cintillo-arrin-cual\"><img loading=\"lazy\" decoding=\"async\" src=\"https:\/\/elmetropolitano.com.gt\/es\/wp-content\/uploads\/2021\/11\/cintillo-arrin-cual-1.jpg\" alt=\"\"  srcset=\"https:\/\/elmetropolitano.com.gt\/es\/wp-content\/uploads\/2021\/11\/cintillo-arrin-cual-1.jpg 750w, https:\/\/elmetropolitano.com.gt\/es\/wp-content\/uploads\/2021\/11\/cintillo-arrin-cual-1-300x36.jpg 300w, https:\/\/elmetropolitano.com.gt\/es\/wp-content\/uploads\/2021\/11\/cintillo-arrin-cual-1-600x72.jpg 600w\" sizes=\"(max-width: 750px) 100vw, 750px\" width=\"750\" height=\"90\"   \/><\/a><\/div><\/div>\n\n\n\n<p>De <a><\/a>esa manera, super\u00f3 notablemente su marca anterior de 27 minutos, 43 segundos y 56 cent\u00e9simas que era el r\u00e9cord nacional vigente, tambi\u00e9n impuesto por \u00e9l mismo.<\/p>\n\n\n\n<p>Pese al buen tiempo que logr\u00f3, Grijalva no alcanz\u00f3 el podio en esta competici\u00f3n. Sin embargo, es un paso m\u00e1s en su preparaci\u00f3n para los Juegos Ol\u00edmpicos de Par\u00eds 2024 a los que ya est\u00e1 clasificado.<\/p>\n\n\n\n<p>De esa manera, Grijalva vuelve a poner el nombre de Guatemala en el mapa mundial del atletismo, en un momento en que se prepara para realizar un campamento en Quetzaltenango.<\/p>\n\n\n\n<p>Este ser\u00e1 un momento emotivo, pues se tratar\u00e1 de la primera vez que pase varios d\u00edas en el pa\u00eds despu\u00e9s de irse hace m\u00e1s de 22 a\u00f1os para vivir en Estados Unidos junto a sus padres.<\/p>\n\n\n\n<p>Texto: Juan Manuel Vega<\/p>\n\n\n\n<p><a href=\"https:\/\/www.facebook.com\/hashtag\/atletismo?__eep__=6&amp;__cft__[0]=AZXCQ8xn4WcELkG5SUBdAlk5BX5kTsX4hjvE2wpGOf3X9q6jwde6OrBXOChLThLff7j84D5XcPg5MwHxvfWTxIO209tzu6A0JJewgTah0Wne5HZMBGCgN0NMc7scsWTSe1d1dbNKPPjiNkojVbnkH8Jv6tuglMChJapghd2q-XiGFjDI3K8JVj5VxhkEPKMJhdw&amp;__tn__=*NK-R\">#Atletismo<\/a><a href=\"https:\/\/www.facebook.com\/hashtag\/metroredes?__eep__=6&amp;__cft__[0]=AZXCQ8xn4WcELkG5SUBdAlk5BX5kTsX4hjvE2wpGOf3X9q6jwde6OrBXOChLThLff7j84D5XcPg5MwHxvfWTxIO209tzu6A0JJewgTah0Wne5HZMBGCgN0NMc7scsWTSe1d1dbNKPPjiNkojVbnkH8Jv6tuglMChJapghd2q-XiGFjDI3K8JVj5VxhkEPKMJhdw&amp;__tn__=*NK-R\">#metroredes<\/a><\/p>\n\n\n\n<p><\/p>\n","protected":false},"excerpt":{"rendered":"<p>Luis Grijalva volvi\u00f3 a poner en alto el nombre de Guatemala. Esta vez en el evento \u201cThe Ten\u201d en Los \u00c1ngeles, California. En su primera competencia del a\u00f1o, Grijalva logr\u00f3 un tiempo de 27 minutos, 26 segundos y 2 cent\u00e9simas en la prueba de los 10 mil metros planos. De esa manera, super\u00f3 notablemente su <a class=\"read-more\" href=\"https:\/\/elmetropolitano.com.gt\/es\/luis-grijalva-impone-nuevo-record-nacional-en-los-10-mil-metros-planos\/\">Leer m\u00e1s<\/a><\/p>\n","protected":false},"author":1,"featured_media":80099,"comment_status":"open","ping_status":"closed","sticky":false,"template":"","format":"standard","meta":{"footnotes":""},"categories":[43],"tags":[44],"class_list":["post-80098","post","type-post","status-publish","format-standard","has-post-thumbnail","hentry","category-deportes","tag-deportes"],"_links":{"self":[{"href":"https:\/\/elmetropolitano.com.gt\/es\/wp-json\/wp\/v2\/posts\/80098","targetHints":{"allow":["GET"]}}],"collection":[{"href":"https:\/\/elmetropolitano.com.gt\/es\/wp-json\/wp\/v2\/posts"}],"about":[{"href":"https:\/\/elmetropolitano.com.gt\/es\/wp-json\/wp\/v2\/types\/post"}],"author":[{"embeddable":true,"href":"https:\/\/elmetropolitano.com.gt\/es\/wp-json\/wp\/v2\/users\/1"}],"replies":[{"embeddable":true,"href":"https:\/\/elmetropolitano.com.gt\/es\/wp-json\/wp\/v2\/comments?post=80098"}],"version-history":[{"count":1,"href":"https:\/\/elmetropolitano.com.gt\/es\/wp-json\/wp\/v2\/posts\/80098\/revisions"}],"predecessor-version":[{"id":80100,"href":"https:\/\/elmetropolitano.com.gt\/es\/wp-json\/wp\/v2\/posts\/80098\/revisions\/80100"}],"wp:featuredmedia":[{"embeddable":true,"href":"https:\/\/elmetropolitano.com.gt\/es\/wp-json\/wp\/v2\/media\/80099"}],"wp:attachment":[{"href":"https:\/\/elmetropolitano.com.gt\/es\/wp-json\/wp\/v2\/media?parent=80098"}],"wp:term":[{"taxonomy":"category","embeddable":true,"href":"https:\/\/elmetropolitano.com.gt\/es\/wp-json\/wp\/v2\/categories?post=80098"},{"taxonomy":"post_tag","embeddable":true,"href":"https:\/\/elmetropolitano.com.gt\/es\/wp-json\/wp\/v2\/tags?post=80098"}],"curies":[{"name":"wp","href":"https:\/\/api.w.org\/{rel}","templated":true}]}}