{"id":80101,"date":"2024-03-18T09:18:40","date_gmt":"2024-03-18T15:18:40","guid":{"rendered":"https:\/\/elmetropolitano.com.gt\/es\/?p=80101"},"modified":"2024-03-18T09:18:44","modified_gmt":"2024-03-18T15:18:44","slug":"mem-busca-garantizar-suministro-de-energia-electrica","status":"publish","type":"post","link":"https:\/\/elmetropolitano.com.gt\/es\/mem-busca-garantizar-suministro-de-energia-electrica\/","title":{"rendered":"MEM busca garantizar suministro de energ\u00eda el\u00e9ctrica"},"content":{"rendered":"\n<p>El Ministerio de Energ\u00eda y Minas declara en situaci\u00f3n de emergencia el Sistema Nacional Interconectado.<\/p>\n\n\n\n<p><strong>Con el objetivo de garantizar el suministro de energ\u00eda el\u00e9ctrica en el territorio nacional,<\/strong>&nbsp;el&nbsp;<a href=\"https:\/\/mem.gob.gt\/\">Ministerio de Energ\u00eda y Minas (MEM)<\/a>&nbsp;declar\u00f3 este lunes en situaci\u00f3n de emergencia el Sistema Nacional Interconectado.<\/p><div class=\"elmet-contenido\" id=\"elmet-392930542\"><div class=\"elmet-adlabel\">Anuncios<\/div><div style=\"margin-top: 20px;margin-right: 20px;margin-bottom: 20px;margin-left: 20px;\" id=\"elmet-311201454\"><a href=\"https:\/\/www.facebook.com\/arrincuanantigua\/\" aria-label=\"cintillo-arrin-cual\"><img loading=\"lazy\" decoding=\"async\" src=\"https:\/\/elmetropolitano.com.gt\/es\/wp-content\/uploads\/2021\/11\/cintillo-arrin-cual-1.jpg\" alt=\"\"  srcset=\"https:\/\/elmetropolitano.com.gt\/es\/wp-content\/uploads\/2021\/11\/cintillo-arrin-cual-1.jpg 750w, https:\/\/elmetropolitano.com.gt\/es\/wp-content\/uploads\/2021\/11\/cintillo-arrin-cual-1-300x36.jpg 300w, https:\/\/elmetropolitano.com.gt\/es\/wp-content\/uploads\/2021\/11\/cintillo-arrin-cual-1-600x72.jpg 600w\" sizes=\"(max-width: 750px) 100vw, 750px\" width=\"750\" height=\"90\"   \/><\/a><\/div><\/div>\n\n\n\n<p>La medida est\u00e1 contenida en el Acuerdo Ministerial N\u00famero 75-2024\/SG. Este se aprob\u00f3 el pasado 14 de marzo y se public\u00f3 este lunes en el Diario de Centro Am\u00e9rica.<\/p>\n\n\n\n<p>El acuerdo se\u00f1ala que la medida tiene el objetivo de facultar al Administrador del Mercado Mayorista para tomar las medidas excepcionales que permitan garantizar la seguridad y abastecimiento de energ\u00eda el\u00e9ctrica.<\/p>\n\n\n\n<p>Asimismo, el acuerdo se\u00f1ala que la medida entra en vigencia el d\u00eda de su publicaci\u00f3n en el diario oficial, es decir, este lunes y hasta el 31 de mayo del presente a\u00f1o. Sin embargo, la vigencia podr\u00e1 prorrogarse si persisten las condiciones que originaron la declaratoria de emergencia.<\/p>\n\n\n\n<p>Adem\u00e1s, el acuerdo indica que durante la vigencia de la situaci\u00f3n de emergencia se deben decretar medidas operativas y administrativas para el efecto.<\/p>\n\n\n\n<h3 class=\"wp-block-heading\">Medidas operativas<\/h3>\n\n\n\n<p>Entre las primeras, se\u00f1ala que, ante la condici\u00f3n de insuficiencia de potencia y energ\u00eda, el Administrador del Mercado Mayorista debe adoptar las acciones necesarias y extraordinarias para garantizar la continuidad de la operaci\u00f3n del Sistema Nacional Interconectado.<\/p>\n\n\n\n<p>Igualmente, deber\u00e1 supervisar y garantizar la disponibilidad y vol\u00famenes de los inventarios de combustibles para la generaci\u00f3n de energ\u00eda.<\/p>\n\n\n\n<p>Tambi\u00e9n se debe cumplir con los tr\u00e1mites para adicionar generaci\u00f3n de energ\u00eda al Sistema Nacional Interconectado, siempre se cumpla con lo que estipula la ley.<\/p>\n\n\n\n<h3 class=\"wp-block-heading\">Objetivo<\/h3>\n\n\n\n<p>El acuerdo e<strong>nfatiza que el Administrador del Mercado Mayorista adoptar todas las acciones que permitan garantizar la continuidad de la operaci\u00f3n del sistema de electricidad.<\/strong><\/p>\n\n\n\n<p>Asimismo, debe coordinar el despacho de las centrales hidroel\u00e9ctricas para garantizar la generaci\u00f3n de electricidad.<\/p>\n\n\n\n<p>Adicionalmente, entre las medidas, el Administrador debe indicar las acciones que se desarrollan para prever riesgos de desabastecimiento. Adem\u00e1s, cada semana debe especificar el inventario estimado de combustible que requiere cada generador.<\/p>\n\n\n\n<p>Tambi\u00e9n deber\u00e1, al finalizar la emergencia, rendir un informe a la Comisi\u00f3n Nacional de Energ\u00eda El\u00e9ctrica (CNEE) sobre las acciones operativas que se adoptaron para reducir los efectos sobre el Sistema Nacional Interconectado.<\/p>\n\n\n\n<p>Entretanto, la CNEE deber\u00e1 informar al MEM sobre las verificaciones y fiscalizaciones a las acciones del Administrador. Tambi\u00e9n sobre los hallazgos y acciones correctivas que haya sido necesario tomar.<\/p>\n\n\n\n<h3 class=\"wp-block-heading\">Uso eficiente de electricidad<\/h3>\n\n\n\n<p>Adem\u00e1s, las entidades involucradas, as\u00ed como el MEM, como ente regulador, promover\u00e1n en los medios de comunicaci\u00f3n, que los usuarios hagan un uso eficiente de la energ\u00eda el\u00e9ctrica, en especial, durante la Situaci\u00f3n de Emergencia del Sistema Nacional Interconectado.<\/p>\n\n\n\n<p>Igualmente, el Administrador y la CNEE deber\u00e1n hacer un an\u00e1lisis conjunto sobre las normas t\u00e9cnicas y de coordinaci\u00f3n para fortalecer las capacidades de respuesta del Sistema Nacional Interconectado ante futuras contingencias y condiciones y condiciones clim\u00e1ticas o de otra naturaleza. Este deber\u00e1 entregarse a m\u00e1s tardas seis meses despu\u00e9s de que finalice la vigencia del acuerdo.<\/p>\n\n\n\n<p>Con esta medida,\u00a0<strong>el Ministerio de Energ\u00eda y Minas busca tomar las acciones necesarias para garantizar el abastecimiento del suministro de energ\u00eda el\u00e9ctrica en el pa\u00eds.<\/strong><\/p>\n\n\n\n<p><\/p>\n","protected":false},"excerpt":{"rendered":"<p>El Ministerio de Energ\u00eda y Minas declara en situaci\u00f3n de emergencia el Sistema Nacional Interconectado. Con el objetivo de garantizar el suministro de energ\u00eda el\u00e9ctrica en el territorio nacional,&nbsp;el&nbsp;Ministerio de Energ\u00eda y Minas (MEM)&nbsp;declar\u00f3 este lunes en situaci\u00f3n de emergencia el Sistema Nacional Interconectado. La medida est\u00e1 contenida en el Acuerdo Ministerial N\u00famero 75-2024\/SG. Este <a class=\"read-more\" href=\"https:\/\/elmetropolitano.com.gt\/es\/mem-busca-garantizar-suministro-de-energia-electrica\/\">Leer m\u00e1s<\/a><\/p>\n","protected":false},"author":1,"featured_media":80102,"comment_status":"open","ping_status":"closed","sticky":false,"template":"","format":"standard","meta":{"footnotes":""},"categories":[2],"tags":[12],"class_list":["post-80101","post","type-post","status-publish","format-standard","has-post-thumbnail","hentry","category-nacionales","tag-nacionales"],"_links":{"self":[{"href":"https:\/\/elmetropolitano.com.gt\/es\/wp-json\/wp\/v2\/posts\/80101","targetHints":{"allow":["GET"]}}],"collection":[{"href":"https:\/\/elmetropolitano.com.gt\/es\/wp-json\/wp\/v2\/posts"}],"about":[{"href":"https:\/\/elmetropolitano.com.gt\/es\/wp-json\/wp\/v2\/types\/post"}],"author":[{"embeddable":true,"href":"https:\/\/elmetropolitano.com.gt\/es\/wp-json\/wp\/v2\/users\/1"}],"replies":[{"embeddable":true,"href":"https:\/\/elmetropolitano.com.gt\/es\/wp-json\/wp\/v2\/comments?post=80101"}],"version-history":[{"count":1,"href":"https:\/\/elmetropolitano.com.gt\/es\/wp-json\/wp\/v2\/posts\/80101\/revisions"}],"predecessor-version":[{"id":80103,"href":"https:\/\/elmetropolitano.com.gt\/es\/wp-json\/wp\/v2\/posts\/80101\/revisions\/80103"}],"wp:featuredmedia":[{"embeddable":true,"href":"https:\/\/elmetropolitano.com.gt\/es\/wp-json\/wp\/v2\/media\/80102"}],"wp:attachment":[{"href":"https:\/\/elmetropolitano.com.gt\/es\/wp-json\/wp\/v2\/media?parent=80101"}],"wp:term":[{"taxonomy":"category","embeddable":true,"href":"https:\/\/elmetropolitano.com.gt\/es\/wp-json\/wp\/v2\/categories?post=80101"},{"taxonomy":"post_tag","embeddable":true,"href":"https:\/\/elmetropolitano.com.gt\/es\/wp-json\/wp\/v2\/tags?post=80101"}],"curies":[{"name":"wp","href":"https:\/\/api.w.org\/{rel}","templated":true}]}}