{"id":80104,"date":"2024-03-18T09:21:31","date_gmt":"2024-03-18T15:21:31","guid":{"rendered":"https:\/\/elmetropolitano.com.gt\/es\/?p=80104"},"modified":"2024-03-18T09:22:28","modified_gmt":"2024-03-18T15:22:28","slug":"guatemala-y-estados-unidos-participan-en-dialogo-economico-de-alto-nivel","status":"publish","type":"post","link":"https:\/\/elmetropolitano.com.gt\/es\/guatemala-y-estados-unidos-participan-en-dialogo-economico-de-alto-nivel\/","title":{"rendered":"Guatemala y Estados Unidos participan en di\u00e1logo econ\u00f3mico de alto nivel"},"content":{"rendered":"\n<p>El objetivo es impulsar el crecimiento econ\u00f3mico inclusivo en Centroam\u00e9rica para abordar las causas profundas de la migraci\u00f3n irregular.<\/p>\n\n\n\n<p>Ciudad de Guatemala, 18 mar. (<a href=\"https:\/\/agn.gt\/\">AGN<\/a>).- Autoridades de los Gobiernos de&nbsp;<a href=\"https:\/\/twitter.com\/GuatemalaGob\">Guatemala<\/a>&nbsp;y Estados Unidos participan este lunes en el Di\u00e1logo Econ\u00f3mico de Alto Nivel, en el Palacio Nacional.<\/p><div class=\"elmet-contenido\" id=\"elmet-1091558065\"><div class=\"elmet-adlabel\">Anuncios<\/div><div style=\"margin-top: 20px;margin-right: 20px;margin-bottom: 20px;margin-left: 20px;\" id=\"elmet-557998484\"><a href=\"https:\/\/www.facebook.com\/arrincuanantigua\/\" aria-label=\"cintillo-arrin-cual\"><img loading=\"lazy\" decoding=\"async\" src=\"https:\/\/elmetropolitano.com.gt\/es\/wp-content\/uploads\/2021\/11\/cintillo-arrin-cual-1.jpg\" alt=\"\"  srcset=\"https:\/\/elmetropolitano.com.gt\/es\/wp-content\/uploads\/2021\/11\/cintillo-arrin-cual-1.jpg 750w, https:\/\/elmetropolitano.com.gt\/es\/wp-content\/uploads\/2021\/11\/cintillo-arrin-cual-1-300x36.jpg 300w, https:\/\/elmetropolitano.com.gt\/es\/wp-content\/uploads\/2021\/11\/cintillo-arrin-cual-1-600x72.jpg 600w\" sizes=\"(max-width: 750px) 100vw, 750px\" width=\"750\" height=\"90\"   \/><\/a><\/div><\/div>\n\n\n\n<p>As\u00ed lo inform\u00f3 la Embajada de los Estados Unidos a trav\u00e9s de un comunicado oficial:<\/p>\n\n\n\n<blockquote class=\"wp-block-quote is-layout-flow wp-block-quote-is-layout-flow\">\n<p>El subsecretario de Crecimiento Econ\u00f3mico, Energ\u00eda y Medio Ambiente, Jos\u00e9 W. Fern\u00e1ndez, viaj\u00f3 a la Ciudad de Guatemala, Guatemala, para encabezar la delegaci\u00f3n estadounidense en el primer Di\u00e1logo Econ\u00f3mico de Alto Nivel entre Estados Unidos y Guatemala el 18 de marzo.<\/p>\n<\/blockquote>\n\n\n\n<p>Este primer Di\u00e1logo Econ\u00f3mico de Alto Nivel entre ambas naciones se traduce en un paso emocionante hacia un futuro m\u00e1s pr\u00f3spero para todos los guatemaltecos.<\/p>\n\n\n\n<p>Los participantes<\/p>\n\n\n\n<p>El documento de la diplomacia estadounidense se\u00f1ala que en este di\u00e1logo participar\u00e1n representantes adicionales de la Agencia de los Estados Unidos para el Desarrollo Internacional.<\/p>\n\n\n\n<blockquote class=\"wp-block-quote is-layout-flow wp-block-quote-is-layout-flow\">\n<p>Tambi\u00e9n se sumar\u00e1n los departamentos de Estado, de Agricultura y de Trabajo de Estados Unidos, la Agencia de Comercio y Desarrollo de Estados Unidos.<\/p>\n<\/blockquote>\n\n\n\n<p>Adem\u00e1s de la Corporaci\u00f3n Financiera de Desarrollo Internacional de Estados Unidos, la Fundaci\u00f3n Interamericana y la Oficina del Vicepresidente.<\/p>\n\n\n\n<p>El objetivo principal se centran en el impulso del crecimiento econ\u00f3mico inclusivo en Centroam\u00e9rica. Para ello, se hace crucial abordar las causas profundas de la migraci\u00f3n irregular.<\/p>\n\n\n\n<p>Reuniones<\/p>\n\n\n\n<p>Uno de los subsecretarios estadounidenses se reuni\u00f3 con funcionarios guatemaltecos, entre ellos la vicepresidenta Karin Herrera, el 14 de marzo. As\u00ed como con l\u00edderes empresariales, ind\u00edgenas y de la sociedad civil.<\/p>\n\n\n\n<blockquote class=\"wp-block-quote is-layout-flow wp-block-quote-is-layout-flow\">\n<p>Esperamos trabajar con el presidente Ar\u00e9valo y la vicepresidenta Herrera para profundizar la asociaci\u00f3n productiva de nuestros pa\u00edses y promover esfuerzos conjuntos para abordar las causas fundamentales de la migraci\u00f3n irregular.<\/p>\n<\/blockquote>\n\n\n\n<p>El di\u00e1logo busca promover la prosperidad econ\u00f3mica inclusiva, la seguridad alimentaria y la creaci\u00f3n de buenos empleos que beneficien a los guatemaltecos.<\/p>\n\n\n\n<h3 class=\"wp-block-heading\">Agradecimiento<\/h3>\n\n\n\n<p>El jefe adjunto de la misi\u00f3n, Patrik Ventrell, agradeci\u00f3 a la Vicepresidenta esta reuni\u00f3n. Pues ayuda a profundizar m\u00e1s sobre algunos de los temas que se tratan en el evento del lunes.<\/p>\n\n\n\n<blockquote class=\"wp-block-quote is-layout-flow wp-block-quote-is-layout-flow\">\n<p>Queremos profundizar en estos temas porque creemos que la equidad es fundamental para el \u00e9xito de Guatemala y nosotros.<\/p>\n<\/blockquote>\n\n\n\n<p>Asimismo, resalt\u00f3 que, previo al evento, en los pr\u00f3ximos d\u00edas se reunir\u00e1n con otros sectores del pa\u00eds como los representantes de los pueblos ind\u00edgenas y empresarial.<\/p>\n\n\n\n<p>Testo: Brenda Larios<\/p>\n\n\n\n<p><\/p>\n","protected":false},"excerpt":{"rendered":"<p>El objetivo es impulsar el crecimiento econ\u00f3mico inclusivo en Centroam\u00e9rica para abordar las causas profundas de la migraci\u00f3n irregular. Ciudad de Guatemala, 18 mar. (AGN).- Autoridades de los Gobiernos de&nbsp;Guatemala&nbsp;y Estados Unidos participan este lunes en el Di\u00e1logo Econ\u00f3mico de Alto Nivel, en el Palacio Nacional. As\u00ed lo inform\u00f3 la Embajada de los Estados Unidos <a class=\"read-more\" href=\"https:\/\/elmetropolitano.com.gt\/es\/guatemala-y-estados-unidos-participan-en-dialogo-economico-de-alto-nivel\/\">Leer m\u00e1s<\/a><\/p>\n","protected":false},"author":1,"featured_media":80105,"comment_status":"open","ping_status":"closed","sticky":false,"template":"","format":"standard","meta":{"footnotes":""},"categories":[2],"tags":[12],"class_list":["post-80104","post","type-post","status-publish","format-standard","has-post-thumbnail","hentry","category-nacionales","tag-nacionales"],"_links":{"self":[{"href":"https:\/\/elmetropolitano.com.gt\/es\/wp-json\/wp\/v2\/posts\/80104","targetHints":{"allow":["GET"]}}],"collection":[{"href":"https:\/\/elmetropolitano.com.gt\/es\/wp-json\/wp\/v2\/posts"}],"about":[{"href":"https:\/\/elmetropolitano.com.gt\/es\/wp-json\/wp\/v2\/types\/post"}],"author":[{"embeddable":true,"href":"https:\/\/elmetropolitano.com.gt\/es\/wp-json\/wp\/v2\/users\/1"}],"replies":[{"embeddable":true,"href":"https:\/\/elmetropolitano.com.gt\/es\/wp-json\/wp\/v2\/comments?post=80104"}],"version-history":[{"count":2,"href":"https:\/\/elmetropolitano.com.gt\/es\/wp-json\/wp\/v2\/posts\/80104\/revisions"}],"predecessor-version":[{"id":80107,"href":"https:\/\/elmetropolitano.com.gt\/es\/wp-json\/wp\/v2\/posts\/80104\/revisions\/80107"}],"wp:featuredmedia":[{"embeddable":true,"href":"https:\/\/elmetropolitano.com.gt\/es\/wp-json\/wp\/v2\/media\/80105"}],"wp:attachment":[{"href":"https:\/\/elmetropolitano.com.gt\/es\/wp-json\/wp\/v2\/media?parent=80104"}],"wp:term":[{"taxonomy":"category","embeddable":true,"href":"https:\/\/elmetropolitano.com.gt\/es\/wp-json\/wp\/v2\/categories?post=80104"},{"taxonomy":"post_tag","embeddable":true,"href":"https:\/\/elmetropolitano.com.gt\/es\/wp-json\/wp\/v2\/tags?post=80104"}],"curies":[{"name":"wp","href":"https:\/\/api.w.org\/{rel}","templated":true}]}}