{"id":80117,"date":"2024-03-18T09:39:34","date_gmt":"2024-03-18T15:39:34","guid":{"rendered":"https:\/\/elmetropolitano.com.gt\/es\/?p=80117"},"modified":"2024-03-18T09:39:39","modified_gmt":"2024-03-18T15:39:39","slug":"onu-condena-ataque-en-el-que-soldados-guatemaltecos-resultaron-heridos","status":"publish","type":"post","link":"https:\/\/elmetropolitano.com.gt\/es\/onu-condena-ataque-en-el-que-soldados-guatemaltecos-resultaron-heridos\/","title":{"rendered":"ONU condena ataque en el que soldados guatemaltecos resultaron heridos"},"content":{"rendered":"\n<p>La Misi\u00f3n de las Naciones Unidas en la Rep\u00fablica Democr\u00e1tica del Congo conden\u00f3 el ataque al contingente guatemalteco.<\/p>\n\n\n\n<p>La misi\u00f3n de las Naciones Unidas en la Rep\u00fablica Democr\u00e1tica del Congo (Monusco) conden\u00f3&nbsp;<a href=\"https:\/\/agn.gt\/soldados-guatemaltecos-heridos-en-republica-democratica-del-congo-estan-fuera-de-peligro\/\">el ataque en que ocho cascos azules, incluyendo siete guatemaltecos, resultaron heridos.<\/a><\/p><div class=\"elmet-contenido\" id=\"elmet-3250747113\"><div class=\"elmet-adlabel\">Anuncios<\/div><div style=\"margin-top: 20px;margin-right: 20px;margin-bottom: 20px;margin-left: 20px;\" id=\"elmet-1993652940\"><a href=\"https:\/\/www.facebook.com\/arrincuanantigua\/\" aria-label=\"cintillo-arrin-cual\"><img loading=\"lazy\" decoding=\"async\" src=\"https:\/\/elmetropolitano.com.gt\/es\/wp-content\/uploads\/2021\/11\/cintillo-arrin-cual-1.jpg\" alt=\"\"  srcset=\"https:\/\/elmetropolitano.com.gt\/es\/wp-content\/uploads\/2021\/11\/cintillo-arrin-cual-1.jpg 750w, https:\/\/elmetropolitano.com.gt\/es\/wp-content\/uploads\/2021\/11\/cintillo-arrin-cual-1-300x36.jpg 300w, https:\/\/elmetropolitano.com.gt\/es\/wp-content\/uploads\/2021\/11\/cintillo-arrin-cual-1-600x72.jpg 600w\" sizes=\"(max-width: 750px) 100vw, 750px\" width=\"750\" height=\"90\"   \/><\/a><\/div><\/div>\n\n\n\n<p>Este ataque es atribuido al Movimiento 23 de marzo (M23), un grupo rebelde que est\u00e1 en conflicto con el ej\u00e9rcito congole\u00f1o y que ha aumentado su violencia en las \u00faltimas semanas.<\/p>\n\n\n\n<p>La jefa de la Monusco, Bintou Keita, \u201ccondena, con la mayor firmeza, el ataque contra los cascos azules ocurrido el 16 de marzo en Sake. Ocho cascos azules resultaron heridos, uno de ellos de gravedad\u201d, se\u00f1al\u00f3 la misi\u00f3n en un comunicado.<\/p>\n\n\n\n<blockquote class=\"wp-block-quote is-layout-flow wp-block-quote-is-layout-flow\">\n<p>\u201cBintou Keita reafirma el compromiso de la Monusco al lado de las Fuerzas de Defensa y de Seguridad congole\u00f1as para reforzar las patrullas conjuntas y unilaterales con el objetivo de proteger a la poblaci\u00f3n civil\u201d, a\u00f1adi\u00f3.<\/p>\n<\/blockquote>\n\n\n\n<p>El Ej\u00e9rcito de Guatemala confirm\u00f3 que seis soldados y un oficial resultaron heridos en un ataque con granadas al contingente guatemalteco que forma parte de la misi\u00f3n de Naciones Unidas en la Rep\u00fablica Democr\u00e1tica del Congo.<\/p>\n\n\n\n<p>Dos de los cascos azules guatemaltecos debieron ser intervenidos quir\u00fargicamente, pero el vocero del Ej\u00e9rcito, coronel Rub\u00e9n Tellez, confirm\u00f3 que \u201cest\u00e1n fuera de peligro\u201d y todos se encuentran en recuperaci\u00f3n.<\/p>\n\n\n\n<p>Todos los heridos, a los que se suma un soldado indio, fueron atendidos en el hospital de la misi\u00f3n que es administrado por el contingente de India.<\/p>\n\n\n\n<p>Al finalizar su recuperaci\u00f3n, los soldados guatemaltecos continuar\u00e1n con su labor en la Rep\u00fablica Democr\u00e1tica del Congo.<\/p>\n\n\n\n<p>Esta no es la primera vez que guatemaltecos son atacados en ese pa\u00eds. En 2006, ocho soldados murieron durante una emboscada mientras realizaban un patrullaje de reconocimiento. Adem\u00e1s, incluyendo a los que sufrieron el ataque este 16 de marzo, son 13 soldados guatemaltecos los que han resultado heridos durante la misi\u00f3n de Naciones Unidas.<\/p>\n\n\n\n<p>Texto: Juan Manuel Vega<\/p>\n\n\n\n<figure class=\"wp-block-gallery has-nested-images columns-default is-cropped wp-block-gallery-1 is-layout-flex wp-block-gallery-is-layout-flex\">\n<figure class=\"wp-block-image size-large\"><img loading=\"lazy\" decoding=\"async\" width=\"750\" height=\"375\" data-id=\"80119\" src=\"https:\/\/elmetropolitano.com.gt\/es\/wp-content\/uploads\/2024\/03\/cascos-azules-Guatemala-750x375-2.jpeg\" alt=\"\" class=\"wp-image-80119\" srcset=\"https:\/\/elmetropolitano.com.gt\/es\/wp-content\/uploads\/2024\/03\/cascos-azules-Guatemala-750x375-2.jpeg 750w, https:\/\/elmetropolitano.com.gt\/es\/wp-content\/uploads\/2024\/03\/cascos-azules-Guatemala-750x375-2-300x150.jpeg 300w\" sizes=\"auto, (max-width: 750px) 100vw, 750px\" \/><\/figure>\n\n\n\n<figure class=\"wp-block-image size-large\"><img loading=\"lazy\" decoding=\"async\" width=\"360\" height=\"180\" data-id=\"80120\" src=\"https:\/\/elmetropolitano.com.gt\/es\/wp-content\/uploads\/2024\/03\/soldados-guatemaltecos-en-el-congo-360x180-1.jpeg\" alt=\"\" class=\"wp-image-80120\" srcset=\"https:\/\/elmetropolitano.com.gt\/es\/wp-content\/uploads\/2024\/03\/soldados-guatemaltecos-en-el-congo-360x180-1.jpeg 360w, https:\/\/elmetropolitano.com.gt\/es\/wp-content\/uploads\/2024\/03\/soldados-guatemaltecos-en-el-congo-360x180-1-300x150.jpeg 300w\" sizes=\"auto, (max-width: 360px) 100vw, 360px\" \/><\/figure>\n<\/figure>\n","protected":false},"excerpt":{"rendered":"<p>La Misi\u00f3n de las Naciones Unidas en la Rep\u00fablica Democr\u00e1tica del Congo conden\u00f3 el ataque al contingente guatemalteco. La misi\u00f3n de las Naciones Unidas en la Rep\u00fablica Democr\u00e1tica del Congo (Monusco) conden\u00f3&nbsp;el ataque en que ocho cascos azules, incluyendo siete guatemaltecos, resultaron heridos. Este ataque es atribuido al Movimiento 23 de marzo (M23), un grupo <a class=\"read-more\" href=\"https:\/\/elmetropolitano.com.gt\/es\/onu-condena-ataque-en-el-que-soldados-guatemaltecos-resultaron-heridos\/\">Leer m\u00e1s<\/a><\/p>\n","protected":false},"author":1,"featured_media":80118,"comment_status":"open","ping_status":"closed","sticky":false,"template":"","format":"standard","meta":{"footnotes":""},"categories":[2],"tags":[12],"class_list":["post-80117","post","type-post","status-publish","format-standard","has-post-thumbnail","hentry","category-nacionales","tag-nacionales"],"_links":{"self":[{"href":"https:\/\/elmetropolitano.com.gt\/es\/wp-json\/wp\/v2\/posts\/80117","targetHints":{"allow":["GET"]}}],"collection":[{"href":"https:\/\/elmetropolitano.com.gt\/es\/wp-json\/wp\/v2\/posts"}],"about":[{"href":"https:\/\/elmetropolitano.com.gt\/es\/wp-json\/wp\/v2\/types\/post"}],"author":[{"embeddable":true,"href":"https:\/\/elmetropolitano.com.gt\/es\/wp-json\/wp\/v2\/users\/1"}],"replies":[{"embeddable":true,"href":"https:\/\/elmetropolitano.com.gt\/es\/wp-json\/wp\/v2\/comments?post=80117"}],"version-history":[{"count":1,"href":"https:\/\/elmetropolitano.com.gt\/es\/wp-json\/wp\/v2\/posts\/80117\/revisions"}],"predecessor-version":[{"id":80121,"href":"https:\/\/elmetropolitano.com.gt\/es\/wp-json\/wp\/v2\/posts\/80117\/revisions\/80121"}],"wp:featuredmedia":[{"embeddable":true,"href":"https:\/\/elmetropolitano.com.gt\/es\/wp-json\/wp\/v2\/media\/80118"}],"wp:attachment":[{"href":"https:\/\/elmetropolitano.com.gt\/es\/wp-json\/wp\/v2\/media?parent=80117"}],"wp:term":[{"taxonomy":"category","embeddable":true,"href":"https:\/\/elmetropolitano.com.gt\/es\/wp-json\/wp\/v2\/categories?post=80117"},{"taxonomy":"post_tag","embeddable":true,"href":"https:\/\/elmetropolitano.com.gt\/es\/wp-json\/wp\/v2\/tags?post=80117"}],"curies":[{"name":"wp","href":"https:\/\/api.w.org\/{rel}","templated":true}]}}