{"id":80135,"date":"2024-03-18T19:42:30","date_gmt":"2024-03-19T01:42:30","guid":{"rendered":"https:\/\/elmetropolitano.com.gt\/es\/?p=80135"},"modified":"2024-03-18T19:42:30","modified_gmt":"2024-03-19T01:42:30","slug":"congreso-sin-acuerdos-no-hay-sesion-plenaria","status":"publish","type":"post","link":"https:\/\/elmetropolitano.com.gt\/es\/congreso-sin-acuerdos-no-hay-sesion-plenaria\/","title":{"rendered":"Congreso sin acuerdos&#8230;No hay sesi\u00f3n plenaria"},"content":{"rendered":"\n<p>El mal manejo de las sesiones plenarias y ahora sin acuerdos, porque al parecer se rompi\u00f3 la alianza, la Junta Directiva del Congreso se reuni\u00f3 de emergencia para celebrar por lo menos una sesi\u00f3n plenaria, pero no llegaron a ning\u00fan acuerdo.<\/p>\n\n\n\n<p>Ni <a><\/a>siquiera estar\u00edan cumpliendo con citar a sesi\u00f3n de la instancia de jefes de bloque, mientras que ya hay inconformidades.<\/p><div class=\"elmet-contenido\" id=\"elmet-3433454559\"><div class=\"elmet-adlabel\">Anuncios<\/div><div style=\"margin-top: 20px;margin-right: 20px;margin-bottom: 20px;margin-left: 20px;\" id=\"elmet-392598114\"><a href=\"https:\/\/www.facebook.com\/arrincuanantigua\/\" aria-label=\"cintillo-arrin-cual\"><img loading=\"lazy\" decoding=\"async\" src=\"https:\/\/elmetropolitano.com.gt\/es\/wp-content\/uploads\/2021\/11\/cintillo-arrin-cual-1.jpg\" alt=\"\"  srcset=\"https:\/\/elmetropolitano.com.gt\/es\/wp-content\/uploads\/2021\/11\/cintillo-arrin-cual-1.jpg 750w, https:\/\/elmetropolitano.com.gt\/es\/wp-content\/uploads\/2021\/11\/cintillo-arrin-cual-1-300x36.jpg 300w, https:\/\/elmetropolitano.com.gt\/es\/wp-content\/uploads\/2021\/11\/cintillo-arrin-cual-1-600x72.jpg 600w\" sizes=\"(max-width: 750px) 100vw, 750px\" width=\"750\" height=\"90\"   \/><\/a><\/div><\/div>\n\n\n\n<p>La semana pasada ocurri\u00f3 lo mismo. S\u00f3lo que por lo menos hubo una sesi\u00f3n plenaria, la del jueves. Ahora los opositores dice que al no haber sesi\u00f3n ni el jueves se viola la Ley Org\u00e1nica del Organismo Legislativo (LOOL).<\/p>\n\n\n\n<p>El diputado Adim Maldonado, de la UNE, ya lo hab\u00eda anunciado en las redes sociales indicando que no se pod\u00eda suspender las sesiones plenarias as\u00ed por as\u00ed.<\/p>\n\n\n\n<p>Diputados del Pacto de Corruptos<\/p>\n\n\n\n<p>se pueden aprovechar\u2026<\/p>\n\n\n\n<p>El diputado Orlando Blanco de VOS, expres\u00f3 que el pacto de corruptos se puede aprovechar de esta situaci\u00f3n. Aunque tambi\u00e9n lo vio con optimismo. La ventaja es que hay dos semanas para negociar. Esto tomando en cuenta que la pr\u00f3xima semana se tiene de descanso.<\/p>\n\n\n\n<p>Reconoci\u00f3 que no se puede esconder que hay lucha por las cuotas de poder y hay que ponerse de acuerdo. Hay compromisos que no se han cumplido, se\u00f1al\u00f3.<\/p>\n\n\n\n<p>Mencion\u00f3 que entre las bancadas que presionan son la UNE y CABAL. Los diputados de este \u00faltimo bloque Legislativo en menci\u00f3n, afirmaron que no van a desistir y est\u00e1n firmes en su decisi\u00f3n de apoyar a Manuel Archila para integrar la Junta Monetaria y tambi\u00e9n al diputado representante de la UNE.<\/p>\n\n\n\n<p>Luis Aguirre Jefe de esta Bancada agreg\u00f3 que no apoyar\u00e1n m\u00e1s a Semilla por la inmadurez pol\u00edtica que han demostrado.<\/p>\n\n\n\n<p>El presidente del Congreso, Nery Ramos, asegur\u00f3 que \u00abescucharon rumores que la oposici\u00f3n no votar\u00eda a favor de la agenda de las sesiones plenarias\u00bb, y por eso tomaron la decisi\u00f3n de no convocar a Jefes de Bloque.<\/p>\n\n\n\n<p>Los jefes de bloque de VAMOS, Unionistas y VALOR, manifestaron su rechazo ante la decisi\u00f3n de la Junta Directiva de no sesionar esta semana.<\/p>\n\n\n\n<p>A la vez de se\u00f1alar al diputado Samuel P\u00e9rez como caprichoso y enfermo de poder, en acaparar todo, incluyendo la Junta Monetaria.<\/p>\n\n\n\n<p>Hicieron ver que de balde sirvi\u00f3 la reuni\u00f3n que tuvieron los jefes de bloque aliados y la Junta Directiva con el presidente Bernardo Ar\u00e9valo ya que no llegaron a nada.<\/p>\n\n\n\n<p><a href=\"https:\/\/www.facebook.com\/hashtag\/congresogt?__eep__=6&amp;__cft__[0]=AZUS35Tcq2UQm7crFNeWqvUSLEs4xq27OCWfmm_9i90GK1CftnNb30DjZNpwHF1GwCvTvPnYJFh2Mpuy85ekuOadD6K946kaGf7fsZmk08_gJ2gShwMYV3NZufInyy0ajWcBOh4y63muKC6arWtrSp35AC5Oic5cy6pF0eYEgut8kHO6gunwmOB1FDjn0C4bEIo&amp;__tn__=*NK-R\">#CongresoGT<\/a><a href=\"https:\/\/www.facebook.com\/hashtag\/metroredes?__eep__=6&amp;__cft__[0]=AZUS35Tcq2UQm7crFNeWqvUSLEs4xq27OCWfmm_9i90GK1CftnNb30DjZNpwHF1GwCvTvPnYJFh2Mpuy85ekuOadD6K946kaGf7fsZmk08_gJ2gShwMYV3NZufInyy0ajWcBOh4y63muKC6arWtrSp35AC5Oic5cy6pF0eYEgut8kHO6gunwmOB1FDjn0C4bEIo&amp;__tn__=*NK-R\">#metroredes<\/a><\/p>\n\n\n\n<p><\/p>\n","protected":false},"excerpt":{"rendered":"<p>El mal manejo de las sesiones plenarias y ahora sin acuerdos, porque al parecer se rompi\u00f3 la alianza, la Junta Directiva del Congreso se reuni\u00f3 de emergencia para celebrar por lo menos una sesi\u00f3n plenaria, pero no llegaron a ning\u00fan acuerdo. Ni siquiera estar\u00edan cumpliendo con citar a sesi\u00f3n de la instancia de jefes de <a class=\"read-more\" href=\"https:\/\/elmetropolitano.com.gt\/es\/congreso-sin-acuerdos-no-hay-sesion-plenaria\/\">Leer m\u00e1s<\/a><\/p>\n","protected":false},"author":1,"featured_media":80136,"comment_status":"open","ping_status":"closed","sticky":false,"template":"","format":"standard","meta":{"footnotes":""},"categories":[2],"tags":[12],"class_list":["post-80135","post","type-post","status-publish","format-standard","has-post-thumbnail","hentry","category-nacionales","tag-nacionales"],"_links":{"self":[{"href":"https:\/\/elmetropolitano.com.gt\/es\/wp-json\/wp\/v2\/posts\/80135","targetHints":{"allow":["GET"]}}],"collection":[{"href":"https:\/\/elmetropolitano.com.gt\/es\/wp-json\/wp\/v2\/posts"}],"about":[{"href":"https:\/\/elmetropolitano.com.gt\/es\/wp-json\/wp\/v2\/types\/post"}],"author":[{"embeddable":true,"href":"https:\/\/elmetropolitano.com.gt\/es\/wp-json\/wp\/v2\/users\/1"}],"replies":[{"embeddable":true,"href":"https:\/\/elmetropolitano.com.gt\/es\/wp-json\/wp\/v2\/comments?post=80135"}],"version-history":[{"count":1,"href":"https:\/\/elmetropolitano.com.gt\/es\/wp-json\/wp\/v2\/posts\/80135\/revisions"}],"predecessor-version":[{"id":80137,"href":"https:\/\/elmetropolitano.com.gt\/es\/wp-json\/wp\/v2\/posts\/80135\/revisions\/80137"}],"wp:featuredmedia":[{"embeddable":true,"href":"https:\/\/elmetropolitano.com.gt\/es\/wp-json\/wp\/v2\/media\/80136"}],"wp:attachment":[{"href":"https:\/\/elmetropolitano.com.gt\/es\/wp-json\/wp\/v2\/media?parent=80135"}],"wp:term":[{"taxonomy":"category","embeddable":true,"href":"https:\/\/elmetropolitano.com.gt\/es\/wp-json\/wp\/v2\/categories?post=80135"},{"taxonomy":"post_tag","embeddable":true,"href":"https:\/\/elmetropolitano.com.gt\/es\/wp-json\/wp\/v2\/tags?post=80135"}],"curies":[{"name":"wp","href":"https:\/\/api.w.org\/{rel}","templated":true}]}}