{"id":80144,"date":"2024-03-18T19:46:20","date_gmt":"2024-03-19T01:46:20","guid":{"rendered":"https:\/\/elmetropolitano.com.gt\/es\/?p=80144"},"modified":"2024-03-18T19:46:20","modified_gmt":"2024-03-19T01:46:20","slug":"sequia-afecta-el-mercado-energetico-en-guatemala","status":"publish","type":"post","link":"https:\/\/elmetropolitano.com.gt\/es\/sequia-afecta-el-mercado-energetico-en-guatemala\/","title":{"rendered":"Sequ\u00eda afecta el mercado energ\u00e9tico en Guatemala"},"content":{"rendered":"\n<p>El titular del Ministerio de Energ\u00eda y Minas, V\u00edctor Hugo Ventura, anunci\u00f3 en una conferencia de prensa el impacto de la sequ\u00eda en el mercado energ\u00e9tico guatemalteco. La situaci\u00f3n ha llevado a declarar una emergencia en el sistema nacional interconectado.<\/p>\n\n\n\n<p>La <a><\/a>declaratoria de emergencia, seg\u00fan el Acuerdo Ministerial N\u00famero 65-2024, se encuentra vigente hasta el 31 de mayo. El plazo se pens\u00f3 debido a que el fen\u00f3meno de El Ni\u00f1o est\u00e1 teniendo repercusiones a nivel regional, y se espera que afecte hasta finales del mes en menci\u00f3n.<\/p><div class=\"elmet-contenido\" id=\"elmet-2437570529\"><div class=\"elmet-adlabel\">Anuncios<\/div><div style=\"margin-top: 20px;margin-right: 20px;margin-bottom: 20px;margin-left: 20px;\" id=\"elmet-2080087289\"><a href=\"https:\/\/www.facebook.com\/arrincuanantigua\/\" aria-label=\"cintillo-arrin-cual\"><img loading=\"lazy\" decoding=\"async\" src=\"https:\/\/elmetropolitano.com.gt\/es\/wp-content\/uploads\/2021\/11\/cintillo-arrin-cual-1.jpg\" alt=\"\"  srcset=\"https:\/\/elmetropolitano.com.gt\/es\/wp-content\/uploads\/2021\/11\/cintillo-arrin-cual-1.jpg 750w, https:\/\/elmetropolitano.com.gt\/es\/wp-content\/uploads\/2021\/11\/cintillo-arrin-cual-1-300x36.jpg 300w, https:\/\/elmetropolitano.com.gt\/es\/wp-content\/uploads\/2021\/11\/cintillo-arrin-cual-1-600x72.jpg 600w\" sizes=\"(max-width: 750px) 100vw, 750px\" width=\"750\" height=\"90\"   \/><\/a><\/div><\/div>\n\n\n\n<p>El Ni\u00f1o afecta actualmente el canal de Panam\u00e1, provocando una disminuci\u00f3n en los niveles de su represa debido a la falta de agua. Esto ha resultado en una reducci\u00f3n en el paso de buques por la zona, afectando el transporte de combustibles hacia Guatemala.<\/p>\n\n\n\n<p>El 75 % de los combustibles ingresan a Guatemala por el Pac\u00edfico, y el restante 25 % por el Atl\u00e1ntico. Con la situaci\u00f3n en el canal de Panam\u00e1, los embarques que normalmente tardaban tres semanas ahora podr\u00edan demorar entre seis semanas y dos meses, afectando el suministro local de esta fuente de energ\u00eda.<\/p>\n\n\n\n<p>Impacto en las hidroel\u00e9ctricas<\/p>\n\n\n\n<p>La reducci\u00f3n de lluvias tambi\u00e9n ha impactado negativamente en las hidroel\u00e9ctricas, disminuyendo la disponibilidad de agua para la generaci\u00f3n de energ\u00eda en las represas.<\/p>\n\n\n\n<p>A pesar de los desaf\u00edos, se ha observado un incremento en la demanda de electricidad, lo que sugiere un crecimiento econ\u00f3mico del 9 % en comparaci\u00f3n con el a\u00f1o pasado.<\/p>\n\n\n\n<p>Esta tendencia positiva refleja un funcionamiento saludable de la econom\u00eda. Sin embargo, la sequ\u00eda est\u00e1 afectando la producci\u00f3n de electricidad.<\/p>\n\n\n\n<p>En este sentido, se espera que el Administrador del Mercado Mayorista pueda programar despachos termoel\u00e9ctricos m\u00e1s considerables. Adem\u00e1s de autorizar compras adicionales de combustible para asegurar el abastecimiento local de energ\u00eda el\u00e9ctrica.<\/p>\n\n\n\n<p>En cuanto al consumo en los hogares, el funcionario indic\u00f3 que ser\u00e1n los \u00faltimos en ser afectados, si llegara a suceder, aunque record\u00f3 que sigue vigente la tarifa social y ser\u00eda la Comisi\u00f3n Nacional de Energ\u00eda El\u00e9ctrica del Congreso la que tendr\u00eda voz en el asunto.<\/p>\n\n\n\n<p>El Instituto Nacional de Electrificaci\u00f3n tambi\u00e9n est\u00e1 gestionando cuidadosamente el embalse de Chixoy para garantizar el suministro de agua.<\/p>\n\n\n\n<p>Asimismo, el ministro Ventura se\u00f1al\u00f3 que el aumento en el precio de las gasolinas y di\u00e9sel responde a la demanda a nivel global.<\/p>\n\n\n\n<p>La sequ\u00eda ha mostrado en diversas ocasiones las repercusiones en los pa\u00edses en desarrollo como Guatemala. En esta ocasi\u00f3n, afectando el mercado de fuentes de energ\u00eda.<\/p>\n\n\n\n<p>Ante el panorama energ\u00e9tico del pa\u00eds, el ministro Ventura hizo un llamado a los ciudadanos para mantener un manejo adecuado y responsable de la energ\u00eda<\/p>\n\n\n\n<p>Lincy Rodriguez<\/p>\n\n\n\n<p><a href=\"https:\/\/www.facebook.com\/hashtag\/sequia?__eep__=6&amp;__cft__[0]=AZXQX5npZwu_LaqUdFo12Nmu9ydGPV6VvaGOtJHyo1p5iJDRuHgzsqxRhVZYtBca94p6MWugO_D5q-0DLjbWnWR6Ye6mR3wCDXIP36pQVqe4e7CCB6TiWVcl7zeRddkxlYXr96PZdxA21p8HYbFzsy6tTCPXSjoSWzA9Nzw3FQg8NCkmD0glmQ0Bf998uSsOHpQ&amp;__tn__=*NK-R\">#Sequia<\/a><a href=\"https:\/\/www.facebook.com\/hashtag\/fenomenodelnin%CC%83o?__eep__=6&amp;__cft__[0]=AZXQX5npZwu_LaqUdFo12Nmu9ydGPV6VvaGOtJHyo1p5iJDRuHgzsqxRhVZYtBca94p6MWugO_D5q-0DLjbWnWR6Ye6mR3wCDXIP36pQVqe4e7CCB6TiWVcl7zeRddkxlYXr96PZdxA21p8HYbFzsy6tTCPXSjoSWzA9Nzw3FQg8NCkmD0glmQ0Bf998uSsOHpQ&amp;__tn__=*NK-R\">#fenomenodelni\u00f1o<\/a><a href=\"https:\/\/www.facebook.com\/hashtag\/metroredes?__eep__=6&amp;__cft__[0]=AZXQX5npZwu_LaqUdFo12Nmu9ydGPV6VvaGOtJHyo1p5iJDRuHgzsqxRhVZYtBca94p6MWugO_D5q-0DLjbWnWR6Ye6mR3wCDXIP36pQVqe4e7CCB6TiWVcl7zeRddkxlYXr96PZdxA21p8HYbFzsy6tTCPXSjoSWzA9Nzw3FQg8NCkmD0glmQ0Bf998uSsOHpQ&amp;__tn__=*NK-R\">#metroredes<\/a><\/p>\n\n\n\n<p><\/p>\n","protected":false},"excerpt":{"rendered":"<p>El titular del Ministerio de Energ\u00eda y Minas, V\u00edctor Hugo Ventura, anunci\u00f3 en una conferencia de prensa el impacto de la sequ\u00eda en el mercado energ\u00e9tico guatemalteco. La situaci\u00f3n ha llevado a declarar una emergencia en el sistema nacional interconectado. La declaratoria de emergencia, seg\u00fan el Acuerdo Ministerial N\u00famero 65-2024, se encuentra vigente hasta el <a class=\"read-more\" href=\"https:\/\/elmetropolitano.com.gt\/es\/sequia-afecta-el-mercado-energetico-en-guatemala\/\">Leer m\u00e1s<\/a><\/p>\n","protected":false},"author":1,"featured_media":80145,"comment_status":"open","ping_status":"closed","sticky":false,"template":"","format":"standard","meta":{"footnotes":""},"categories":[2],"tags":[12],"class_list":["post-80144","post","type-post","status-publish","format-standard","has-post-thumbnail","hentry","category-nacionales","tag-nacionales"],"_links":{"self":[{"href":"https:\/\/elmetropolitano.com.gt\/es\/wp-json\/wp\/v2\/posts\/80144","targetHints":{"allow":["GET"]}}],"collection":[{"href":"https:\/\/elmetropolitano.com.gt\/es\/wp-json\/wp\/v2\/posts"}],"about":[{"href":"https:\/\/elmetropolitano.com.gt\/es\/wp-json\/wp\/v2\/types\/post"}],"author":[{"embeddable":true,"href":"https:\/\/elmetropolitano.com.gt\/es\/wp-json\/wp\/v2\/users\/1"}],"replies":[{"embeddable":true,"href":"https:\/\/elmetropolitano.com.gt\/es\/wp-json\/wp\/v2\/comments?post=80144"}],"version-history":[{"count":1,"href":"https:\/\/elmetropolitano.com.gt\/es\/wp-json\/wp\/v2\/posts\/80144\/revisions"}],"predecessor-version":[{"id":80146,"href":"https:\/\/elmetropolitano.com.gt\/es\/wp-json\/wp\/v2\/posts\/80144\/revisions\/80146"}],"wp:featuredmedia":[{"embeddable":true,"href":"https:\/\/elmetropolitano.com.gt\/es\/wp-json\/wp\/v2\/media\/80145"}],"wp:attachment":[{"href":"https:\/\/elmetropolitano.com.gt\/es\/wp-json\/wp\/v2\/media?parent=80144"}],"wp:term":[{"taxonomy":"category","embeddable":true,"href":"https:\/\/elmetropolitano.com.gt\/es\/wp-json\/wp\/v2\/categories?post=80144"},{"taxonomy":"post_tag","embeddable":true,"href":"https:\/\/elmetropolitano.com.gt\/es\/wp-json\/wp\/v2\/tags?post=80144"}],"curies":[{"name":"wp","href":"https:\/\/api.w.org\/{rel}","templated":true}]}}