{"id":80151,"date":"2024-03-19T08:11:28","date_gmt":"2024-03-19T14:11:28","guid":{"rendered":"https:\/\/elmetropolitano.com.gt\/es\/?p=80151"},"modified":"2024-03-19T08:11:33","modified_gmt":"2024-03-19T14:11:33","slug":"bernardo-arevalo-se-reunira-con-kamala-harris-en-washington","status":"publish","type":"post","link":"https:\/\/elmetropolitano.com.gt\/es\/bernardo-arevalo-se-reunira-con-kamala-harris-en-washington\/","title":{"rendered":"Bernardo Ar\u00e9valo se reunir\u00e1 con Kamala Harris en Washington"},"content":{"rendered":"\n<p>El presidente Bernardo Ar\u00e9valo acept\u00f3 la invitaci\u00f3n de la vicepresidenta de los Estados Unidos, Kamala Harris, para acudir a la naci\u00f3n norteamericana este mes.<\/p>\n\n\n\n<p>El encuentro se llevar\u00e1 a cabo como una visita oficial el pr\u00f3ximo lunes 25 de marzo. Guatemala y Estados Unidos se encuentran en un buen momento para fortalecer las relaciones entre ambos.<\/p><div class=\"elmet-contenido\" id=\"elmet-3266340550\"><div class=\"elmet-adlabel\">Anuncios<\/div><div style=\"margin-top: 20px;margin-right: 20px;margin-bottom: 20px;margin-left: 20px;\" id=\"elmet-2668768561\"><a href=\"https:\/\/www.facebook.com\/arrincuanantigua\/\" aria-label=\"cintillo-arrin-cual\"><img loading=\"lazy\" decoding=\"async\" src=\"https:\/\/elmetropolitano.com.gt\/es\/wp-content\/uploads\/2021\/11\/cintillo-arrin-cual-1.jpg\" alt=\"\"  srcset=\"https:\/\/elmetropolitano.com.gt\/es\/wp-content\/uploads\/2021\/11\/cintillo-arrin-cual-1.jpg 750w, https:\/\/elmetropolitano.com.gt\/es\/wp-content\/uploads\/2021\/11\/cintillo-arrin-cual-1-300x36.jpg 300w, https:\/\/elmetropolitano.com.gt\/es\/wp-content\/uploads\/2021\/11\/cintillo-arrin-cual-1-600x72.jpg 600w\" sizes=\"(max-width: 750px) 100vw, 750px\" width=\"750\" height=\"90\"   \/><\/a><\/div><\/div>\n\n\n\n<p>Por <a><\/a>ello, Ar\u00e9valo acept\u00f3 esta invitaci\u00f3n que tiene por objetivo avanzar en la agenda bilateral en el marco de un di\u00e1logo franco y abierto. En este sentido, se dar\u00e1n a conocer las prioridades del gobierno de Bernardo Ar\u00e9valo y Karin Herrera. Adem\u00e1s, se aunar\u00e1n esfuerzos con uno de los principales socios de Guatemala.<\/p>\n\n\n\n<p>Seg\u00fan inform\u00f3 el Organismo Ejecutivo, la visita ser\u00e1 una valiosa oportunidad para avanzar de manera conjunta en la amplia agenda de inter\u00e9s com\u00fan.<\/p>\n\n\n\n<p>Metas comunes<\/p>\n\n\n\n<p>Guatemala y Estados Unidos comparten desaf\u00edos del hemisferio, tales como la migraci\u00f3n. Kamala Harris ha estado al frente del abordaje de este tema por parte de la Casa Blanca. En este marco, Ar\u00e9valo ha enfatizado en m\u00faltiples ocasiones que su gobierno posee una visi\u00f3n de respeto a los derechos humanos.<\/p>\n\n\n\n<p>Partiendo de estas bases, los gobernantes podr\u00edan hacer girar la rueda hacia una alternativa que responda a ambos intereses. De este encuentro podr\u00edan surgir planes de inversi\u00f3n en la regi\u00f3n para abordar las causas estructurales de la migraci\u00f3n.<\/p>\n\n\n\n<p>Otro de los objetivos comunes es el combate al crimen organizado transnacional. El gobierno de Ar\u00e9valo ha ensanchado los lazos con varios pa\u00edses de la regi\u00f3n y Estados Unidos es un socio importante con sus servicios de inteligencia, que podr\u00edan aportar a mejorar los resultados de este punto. En ocasiones recientes, en Guatemala han ocurrido mayores incautaciones de droga, especialmente en el mar, inform\u00f3 el Ministerio de Gobernaci\u00f3n.<\/p>\n\n\n\n<p>Mejorar las condiciones de transparencia en el pa\u00eds permitir\u00edan una mayor inversi\u00f3n en iniciativas multisectoriales de desarrollo social. Guatemala ha recibido en este a\u00f1o visitas de delegaciones estadounidenses, en este sentido, especialmente una encabezada por Samantha Power, administradora de la Agencia de los Estados Unidos para el Desarrollo Internacional.<\/p>\n\n\n\n<p>Estados Unidos es un socio grande en la esfera econ\u00f3mica de Guatemala. Este encuentro entre Ar\u00e9valo y Harris podr\u00eda ser el punto de partida para mayor inversi\u00f3n que favorezca el crecimiento sostenible de nuestro pa\u00eds. Esto se refuerza con el reciente primer Di\u00e1logo Econ\u00f3mico de Alto Nivel entre Guatemala y Estados Unidos, llevado a cabo este lunes.<\/p>\n\n\n\n<p>Texto: Daniel Coromac<\/p>\n\n\n\n<figure class=\"wp-block-gallery has-nested-images columns-default is-cropped wp-block-gallery-1 is-layout-flex wp-block-gallery-is-layout-flex\">\n<figure class=\"wp-block-image size-large\"><img loading=\"lazy\" decoding=\"async\" width=\"400\" height=\"400\" data-id=\"80153\" src=\"https:\/\/elmetropolitano.com.gt\/es\/wp-content\/uploads\/2024\/03\/432843867_903011595158258_3869724518854155312_n.jpg\" alt=\"\" class=\"wp-image-80153\" srcset=\"https:\/\/elmetropolitano.com.gt\/es\/wp-content\/uploads\/2024\/03\/432843867_903011595158258_3869724518854155312_n.jpg 400w, https:\/\/elmetropolitano.com.gt\/es\/wp-content\/uploads\/2024\/03\/432843867_903011595158258_3869724518854155312_n-300x300.jpg 300w, https:\/\/elmetropolitano.com.gt\/es\/wp-content\/uploads\/2024\/03\/432843867_903011595158258_3869724518854155312_n-150x150.jpg 150w\" sizes=\"auto, (max-width: 400px) 100vw, 400px\" \/><\/figure>\n\n\n\n<figure class=\"wp-block-image size-large\"><img loading=\"lazy\" decoding=\"async\" width=\"400\" height=\"400\" data-id=\"80154\" src=\"https:\/\/elmetropolitano.com.gt\/es\/wp-content\/uploads\/2024\/03\/433421369_903011591824925_1452273503412827372_n-1.jpg\" alt=\"\" class=\"wp-image-80154\" srcset=\"https:\/\/elmetropolitano.com.gt\/es\/wp-content\/uploads\/2024\/03\/433421369_903011591824925_1452273503412827372_n-1.jpg 400w, https:\/\/elmetropolitano.com.gt\/es\/wp-content\/uploads\/2024\/03\/433421369_903011591824925_1452273503412827372_n-1-300x300.jpg 300w, https:\/\/elmetropolitano.com.gt\/es\/wp-content\/uploads\/2024\/03\/433421369_903011591824925_1452273503412827372_n-1-150x150.jpg 150w\" sizes=\"auto, (max-width: 400px) 100vw, 400px\" \/><\/figure>\n<\/figure>\n","protected":false},"excerpt":{"rendered":"<p>El presidente Bernardo Ar\u00e9valo acept\u00f3 la invitaci\u00f3n de la vicepresidenta de los Estados Unidos, Kamala Harris, para acudir a la naci\u00f3n norteamericana este mes. El encuentro se llevar\u00e1 a cabo como una visita oficial el pr\u00f3ximo lunes 25 de marzo. Guatemala y Estados Unidos se encuentran en un buen momento para fortalecer las relaciones entre <a class=\"read-more\" href=\"https:\/\/elmetropolitano.com.gt\/es\/bernardo-arevalo-se-reunira-con-kamala-harris-en-washington\/\">Leer m\u00e1s<\/a><\/p>\n","protected":false},"author":1,"featured_media":80152,"comment_status":"open","ping_status":"closed","sticky":false,"template":"","format":"standard","meta":{"footnotes":""},"categories":[2],"tags":[12],"class_list":["post-80151","post","type-post","status-publish","format-standard","has-post-thumbnail","hentry","category-nacionales","tag-nacionales"],"_links":{"self":[{"href":"https:\/\/elmetropolitano.com.gt\/es\/wp-json\/wp\/v2\/posts\/80151","targetHints":{"allow":["GET"]}}],"collection":[{"href":"https:\/\/elmetropolitano.com.gt\/es\/wp-json\/wp\/v2\/posts"}],"about":[{"href":"https:\/\/elmetropolitano.com.gt\/es\/wp-json\/wp\/v2\/types\/post"}],"author":[{"embeddable":true,"href":"https:\/\/elmetropolitano.com.gt\/es\/wp-json\/wp\/v2\/users\/1"}],"replies":[{"embeddable":true,"href":"https:\/\/elmetropolitano.com.gt\/es\/wp-json\/wp\/v2\/comments?post=80151"}],"version-history":[{"count":1,"href":"https:\/\/elmetropolitano.com.gt\/es\/wp-json\/wp\/v2\/posts\/80151\/revisions"}],"predecessor-version":[{"id":80155,"href":"https:\/\/elmetropolitano.com.gt\/es\/wp-json\/wp\/v2\/posts\/80151\/revisions\/80155"}],"wp:featuredmedia":[{"embeddable":true,"href":"https:\/\/elmetropolitano.com.gt\/es\/wp-json\/wp\/v2\/media\/80152"}],"wp:attachment":[{"href":"https:\/\/elmetropolitano.com.gt\/es\/wp-json\/wp\/v2\/media?parent=80151"}],"wp:term":[{"taxonomy":"category","embeddable":true,"href":"https:\/\/elmetropolitano.com.gt\/es\/wp-json\/wp\/v2\/categories?post=80151"},{"taxonomy":"post_tag","embeddable":true,"href":"https:\/\/elmetropolitano.com.gt\/es\/wp-json\/wp\/v2\/tags?post=80151"}],"curies":[{"name":"wp","href":"https:\/\/api.w.org\/{rel}","templated":true}]}}