{"id":80206,"date":"2024-03-19T12:47:50","date_gmt":"2024-03-19T18:47:50","guid":{"rendered":"https:\/\/elmetropolitano.com.gt\/es\/?p=80206"},"modified":"2024-03-19T12:47:53","modified_gmt":"2024-03-19T18:47:53","slug":"guatemala-estara-en-paris-2024-coi-levanta-suspension-provisionalmente","status":"publish","type":"post","link":"https:\/\/elmetropolitano.com.gt\/es\/guatemala-estara-en-paris-2024-coi-levanta-suspension-provisionalmente\/","title":{"rendered":"Guatemala estar\u00e1 en Par\u00eds 2024: COI levanta suspensi\u00f3n provisionalmente"},"content":{"rendered":"\n<p>El deporte ol\u00edmpico de Guatemala finalmente ve la luz al final del t\u00fanel, luego de que el Comit\u00e9 Ol\u00edmpico Internacional (COI) levantara la suspensi\u00f3n que ostentaba nuestro pa\u00eds desde el 2022.<\/p>\n\n\n\n<p>Luego de esta medida, los deportistas que logren conseguir su boleto a los pr\u00f3ximos Juegos Ol\u00edmpicos de Par\u00eds 2024, podr\u00e1n utilizar los colores azul y blanco en la cita deportiva m\u00e1s importante del a\u00f1o.<\/p><div class=\"elmet-contenido\" id=\"elmet-193764438\"><div class=\"elmet-adlabel\">Anuncios<\/div><div style=\"margin-top: 20px;margin-right: 20px;margin-bottom: 20px;margin-left: 20px;\" id=\"elmet-3557994508\"><a href=\"https:\/\/www.facebook.com\/arrincuanantigua\/\" aria-label=\"cintillo-arrin-cual\"><img loading=\"lazy\" decoding=\"async\" src=\"https:\/\/elmetropolitano.com.gt\/es\/wp-content\/uploads\/2021\/11\/cintillo-arrin-cual-1.jpg\" alt=\"\"  srcset=\"https:\/\/elmetropolitano.com.gt\/es\/wp-content\/uploads\/2021\/11\/cintillo-arrin-cual-1.jpg 750w, https:\/\/elmetropolitano.com.gt\/es\/wp-content\/uploads\/2021\/11\/cintillo-arrin-cual-1-300x36.jpg 300w, https:\/\/elmetropolitano.com.gt\/es\/wp-content\/uploads\/2021\/11\/cintillo-arrin-cual-1-600x72.jpg 600w\" sizes=\"(max-width: 750px) 100vw, 750px\" width=\"750\" height=\"90\"   \/><\/a><\/div><\/div>\n\n\n\n<p>De <a><\/a>esta manera, luego de los arduos esfuerzos del presidente Bernardo Ar\u00e9valo de abogar hasta el final por los deportistas de Guatemala, el deporte nacional vuelve a sonre\u00edr al ya no cargar con esta suspensi\u00f3n que evitaba que se participara con los colores de nuestro pa\u00eds, aunque a\u00fan es de manera provisional.<\/p>\n\n\n\n<p>El COI levanta la sanci\u00f3n a Guatemala<\/p>\n\n\n\n<p>Luego de estudiar la posibilidad de levantar la suspensi\u00f3n al Comit\u00e9 Ol\u00edmpico Guatemalteco (COG) luego de incurrir en falta a la Carta Ol\u00edmpica en el pasado proceso electoral, este d\u00eda la Comisi\u00f3n Ejecutiva del COI decidi\u00f3 retirar este castigo sobre Guatemala de manera provisional.<\/p>\n\n\n\n<p>Tras la misma, James Macleod, director de Solidaridad Ol\u00edmpica y de relaciones con los comit\u00e9s nacionales, inform\u00f3 de que a la vista de los \u00faltimos acontecimientos \u201cpositivos\u201d, entre los que mencion\u00f3 \u201cla asamblea general extraordinaria\u201d celebrada por el COG el pasado fin de semana, el castigo quedaba levantado.<\/p>\n\n\n\n<p>En dicha asamblea se retir\u00f3 el reconocimiento a Jorge Rodas como presidente, no reconocido por el Movimiento Ol\u00edmpico, y se dieron los primeros pasos para devolver la vigencia a los estatutos aprobados en 2021, que fueron los avalados por el COI.<\/p>\n\n\n\n<p>Por ello, y \u201cen inter\u00e9s de los deportistas\u201d, la Ejecutiva del COI consider\u00f3 conveniente \u201clevantar provisionalmente la suspensi\u00f3n, hasta nuevo aviso\u201d.<\/p>\n\n\n\n<p>\u201cEsto quiere decir\u201d, dijo Macleod, \u201cque los deportistas de Guatemala pueden preparar los Juegos de Par\u00eds, donde competir\u00e1n con su bandera y su himno, como en otras competiciones\u201d.<\/p>\n\n\n\n<p>Los cimientos para tomar esta decisi\u00f3n quedaron establecidos el mes pasado, en una reuni\u00f3n que mantuvieron el presidente del COI, el alem\u00e1n Thomas Bach, y el presidente guatemalteco, Bernardo Ar\u00e9valo de Le\u00f3n, que desbloque\u00f3 la situaci\u00f3n.<\/p>\n\n\n\n<p>De esta manera, luego de estar fuera de los Juegos Centroamericanos y del Caribe de San Salvador 2023 y Juegos Panamericanos Santiago de Chile 2023 en los que no pudieron, los atletas podr\u00e1n utilizar nuevamente a portar los colores de Guatemala en la mayor cita ol\u00edmpica.<\/p>\n\n\n\n<p>Por tanto, Guatemala participar\u00e1 por 15 veces en los Juegos Ol\u00edmpicos de forma ininterrumpida, luego de comenzar en M\u00e9xico 1968 hasta los \u00faltimos en disputarse en Tokio 2020.<\/p>\n\n\n\n<p>Guatemaltecos clasificados a Par\u00eds<\/p>\n\n\n\n<p>De esta manera, desde la apertura a las clasificaciones para la mayor cita ol\u00edmpica, Guatemala ya suma diez atletas clasificados para los Juegos que se desarrollar\u00e1n entre el 26 de julio y el 11 de agosto.<\/p>\n\n\n\n<p>-Sebasti\u00e1n Berm\u00fadez \u2013 tiro con armas de caza<\/p>\n\n\n\n<p>-Jos\u00e9 Alejandro Barrondo \u2013 marcha<\/p>\n\n\n\n<p>Adriana Ruano \u2013 tiro con armas de caza<\/p>\n\n\n\n<p>-Andr\u00e9s Fern\u00e1ndez \u2013 pentatl\u00f3n moderno<\/p>\n\n\n\n<p>-Jean Pierre Brol \u2013 tiro con armas de caza<\/p>\n\n\n\n<p>-Juan Ignacio Maegli \u2013 navegaci\u00f3n a vela<\/p>\n\n\n\n<p>-Luis Grijalva \u2013 5 mil metros atletismo<\/p>\n\n\n\n<p>Sophia Hern\u00e1ndez \u2013 pentatl\u00f3n moderno<\/p>\n\n\n\n<p>-Alberto Gonz\u00e1lez \u2013 marat\u00f3n<\/p>\n\n\n\n<p>-Waleska Soto \u2013 tiro con armas de caza<\/p>\n\n\n\n<p>Texto: Josu\u00e9 David Acevedo Rivas<\/p>\n\n\n\n<p><a href=\"https:\/\/www.facebook.com\/hashtag\/juegosolimpicosparis2024?__eep__=6&amp;__cft__[0]=AZUYi2zoXf6qQQ01u44bowVfvc0M9IQ2qL3OzFaBf1ZQv-OKQynEJw2S_jtI0ocPK69Ebycz7PsZniVM6CyP-cYCBOu6igwmHQMEeIyKuPkaCs8kQdVsmiu1MmC1g9wrRyX4WZdKtE_9FVbIPl7y-TcGtzl1t3gpAe4MRxhlH6rEd3uDN0_nY-llH4RmSCiAv5Q&amp;__tn__=*NK-R\">#JuegosOlimpicosParis2024<\/a><a href=\"https:\/\/www.facebook.com\/hashtag\/metroredes?__eep__=6&amp;__cft__[0]=AZUYi2zoXf6qQQ01u44bowVfvc0M9IQ2qL3OzFaBf1ZQv-OKQynEJw2S_jtI0ocPK69Ebycz7PsZniVM6CyP-cYCBOu6igwmHQMEeIyKuPkaCs8kQdVsmiu1MmC1g9wrRyX4WZdKtE_9FVbIPl7y-TcGtzl1t3gpAe4MRxhlH6rEd3uDN0_nY-llH4RmSCiAv5Q&amp;__tn__=*NK-R\">#metroredes<\/a><a href=\"https:\/\/www.facebook.com\/hashtag\/guatemala?__eep__=6&amp;__cft__[0]=AZUYi2zoXf6qQQ01u44bowVfvc0M9IQ2qL3OzFaBf1ZQv-OKQynEJw2S_jtI0ocPK69Ebycz7PsZniVM6CyP-cYCBOu6igwmHQMEeIyKuPkaCs8kQdVsmiu1MmC1g9wrRyX4WZdKtE_9FVbIPl7y-TcGtzl1t3gpAe4MRxhlH6rEd3uDN0_nY-llH4RmSCiAv5Q&amp;__tn__=*NK-R\">#Guatemala<\/a><\/p>\n\n\n\n<p><\/p>\n","protected":false},"excerpt":{"rendered":"<p>El deporte ol\u00edmpico de Guatemala finalmente ve la luz al final del t\u00fanel, luego de que el Comit\u00e9 Ol\u00edmpico Internacional (COI) levantara la suspensi\u00f3n que ostentaba nuestro pa\u00eds desde el 2022. Luego de esta medida, los deportistas que logren conseguir su boleto a los pr\u00f3ximos Juegos Ol\u00edmpicos de Par\u00eds 2024, podr\u00e1n utilizar los colores azul <a class=\"read-more\" href=\"https:\/\/elmetropolitano.com.gt\/es\/guatemala-estara-en-paris-2024-coi-levanta-suspension-provisionalmente\/\">Leer m\u00e1s<\/a><\/p>\n","protected":false},"author":1,"featured_media":80207,"comment_status":"open","ping_status":"closed","sticky":false,"template":"","format":"standard","meta":{"footnotes":""},"categories":[43],"tags":[44],"class_list":["post-80206","post","type-post","status-publish","format-standard","has-post-thumbnail","hentry","category-deportes","tag-deportes"],"_links":{"self":[{"href":"https:\/\/elmetropolitano.com.gt\/es\/wp-json\/wp\/v2\/posts\/80206","targetHints":{"allow":["GET"]}}],"collection":[{"href":"https:\/\/elmetropolitano.com.gt\/es\/wp-json\/wp\/v2\/posts"}],"about":[{"href":"https:\/\/elmetropolitano.com.gt\/es\/wp-json\/wp\/v2\/types\/post"}],"author":[{"embeddable":true,"href":"https:\/\/elmetropolitano.com.gt\/es\/wp-json\/wp\/v2\/users\/1"}],"replies":[{"embeddable":true,"href":"https:\/\/elmetropolitano.com.gt\/es\/wp-json\/wp\/v2\/comments?post=80206"}],"version-history":[{"count":1,"href":"https:\/\/elmetropolitano.com.gt\/es\/wp-json\/wp\/v2\/posts\/80206\/revisions"}],"predecessor-version":[{"id":80208,"href":"https:\/\/elmetropolitano.com.gt\/es\/wp-json\/wp\/v2\/posts\/80206\/revisions\/80208"}],"wp:featuredmedia":[{"embeddable":true,"href":"https:\/\/elmetropolitano.com.gt\/es\/wp-json\/wp\/v2\/media\/80207"}],"wp:attachment":[{"href":"https:\/\/elmetropolitano.com.gt\/es\/wp-json\/wp\/v2\/media?parent=80206"}],"wp:term":[{"taxonomy":"category","embeddable":true,"href":"https:\/\/elmetropolitano.com.gt\/es\/wp-json\/wp\/v2\/categories?post=80206"},{"taxonomy":"post_tag","embeddable":true,"href":"https:\/\/elmetropolitano.com.gt\/es\/wp-json\/wp\/v2\/tags?post=80206"}],"curies":[{"name":"wp","href":"https:\/\/api.w.org\/{rel}","templated":true}]}}