{"id":80289,"date":"2024-03-21T08:51:53","date_gmt":"2024-03-21T14:51:53","guid":{"rendered":"https:\/\/elmetropolitano.com.gt\/es\/?p=80289"},"modified":"2024-03-21T08:51:56","modified_gmt":"2024-03-21T14:51:56","slug":"se-puede-alinear-de-nuevo-el-oficialismo-en-el-congreso","status":"publish","type":"post","link":"https:\/\/elmetropolitano.com.gt\/es\/se-puede-alinear-de-nuevo-el-oficialismo-en-el-congreso\/","title":{"rendered":"Se puede alinear de nuevo el oficialismo en el Congreso"},"content":{"rendered":"\n<p>Luego del anuncio oficial del nombramiento de los gobernadores departamentales (complaciendo a varios bloques legislativos) se considera que volver\u00e1 el Congreso a funcionar el oficialismo y sus aliados.<\/p>\n\n\n\n<p>Esto <a><\/a>tambi\u00e9n confirmar\u00eda el rumor de que el diputado Luis Javier L\u00f3pez Bola\u00f1os, de la UNE, seria electo como titular del Congreso en la Junta Monetaria y Manuel Archila, de CABAL como suplente.<\/p><div class=\"elmet-contenido\" id=\"elmet-1016439416\"><div class=\"elmet-adlabel\">Anuncios<\/div><div style=\"margin-top: 20px;margin-right: 20px;margin-bottom: 20px;margin-left: 20px;\" id=\"elmet-1706118204\"><a href=\"https:\/\/www.facebook.com\/arrincuanantigua\/\" aria-label=\"cintillo-arrin-cual\"><img loading=\"lazy\" decoding=\"async\" src=\"https:\/\/elmetropolitano.com.gt\/es\/wp-content\/uploads\/2021\/11\/cintillo-arrin-cual-1.jpg\" alt=\"\"  srcset=\"https:\/\/elmetropolitano.com.gt\/es\/wp-content\/uploads\/2021\/11\/cintillo-arrin-cual-1.jpg 750w, https:\/\/elmetropolitano.com.gt\/es\/wp-content\/uploads\/2021\/11\/cintillo-arrin-cual-1-300x36.jpg 300w, https:\/\/elmetropolitano.com.gt\/es\/wp-content\/uploads\/2021\/11\/cintillo-arrin-cual-1-600x72.jpg 600w\" sizes=\"(max-width: 750px) 100vw, 750px\" width=\"750\" height=\"90\"   \/><\/a><\/div><\/div>\n\n\n\n<p>Ahora dos de los diputados de diferente bloque, Nery Rodas de CABAL y Orlando Blanco de VOS, consideran que las aguas volver\u00e1n a estar mansas hasta despu\u00e9s del descanso de la Semana Santa.<\/p>\n\n\n\n<p>Para los diputados de CABAL \u201ctodo puede pasar en estos d\u00edas\u201d y lo mejor es no especular y esperar estos d\u00edas que son de reflexi\u00f3n, para muchos espiritual, pero para otros de pol\u00edtica. Aunque no quisieron aclarar si se refer\u00edan a una indirecta para el diputado Samuel P\u00e9rez, del bloque que hace gobierno en el Ejecutivo.<\/p>\n\n\n\n<p>Blanco si ya lo hab\u00eda dicho anteriormente. Que es de esperar lo que se tendr\u00eda que dar con la elecci\u00f3n de los gobernadores y ahora, que ya se anuncia c\u00f3mo quedar\u00e1 la Junta Monetaria, se aclara m\u00e1s el panorama.<\/p>\n\n\n\n<p><a href=\"https:\/\/www.facebook.com\/hashtag\/metroredes?__eep__=6&amp;__cft__[0]=AZUgIliYL27hZousTnXtJvcHc-pNhBfRX2Tjj62OYVFqbLNBGu8Haq-zrGeCo4TJF_CBI0riikEuNWyzydULZxXO9dEOcELAljKOzzmBzMJLywdFF6SOb5v5LDbTjhJFUTDJ978xx_PAEuOsrkY4wMd2hIRKPd6fBGhxe7e9MWi8XqHAy-JKbMibWAItFFk-JE0&amp;__tn__=*NK-R\">#metroredes<\/a><a href=\"https:\/\/www.facebook.com\/hashtag\/congresogt?__eep__=6&amp;__cft__[0]=AZUgIliYL27hZousTnXtJvcHc-pNhBfRX2Tjj62OYVFqbLNBGu8Haq-zrGeCo4TJF_CBI0riikEuNWyzydULZxXO9dEOcELAljKOzzmBzMJLywdFF6SOb5v5LDbTjhJFUTDJ978xx_PAEuOsrkY4wMd2hIRKPd6fBGhxe7e9MWi8XqHAy-JKbMibWAItFFk-JE0&amp;__tn__=*NK-R\">#CongresoGT<\/a> <a href=\"https:\/\/l.facebook.com\/l.php?u=http%3A%2F%2FWww.elmetropolitano.com.gt%2F%3Ffbclid%3DIwAR1-vjA9lRs1pEPruzTO2nceqkNknaGy628wEs07618yZvl9sNA9rYzOLbw&amp;h=AT37pi3jWrXD1lJH7hXsJtrr2cLd31E06InWud1QhYIEY2ckpwqpPIt0n_lIhIS33ih-n24AAqAZX7aXTn2YBYFRK2QdYDHlk9vVNQbrcFpFuTk5M1x110giLF6g72kCjBsEZWqEravRFnKGRYjn&amp;__tn__=-UK-R&amp;c[0]=AT1k02GtBEBrTlcVpVk6BKOCyn4ajH8jqiKkzt4uRilbTolpP0W65W-oboaFMgsSJjEc0uSHczWPbHtZcMsh1qRHhTVX0Ta8lfq8SIjxxA8_FInWyUFmzEtVi5OuqY5nfUVh1RCaA98QrhEugYuM1jWE4TW3R-MdKCl4vndy7yCNlfA_D7XGaTdh5RViA7jik_HEaKWz6SUt\" target=\"_blank\" rel=\"noreferrer noopener\">Www.elmetropolitano.com.gt<\/a><\/p>\n\n\n\n<p><\/p>\n","protected":false},"excerpt":{"rendered":"<p>Luego del anuncio oficial del nombramiento de los gobernadores departamentales (complaciendo a varios bloques legislativos) se considera que volver\u00e1 el Congreso a funcionar el oficialismo y sus aliados. Esto tambi\u00e9n confirmar\u00eda el rumor de que el diputado Luis Javier L\u00f3pez Bola\u00f1os, de la UNE, seria electo como titular del Congreso en la Junta Monetaria y <a class=\"read-more\" href=\"https:\/\/elmetropolitano.com.gt\/es\/se-puede-alinear-de-nuevo-el-oficialismo-en-el-congreso\/\">Leer m\u00e1s<\/a><\/p>\n","protected":false},"author":1,"featured_media":80290,"comment_status":"open","ping_status":"closed","sticky":false,"template":"","format":"standard","meta":{"footnotes":""},"categories":[2],"tags":[12],"class_list":["post-80289","post","type-post","status-publish","format-standard","has-post-thumbnail","hentry","category-nacionales","tag-nacionales"],"_links":{"self":[{"href":"https:\/\/elmetropolitano.com.gt\/es\/wp-json\/wp\/v2\/posts\/80289","targetHints":{"allow":["GET"]}}],"collection":[{"href":"https:\/\/elmetropolitano.com.gt\/es\/wp-json\/wp\/v2\/posts"}],"about":[{"href":"https:\/\/elmetropolitano.com.gt\/es\/wp-json\/wp\/v2\/types\/post"}],"author":[{"embeddable":true,"href":"https:\/\/elmetropolitano.com.gt\/es\/wp-json\/wp\/v2\/users\/1"}],"replies":[{"embeddable":true,"href":"https:\/\/elmetropolitano.com.gt\/es\/wp-json\/wp\/v2\/comments?post=80289"}],"version-history":[{"count":1,"href":"https:\/\/elmetropolitano.com.gt\/es\/wp-json\/wp\/v2\/posts\/80289\/revisions"}],"predecessor-version":[{"id":80291,"href":"https:\/\/elmetropolitano.com.gt\/es\/wp-json\/wp\/v2\/posts\/80289\/revisions\/80291"}],"wp:featuredmedia":[{"embeddable":true,"href":"https:\/\/elmetropolitano.com.gt\/es\/wp-json\/wp\/v2\/media\/80290"}],"wp:attachment":[{"href":"https:\/\/elmetropolitano.com.gt\/es\/wp-json\/wp\/v2\/media?parent=80289"}],"wp:term":[{"taxonomy":"category","embeddable":true,"href":"https:\/\/elmetropolitano.com.gt\/es\/wp-json\/wp\/v2\/categories?post=80289"},{"taxonomy":"post_tag","embeddable":true,"href":"https:\/\/elmetropolitano.com.gt\/es\/wp-json\/wp\/v2\/tags?post=80289"}],"curies":[{"name":"wp","href":"https:\/\/api.w.org\/{rel}","templated":true}]}}