{"id":80292,"date":"2024-03-21T08:53:08","date_gmt":"2024-03-21T14:53:08","guid":{"rendered":"https:\/\/elmetropolitano.com.gt\/es\/?p=80292"},"modified":"2024-03-21T08:53:09","modified_gmt":"2024-03-21T14:53:09","slug":"la-vision-de-arevalo-en-seguridad-salud-y-traslado-de-reos","status":"publish","type":"post","link":"https:\/\/elmetropolitano.com.gt\/es\/la-vision-de-arevalo-en-seguridad-salud-y-traslado-de-reos\/","title":{"rendered":"La visi\u00f3n de Ar\u00e9valo en seguridad, salud y traslado de reos"},"content":{"rendered":"\n<p>En conferencia de prensa este mi\u00e9rcoles, el presidente Bernardo Ar\u00e9valo inform\u00f3 sobre los avances obtenidos durante los primeros dos meses de su gesti\u00f3n en el tema de seguridad.<\/p>\n\n\n\n<p>Ha aumentado la incautaci\u00f3n de droga, seis toneladas de coca\u00edna incautadas en puertos, en el marco de solo dos meses de gesti\u00f3n de gobierno.<\/p><div class=\"elmet-contenido\" id=\"elmet-829597229\"><div class=\"elmet-adlabel\">Anuncios<\/div><div style=\"margin-top: 20px;margin-right: 20px;margin-bottom: 20px;margin-left: 20px;\" id=\"elmet-3489577841\"><a href=\"https:\/\/www.facebook.com\/arrincuanantigua\/\" aria-label=\"cintillo-arrin-cual\"><img loading=\"lazy\" decoding=\"async\" src=\"https:\/\/elmetropolitano.com.gt\/es\/wp-content\/uploads\/2021\/11\/cintillo-arrin-cual-1.jpg\" alt=\"\"  srcset=\"https:\/\/elmetropolitano.com.gt\/es\/wp-content\/uploads\/2021\/11\/cintillo-arrin-cual-1.jpg 750w, https:\/\/elmetropolitano.com.gt\/es\/wp-content\/uploads\/2021\/11\/cintillo-arrin-cual-1-300x36.jpg 300w, https:\/\/elmetropolitano.com.gt\/es\/wp-content\/uploads\/2021\/11\/cintillo-arrin-cual-1-600x72.jpg 600w\" sizes=\"(max-width: 750px) 100vw, 750px\" width=\"750\" height=\"90\"   \/><\/a><\/div><\/div>\n\n\n\n<p><a><\/a>Adem\u00e1s, destac\u00f3 que ya se tienen dos tipos de indicadores que evidencian la baja en la incidencia de homicidios y el aumento de capturas por extorsiones a nivel nacional.<\/p>\n\n\n\n<p>Sistema Penitenciario<\/p>\n\n\n\n<p>Adem\u00e1s, el Presidente inform\u00f3 sobre las acciones que el Gobierno tomar\u00e1 tras un ataque armado ocurrido el 19 de marzo, en la zona 1 capitalina, donde falleci\u00f3 un guardia del Sistema Penitenciario (SP).<\/p>\n\n\n\n<p>Se tiene muy clara la necesidad de tener una mayor disponibilidad de atenci\u00f3n m\u00e9dica en los recintos penitenciarios para evitar que los reos salgan.<\/p>\n\n\n\n<p>Resalt\u00f3 que estas acciones forman parte de las reformas al SP, que se efectuar\u00e1n y que incluyen tambi\u00e9n la construcci\u00f3n de nuevas c\u00e1rceles en el pa\u00eds.<\/p>\n\n\n\n<p>Lo que tenemos que hacer es desarrollar protocolos para aquellos casos que no se puedan atender internamente a los reos. Pero se debe realizar esta atenci\u00f3n sin poner el riesgo la vida de las personas.<\/p>\n\n\n\n<p>Una de las primeras propuestas que son analizadas entre el Ministerio de Salud P\u00fablica y Asistencia Social y el Sistema Penitenciario es el traslado de reos a atenciones m\u00e9dicas en horarios diferentes a la atenci\u00f3n de la poblaci\u00f3n.<\/p>\n\n\n\n<p>Auditorias<\/p>\n\n\n\n<p>Otra de las interrogantes respondidas por mandatario fue sobre las auditor\u00edas en la red hospitalaria de Guatemala.<\/p>\n\n\n\n<p>En los temas de auditor\u00edas de salud, como en otros ministerios, tenemos un contacto directo con el ministro. Esto porque este es un ejercicio destinado a identificar d\u00f3nde hay focos de corrupci\u00f3n.<\/p>\n\n\n\n<p>El fin es localizar d\u00f3nde se deben hacer los cambios correspondientes para que se d\u00e9 el desarrollo del pa\u00eds.<\/p>\n\n\n\n<p>Texto: Brenda Larios<\/p>\n\n\n\n<p><a href=\"https:\/\/www.facebook.com\/hashtag\/metroredes?__eep__=6&amp;__cft__[0]=AZWRekf3YKj_szO2spa6-vsq8WgvMi6hN4jyv8IoUMze593xcelM2dblM8sbYd_exeBAHIQ6mOrfDbIxN8WodGPZ9a1ZmT3xTLXdSeoKovjtylILM4CXsXZBLu78xZRX3185ZOoXorLMjaC8ZfqjcTFhne4VLrwIG92XQq_fS2gqfjyryXdHYt98B9QMb9H51dY&amp;__tn__=*NK-R\">#metroredes<\/a><a href=\"https:\/\/www.facebook.com\/hashtag\/seguridad?__eep__=6&amp;__cft__[0]=AZWRekf3YKj_szO2spa6-vsq8WgvMi6hN4jyv8IoUMze593xcelM2dblM8sbYd_exeBAHIQ6mOrfDbIxN8WodGPZ9a1ZmT3xTLXdSeoKovjtylILM4CXsXZBLu78xZRX3185ZOoXorLMjaC8ZfqjcTFhne4VLrwIG92XQq_fS2gqfjyryXdHYt98B9QMb9H51dY&amp;__tn__=*NK-R\">#Seguridad<\/a><\/p>\n\n\n\n<p><\/p>\n","protected":false},"excerpt":{"rendered":"<p>En conferencia de prensa este mi\u00e9rcoles, el presidente Bernardo Ar\u00e9valo inform\u00f3 sobre los avances obtenidos durante los primeros dos meses de su gesti\u00f3n en el tema de seguridad. Ha aumentado la incautaci\u00f3n de droga, seis toneladas de coca\u00edna incautadas en puertos, en el marco de solo dos meses de gesti\u00f3n de gobierno. Adem\u00e1s, destac\u00f3 que <a class=\"read-more\" href=\"https:\/\/elmetropolitano.com.gt\/es\/la-vision-de-arevalo-en-seguridad-salud-y-traslado-de-reos\/\">Leer m\u00e1s<\/a><\/p>\n","protected":false},"author":1,"featured_media":80293,"comment_status":"open","ping_status":"closed","sticky":false,"template":"","format":"standard","meta":{"footnotes":""},"categories":[2],"tags":[12],"class_list":["post-80292","post","type-post","status-publish","format-standard","has-post-thumbnail","hentry","category-nacionales","tag-nacionales"],"_links":{"self":[{"href":"https:\/\/elmetropolitano.com.gt\/es\/wp-json\/wp\/v2\/posts\/80292","targetHints":{"allow":["GET"]}}],"collection":[{"href":"https:\/\/elmetropolitano.com.gt\/es\/wp-json\/wp\/v2\/posts"}],"about":[{"href":"https:\/\/elmetropolitano.com.gt\/es\/wp-json\/wp\/v2\/types\/post"}],"author":[{"embeddable":true,"href":"https:\/\/elmetropolitano.com.gt\/es\/wp-json\/wp\/v2\/users\/1"}],"replies":[{"embeddable":true,"href":"https:\/\/elmetropolitano.com.gt\/es\/wp-json\/wp\/v2\/comments?post=80292"}],"version-history":[{"count":1,"href":"https:\/\/elmetropolitano.com.gt\/es\/wp-json\/wp\/v2\/posts\/80292\/revisions"}],"predecessor-version":[{"id":80294,"href":"https:\/\/elmetropolitano.com.gt\/es\/wp-json\/wp\/v2\/posts\/80292\/revisions\/80294"}],"wp:featuredmedia":[{"embeddable":true,"href":"https:\/\/elmetropolitano.com.gt\/es\/wp-json\/wp\/v2\/media\/80293"}],"wp:attachment":[{"href":"https:\/\/elmetropolitano.com.gt\/es\/wp-json\/wp\/v2\/media?parent=80292"}],"wp:term":[{"taxonomy":"category","embeddable":true,"href":"https:\/\/elmetropolitano.com.gt\/es\/wp-json\/wp\/v2\/categories?post=80292"},{"taxonomy":"post_tag","embeddable":true,"href":"https:\/\/elmetropolitano.com.gt\/es\/wp-json\/wp\/v2\/tags?post=80292"}],"curies":[{"name":"wp","href":"https:\/\/api.w.org\/{rel}","templated":true}]}}