{"id":80295,"date":"2024-03-21T08:55:20","date_gmt":"2024-03-21T14:55:20","guid":{"rendered":"https:\/\/elmetropolitano.com.gt\/es\/?p=80295"},"modified":"2024-03-21T08:55:22","modified_gmt":"2024-03-21T14:55:22","slug":"todo-listo-para-el-partido-de-hoy-entre-guatemala-y-ecuador","status":"publish","type":"post","link":"https:\/\/elmetropolitano.com.gt\/es\/todo-listo-para-el-partido-de-hoy-entre-guatemala-y-ecuador\/","title":{"rendered":"Todo listo para el partido de hoy entre Guatemala y Ecuador"},"content":{"rendered":"\n<p>Guatemala alista motores para enfrentar a Ecuador la noche de este jueves como parte de la fecha FIFA de marzo. La azul y blanco buscar\u00e1 conseguir un resultado positivo ante una de las mejores selecciones de Sudam\u00e9rica.<\/p>\n\n\n\n<p>Este encuentro ser\u00e1 el primero de dos partidos que estar\u00e1 disputando Guatemala en Estados Unidos en esta fecha FIFA, la cual servir\u00e1 para afinar detalles de cara al inicio de las eliminatorias <a><\/a>mundialistas el pr\u00f3ximo junio de 2024.<\/p><div class=\"elmet-contenido\" id=\"elmet-3122386002\"><div class=\"elmet-adlabel\">Anuncios<\/div><div style=\"margin-top: 20px;margin-right: 20px;margin-bottom: 20px;margin-left: 20px;\" id=\"elmet-596180339\"><a href=\"https:\/\/www.facebook.com\/arrincuanantigua\/\" aria-label=\"cintillo-arrin-cual\"><img loading=\"lazy\" decoding=\"async\" src=\"https:\/\/elmetropolitano.com.gt\/es\/wp-content\/uploads\/2021\/11\/cintillo-arrin-cual-1.jpg\" alt=\"\"  srcset=\"https:\/\/elmetropolitano.com.gt\/es\/wp-content\/uploads\/2021\/11\/cintillo-arrin-cual-1.jpg 750w, https:\/\/elmetropolitano.com.gt\/es\/wp-content\/uploads\/2021\/11\/cintillo-arrin-cual-1-300x36.jpg 300w, https:\/\/elmetropolitano.com.gt\/es\/wp-content\/uploads\/2021\/11\/cintillo-arrin-cual-1-600x72.jpg 600w\" sizes=\"(max-width: 750px) 100vw, 750px\" width=\"750\" height=\"90\"   \/><\/a><\/div><\/div>\n\n\n\n<p>Guatemaltecos y ecuatorianos medir\u00e1n fuerzas en suelo estadounidense por novena vez en su historia, la cual marca un dominio total por parte de la Tri, que ha logrado adue\u00f1arse del marcador en cuatro ocasiones, tres empates y \u00fanicamente una derrota ante Guatemala. La \u00faltima vez que se enfrentaron fue en septiembre de 2018, cuando la Tri se impuso 2-0.<\/p>\n\n\n\n<p>El partido<\/p>\n\n\n\n<p>La Bicolor disputar\u00e1 su segundo partido del a\u00f1o ante Ecuador en Estados Unidos. Los guatemaltecos volver\u00e1n a hacer vibrar las emociones de los m\u00e1s de 16 millones de chapines frente a su similar de Ecuador.<\/p>\n\n\n\n<p>Los dirigidos por Luis Fernando Tena buscar\u00e1n dar un golpe de autoridad ante una selecci\u00f3n que el pasado reciente ha demostrado contar con un gran nivel en todas sus l\u00edneas.<\/p>\n\n\n\n<p>Las emociones vibrar\u00e1n este jueves 21 de marzo en el Red Bull Arena en Estados Unidos, a partir de las 18:30 horas de Guatemala y 20:30 horas ET, los guerreros de ma\u00edz buscar\u00e1n conseguir un resultado positivo ante Ecuador.<\/p>\n\n\n\n<p>Partidos de Guatemala Fecha FIFA<\/p>\n\n\n\n<p>Posterior al enfrentamiento ante Ecuador, el pr\u00f3ximo jueves 21 de marzo, la azul y blanco medir\u00e1 fuerzas frente a Venezuela, tambi\u00e9n en suelo estadounidense.<\/p>\n\n\n\n<p>El encuentro frente a la Vinotinto ser\u00e1 el domingo 24 de marzo, en el Shell Energy Stadium, en Houston, Texas.<\/p>\n\n\n\n<p>Texto: Josu\u00e9 David Acevedo Rivas<\/p>\n\n\n\n<figure class=\"wp-block-gallery has-nested-images columns-default is-cropped wp-block-gallery-1 is-layout-flex wp-block-gallery-is-layout-flex\">\n<figure class=\"wp-block-image size-large\"><img loading=\"lazy\" decoding=\"async\" width=\"680\" height=\"680\" data-id=\"80301\" src=\"https:\/\/elmetropolitano.com.gt\/es\/wp-content\/uploads\/2024\/03\/432882089_904268248365926_1047185012764724590_n.jpg\" alt=\"\" class=\"wp-image-80301\" srcset=\"https:\/\/elmetropolitano.com.gt\/es\/wp-content\/uploads\/2024\/03\/432882089_904268248365926_1047185012764724590_n.jpg 680w, https:\/\/elmetropolitano.com.gt\/es\/wp-content\/uploads\/2024\/03\/432882089_904268248365926_1047185012764724590_n-300x300.jpg 300w, https:\/\/elmetropolitano.com.gt\/es\/wp-content\/uploads\/2024\/03\/432882089_904268248365926_1047185012764724590_n-150x150.jpg 150w\" sizes=\"auto, (max-width: 680px) 100vw, 680px\" \/><\/figure>\n\n\n\n<figure class=\"wp-block-image size-large\"><img loading=\"lazy\" decoding=\"async\" width=\"360\" height=\"240\" data-id=\"80299\" src=\"https:\/\/elmetropolitano.com.gt\/es\/wp-content\/uploads\/2024\/03\/432882575_904268291699255_435663903074654837_n.jpg\" alt=\"\" class=\"wp-image-80299\" srcset=\"https:\/\/elmetropolitano.com.gt\/es\/wp-content\/uploads\/2024\/03\/432882575_904268291699255_435663903074654837_n.jpg 360w, https:\/\/elmetropolitano.com.gt\/es\/wp-content\/uploads\/2024\/03\/432882575_904268291699255_435663903074654837_n-300x200.jpg 300w\" sizes=\"auto, (max-width: 360px) 100vw, 360px\" \/><\/figure>\n\n\n\n<figure class=\"wp-block-image size-large\"><img loading=\"lazy\" decoding=\"async\" width=\"360\" height=\"240\" data-id=\"80297\" src=\"https:\/\/elmetropolitano.com.gt\/es\/wp-content\/uploads\/2024\/03\/432941285_904268341699250_5775766192064893400_n.jpg\" alt=\"\" class=\"wp-image-80297\" srcset=\"https:\/\/elmetropolitano.com.gt\/es\/wp-content\/uploads\/2024\/03\/432941285_904268341699250_5775766192064893400_n.jpg 360w, https:\/\/elmetropolitano.com.gt\/es\/wp-content\/uploads\/2024\/03\/432941285_904268341699250_5775766192064893400_n-300x200.jpg 300w\" sizes=\"auto, (max-width: 360px) 100vw, 360px\" \/><\/figure>\n\n\n\n<figure class=\"wp-block-image size-large\"><img loading=\"lazy\" decoding=\"async\" width=\"360\" height=\"240\" data-id=\"80298\" src=\"https:\/\/elmetropolitano.com.gt\/es\/wp-content\/uploads\/2024\/03\/432950478_904268351699249_1217206113623026114_n.jpg\" alt=\"\" class=\"wp-image-80298\" srcset=\"https:\/\/elmetropolitano.com.gt\/es\/wp-content\/uploads\/2024\/03\/432950478_904268351699249_1217206113623026114_n.jpg 360w, https:\/\/elmetropolitano.com.gt\/es\/wp-content\/uploads\/2024\/03\/432950478_904268351699249_1217206113623026114_n-300x200.jpg 300w\" sizes=\"auto, (max-width: 360px) 100vw, 360px\" \/><\/figure>\n\n\n\n<figure class=\"wp-block-image size-large\"><img loading=\"lazy\" decoding=\"async\" width=\"360\" height=\"240\" data-id=\"80300\" src=\"https:\/\/elmetropolitano.com.gt\/es\/wp-content\/uploads\/2024\/03\/433435675_904268311699253_7323152882109908189_n.jpg\" alt=\"\" class=\"wp-image-80300\" srcset=\"https:\/\/elmetropolitano.com.gt\/es\/wp-content\/uploads\/2024\/03\/433435675_904268311699253_7323152882109908189_n.jpg 360w, https:\/\/elmetropolitano.com.gt\/es\/wp-content\/uploads\/2024\/03\/433435675_904268311699253_7323152882109908189_n-300x200.jpg 300w\" sizes=\"auto, (max-width: 360px) 100vw, 360px\" \/><\/figure>\n<\/figure>\n","protected":false},"excerpt":{"rendered":"<p>Guatemala alista motores para enfrentar a Ecuador la noche de este jueves como parte de la fecha FIFA de marzo. La azul y blanco buscar\u00e1 conseguir un resultado positivo ante una de las mejores selecciones de Sudam\u00e9rica. Este encuentro ser\u00e1 el primero de dos partidos que estar\u00e1 disputando Guatemala en Estados Unidos en esta fecha <a class=\"read-more\" href=\"https:\/\/elmetropolitano.com.gt\/es\/todo-listo-para-el-partido-de-hoy-entre-guatemala-y-ecuador\/\">Leer m\u00e1s<\/a><\/p>\n","protected":false},"author":1,"featured_media":80296,"comment_status":"open","ping_status":"closed","sticky":false,"template":"","format":"standard","meta":{"footnotes":""},"categories":[43],"tags":[44],"class_list":["post-80295","post","type-post","status-publish","format-standard","has-post-thumbnail","hentry","category-deportes","tag-deportes"],"_links":{"self":[{"href":"https:\/\/elmetropolitano.com.gt\/es\/wp-json\/wp\/v2\/posts\/80295","targetHints":{"allow":["GET"]}}],"collection":[{"href":"https:\/\/elmetropolitano.com.gt\/es\/wp-json\/wp\/v2\/posts"}],"about":[{"href":"https:\/\/elmetropolitano.com.gt\/es\/wp-json\/wp\/v2\/types\/post"}],"author":[{"embeddable":true,"href":"https:\/\/elmetropolitano.com.gt\/es\/wp-json\/wp\/v2\/users\/1"}],"replies":[{"embeddable":true,"href":"https:\/\/elmetropolitano.com.gt\/es\/wp-json\/wp\/v2\/comments?post=80295"}],"version-history":[{"count":1,"href":"https:\/\/elmetropolitano.com.gt\/es\/wp-json\/wp\/v2\/posts\/80295\/revisions"}],"predecessor-version":[{"id":80302,"href":"https:\/\/elmetropolitano.com.gt\/es\/wp-json\/wp\/v2\/posts\/80295\/revisions\/80302"}],"wp:featuredmedia":[{"embeddable":true,"href":"https:\/\/elmetropolitano.com.gt\/es\/wp-json\/wp\/v2\/media\/80296"}],"wp:attachment":[{"href":"https:\/\/elmetropolitano.com.gt\/es\/wp-json\/wp\/v2\/media?parent=80295"}],"wp:term":[{"taxonomy":"category","embeddable":true,"href":"https:\/\/elmetropolitano.com.gt\/es\/wp-json\/wp\/v2\/categories?post=80295"},{"taxonomy":"post_tag","embeddable":true,"href":"https:\/\/elmetropolitano.com.gt\/es\/wp-json\/wp\/v2\/tags?post=80295"}],"curies":[{"name":"wp","href":"https:\/\/api.w.org\/{rel}","templated":true}]}}