{"id":80321,"date":"2024-03-21T12:04:49","date_gmt":"2024-03-21T18:04:49","guid":{"rendered":"https:\/\/elmetropolitano.com.gt\/es\/?p=80321"},"modified":"2024-03-21T12:04:50","modified_gmt":"2024-03-21T18:04:50","slug":"presidente-bernardo-arevalo-estamos-en-el-proceso-de-revertir-la-corrupcion","status":"publish","type":"post","link":"https:\/\/elmetropolitano.com.gt\/es\/presidente-bernardo-arevalo-estamos-en-el-proceso-de-revertir-la-corrupcion\/","title":{"rendered":"Presidente Bernardo Ar\u00e9valo: \u00abEstamos en el proceso de revertir la corrupci\u00f3n\u00bb"},"content":{"rendered":"\n<p>El presidente Bernardo Ar\u00e9valo particip\u00f3 en la III Cumbre para la Democracia, en forma virtual, donde destac\u00f3 las acciones de su administraci\u00f3n en la lucha contra la corrupci\u00f3n.<\/p>\n\n\n\n<p><a><\/a>Estamos en el proceso de revertir la corrupci\u00f3n que a\u00fan existe en algunas de las instituciones del Estado. Por ello es un honor para nuestro pa\u00eds participar por primera vez en esta importante reuni\u00f3n con nuestras comunidades.<\/p><div class=\"elmet-contenido\" id=\"elmet-968883533\"><div class=\"elmet-adlabel\">Anuncios<\/div><div style=\"margin-top: 20px;margin-right: 20px;margin-bottom: 20px;margin-left: 20px;\" id=\"elmet-1934535308\"><a href=\"https:\/\/www.facebook.com\/arrincuanantigua\/\" aria-label=\"cintillo-arrin-cual\"><img loading=\"lazy\" decoding=\"async\" src=\"https:\/\/elmetropolitano.com.gt\/es\/wp-content\/uploads\/2021\/11\/cintillo-arrin-cual-1.jpg\" alt=\"\"  srcset=\"https:\/\/elmetropolitano.com.gt\/es\/wp-content\/uploads\/2021\/11\/cintillo-arrin-cual-1.jpg 750w, https:\/\/elmetropolitano.com.gt\/es\/wp-content\/uploads\/2021\/11\/cintillo-arrin-cual-1-300x36.jpg 300w, https:\/\/elmetropolitano.com.gt\/es\/wp-content\/uploads\/2021\/11\/cintillo-arrin-cual-1-600x72.jpg 600w\" sizes=\"(max-width: 750px) 100vw, 750px\" width=\"750\" height=\"90\"   \/><\/a><\/div><\/div>\n\n\n\n<p>Resalt\u00f3 que Guatemala expone desde las experiencias como un pa\u00eds que est\u00e1 saliendo de las cenizas, de un Estado de corrupci\u00f3n, para crear las instituciones democr\u00e1ticas.<\/p>\n\n\n\n<p>La democracia<\/p>\n\n\n\n<p>El gobernante resalt\u00f3 en su mensaje, que Guatemala est\u00e1 comprometida con la democracia.<\/p>\n\n\n\n<p>Hoy, durante la III Cumbre para la Democracia, Guatemala vuelve a los ojos del mundo como un pa\u00eds abierto a la cooperaci\u00f3n, al di\u00e1logo y al comercio sin corrupci\u00f3n.<\/p>\n\n\n\n<p>Resalt\u00f3 que la democracia es nueva para la civilizaci\u00f3n, pero es la promesa de liberar a la civilizaci\u00f3n de las cadenas del autoritarismo, abuso y derechos humanos que hemos visto a trav\u00e9s de la historia.<\/p>\n\n\n\n<p>Otra amenaza para la democracia de los pa\u00edses es la corrupci\u00f3n sistem\u00e1tica en la sociedad. Es importante entender que la corrupci\u00f3n es un producto de la mala gobernabilidad.<\/p>\n\n\n\n<p>La corrupci\u00f3n puede volverse un problema sistem\u00e1tico que alcance cualquier rinc\u00f3n de las instituciones y la vida social de un pa\u00eds.<\/p>\n\n\n\n<p>Indic\u00f3 que la democracia es un reto a nivel nacional e internacional. Porque la democracia en los pa\u00edses asegura la igualdad, equidad y libertad para la poblaci\u00f3n.<\/p>\n\n\n\n<p>Elecciones 2023<\/p>\n\n\n\n<p>En su discurso el gobernante guatemalteco resalt\u00f3 las acciones efectuadas por la poblaci\u00f3n durante las elecciones generales del 2023.<\/p>\n\n\n\n<p>En el 2023 a trav\u00e9s de las elecciones ganamos contundentemente el voto de la poblaci\u00f3n, prometiendo combatir la corrupci\u00f3n y empezando a recuperar a las instituciones del Estado.<\/p>\n\n\n\n<p>El fin que las carteras de Gobierno impulsen proyectos enfocados a la atenci\u00f3n de los guatemaltecos en salud, educaci\u00f3n, alimentaci\u00f3n, seguridad entre otros.<\/p>\n\n\n\n<p>Este fue un proceso largo en el cual la resistencia ciudadana demostr\u00f3 y abander\u00f3 la lucha por la democracia en el pa\u00eds.<\/p>\n\n\n\n<p>La cumbre, que se celebr\u00f3 del 18 al 20 de marzo, en Corea del Sur y cont\u00f3 con la participaci\u00f3n de funcionarios gubernamentales, ONG y miembros de la sociedad civil.<\/p>\n\n\n\n<p><\/p>\n","protected":false},"excerpt":{"rendered":"<p>El presidente Bernardo Ar\u00e9valo particip\u00f3 en la III Cumbre para la Democracia, en forma virtual, donde destac\u00f3 las acciones de su administraci\u00f3n en la lucha contra la corrupci\u00f3n. Estamos en el proceso de revertir la corrupci\u00f3n que a\u00fan existe en algunas de las instituciones del Estado. Por ello es un honor para nuestro pa\u00eds participar <a class=\"read-more\" href=\"https:\/\/elmetropolitano.com.gt\/es\/presidente-bernardo-arevalo-estamos-en-el-proceso-de-revertir-la-corrupcion\/\">Leer m\u00e1s<\/a><\/p>\n","protected":false},"author":1,"featured_media":80322,"comment_status":"open","ping_status":"closed","sticky":false,"template":"","format":"standard","meta":{"footnotes":""},"categories":[2],"tags":[12],"class_list":["post-80321","post","type-post","status-publish","format-standard","has-post-thumbnail","hentry","category-nacionales","tag-nacionales"],"_links":{"self":[{"href":"https:\/\/elmetropolitano.com.gt\/es\/wp-json\/wp\/v2\/posts\/80321","targetHints":{"allow":["GET"]}}],"collection":[{"href":"https:\/\/elmetropolitano.com.gt\/es\/wp-json\/wp\/v2\/posts"}],"about":[{"href":"https:\/\/elmetropolitano.com.gt\/es\/wp-json\/wp\/v2\/types\/post"}],"author":[{"embeddable":true,"href":"https:\/\/elmetropolitano.com.gt\/es\/wp-json\/wp\/v2\/users\/1"}],"replies":[{"embeddable":true,"href":"https:\/\/elmetropolitano.com.gt\/es\/wp-json\/wp\/v2\/comments?post=80321"}],"version-history":[{"count":1,"href":"https:\/\/elmetropolitano.com.gt\/es\/wp-json\/wp\/v2\/posts\/80321\/revisions"}],"predecessor-version":[{"id":80323,"href":"https:\/\/elmetropolitano.com.gt\/es\/wp-json\/wp\/v2\/posts\/80321\/revisions\/80323"}],"wp:featuredmedia":[{"embeddable":true,"href":"https:\/\/elmetropolitano.com.gt\/es\/wp-json\/wp\/v2\/media\/80322"}],"wp:attachment":[{"href":"https:\/\/elmetropolitano.com.gt\/es\/wp-json\/wp\/v2\/media?parent=80321"}],"wp:term":[{"taxonomy":"category","embeddable":true,"href":"https:\/\/elmetropolitano.com.gt\/es\/wp-json\/wp\/v2\/categories?post=80321"},{"taxonomy":"post_tag","embeddable":true,"href":"https:\/\/elmetropolitano.com.gt\/es\/wp-json\/wp\/v2\/tags?post=80321"}],"curies":[{"name":"wp","href":"https:\/\/api.w.org\/{rel}","templated":true}]}}