{"id":80337,"date":"2024-03-21T13:54:12","date_gmt":"2024-03-21T19:54:12","guid":{"rendered":"https:\/\/elmetropolitano.com.gt\/es\/?p=80337"},"modified":"2024-03-21T13:54:13","modified_gmt":"2024-03-21T19:54:13","slug":"organizaciones-apoyan-rechazo-de-terna-a-gobernadores-en-huehuetenango","status":"publish","type":"post","link":"https:\/\/elmetropolitano.com.gt\/es\/organizaciones-apoyan-rechazo-de-terna-a-gobernadores-en-huehuetenango\/","title":{"rendered":"Organizaciones apoyan rechazo de terna a gobernadores en Huehuetenango"},"content":{"rendered":"\n<p>Organizaciones sociales de Huehuetenango respaldan la decisi\u00f3n del presidente Bernardo Ar\u00e9valo de rechazar la terna para la Gobernaci\u00f3n Departamental de este departamento y piden que los titulares en el Codede ya no conoscan el nuevo proceso y sean los suplentes.<\/p>\n\n\n\n<p>En un comunicado de prensa expresan que \u201c Es un paso acertado en la lucha contra la corrupci\u00f3n e impunidad\u00bb, se\u00f1alan en un comunicado.<\/p><div class=\"elmet-contenido\" id=\"elmet-1293304339\"><div class=\"elmet-adlabel\">Anuncios<\/div><div style=\"margin-top: 20px;margin-right: 20px;margin-bottom: 20px;margin-left: 20px;\" id=\"elmet-3095356116\"><a href=\"https:\/\/www.facebook.com\/arrincuanantigua\/\" aria-label=\"cintillo-arrin-cual\"><img loading=\"lazy\" decoding=\"async\" src=\"https:\/\/elmetropolitano.com.gt\/es\/wp-content\/uploads\/2021\/11\/cintillo-arrin-cual-1.jpg\" alt=\"\"  srcset=\"https:\/\/elmetropolitano.com.gt\/es\/wp-content\/uploads\/2021\/11\/cintillo-arrin-cual-1.jpg 750w, https:\/\/elmetropolitano.com.gt\/es\/wp-content\/uploads\/2021\/11\/cintillo-arrin-cual-1-300x36.jpg 300w, https:\/\/elmetropolitano.com.gt\/es\/wp-content\/uploads\/2021\/11\/cintillo-arrin-cual-1-600x72.jpg 600w\" sizes=\"(max-width: 750px) 100vw, 750px\" width=\"750\" height=\"90\"   \/><\/a><\/div><\/div>\n\n\n\n<p><a><\/a>Indican que \u201ces imperativo que los funcionarios p\u00fablicos sean electos democr\u00e1ticamente, con transparencia, acuerdo a su experiencia y honestidad y en beneficio del pueblo guatemalteco\u201d<\/p>\n\n\n\n<p>\u201cPor lo tanto, instamos a que en el nuevo proceso de selecci\u00f3n se garantice la participaci\u00f3n de la sociedad civil sin discriminaci\u00f3n, que se establezca un procedimiento transparente y se elija a un candidato o candidata id\u00f3neo, honesto y comprometido con el bienestar de la poblaci\u00f3n\u201d enfatizan<\/p>\n\n\n\n<p>Agregando que en \u201cesta misma l\u00ednea de pensamiento instamos al se\u00f1or presidente a que los TITULARES de la Sociedad Civil reconocida ante el CODEDE de Huehuetenango ya no conozcan el nuevo proceso para la elecci\u00f3n a gobernador y en su lugar que sean los suplentes quienes elijan a la nueva terna\u201d<\/p>\n\n\n\n<p>\u201cEs importante que se evite repetir errores del pasado y se ponga fin a la pr\u00e1ctica de designar a personas con cuestionamientos \u00e9ticos o legales en puestos de poder\u201d indican<\/p>\n\n\n\n<p>Finalmente dejan claro que el pueblo organizado estar\u00e1 vigilante y demandar\u00e1 que se respete la legalidad y se elija a un gobernador que trabaje por el desarrollo y la justicia para todos los habitantes de Huehuetenango.<\/p>\n\n\n\n<p>Este pronunciamiento est\u00e1 respaldado por las organizaciones:<\/p>\n\n\n\n<p>Consejo de Pueblo Maya.<\/p>\n\n\n\n<p>Comit\u00e9 de Desarrollo Campesino.<\/p>\n\n\n\n<p>Huehue Por la Democracia.<\/p>\n\n\n\n<p>Asociaci\u00f3n Casa Hogar.<\/p>\n\n\n\n<p>Resistencia Santa B\u00e1rbara.<\/p>\n\n\n\n<p>Resistencia Regi\u00f3n Huista.<\/p>\n\n\n\n<p>Resistencia Regi\u00f3n Norte Huehuetenango.<\/p>\n\n\n\n<p>Resistencia Regi\u00f3n Ixtahuacan.<\/p>\n\n\n\n<p>Guate Democratica.<\/p>\n\n\n\n<p><a href=\"https:\/\/www.facebook.com\/hashtag\/metroredes?__eep__=6&amp;__cft__[0]=AZUHQF6cu855ksxWhwFBVCvnsm8gvNzcTE0hiI9T7puilA7O78GDOF7em6TSBdrz4l4M-ochKvisObrpHT_fSG3ty47UkcuGPoudRUcB2pLqqU4Y_rlWbaZAZ48QMtFtgiewdvbbbt_v7h6WsgmtpZfZoKFgPeehxWv3nn3wScaKVq3yBxXd8kKmuLL24JUxWuA&amp;__tn__=*NK-R\">#metroredes<\/a><a href=\"https:\/\/www.facebook.com\/hashtag\/gobernadores?__eep__=6&amp;__cft__[0]=AZUHQF6cu855ksxWhwFBVCvnsm8gvNzcTE0hiI9T7puilA7O78GDOF7em6TSBdrz4l4M-ochKvisObrpHT_fSG3ty47UkcuGPoudRUcB2pLqqU4Y_rlWbaZAZ48QMtFtgiewdvbbbt_v7h6WsgmtpZfZoKFgPeehxWv3nn3wScaKVq3yBxXd8kKmuLL24JUxWuA&amp;__tn__=*NK-R\">#Gobernadores<\/a><\/p>\n\n\n\n<figure class=\"wp-block-gallery has-nested-images columns-default is-cropped wp-block-gallery-1 is-layout-flex wp-block-gallery-is-layout-flex\">\n<figure class=\"wp-block-image size-large\"><img loading=\"lazy\" decoding=\"async\" width=\"1024\" height=\"682\" data-id=\"80339\" src=\"https:\/\/elmetropolitano.com.gt\/es\/wp-content\/uploads\/2024\/03\/432773414_904642188328532_8297529146922231927_n-1-1024x682.jpg\" alt=\"\" class=\"wp-image-80339\" srcset=\"https:\/\/elmetropolitano.com.gt\/es\/wp-content\/uploads\/2024\/03\/432773414_904642188328532_8297529146922231927_n-1-1024x682.jpg 1024w, https:\/\/elmetropolitano.com.gt\/es\/wp-content\/uploads\/2024\/03\/432773414_904642188328532_8297529146922231927_n-1-300x200.jpg 300w, https:\/\/elmetropolitano.com.gt\/es\/wp-content\/uploads\/2024\/03\/432773414_904642188328532_8297529146922231927_n-1-768x512.jpg 768w, https:\/\/elmetropolitano.com.gt\/es\/wp-content\/uploads\/2024\/03\/432773414_904642188328532_8297529146922231927_n-1.jpg 1280w\" sizes=\"auto, (max-width: 1024px) 100vw, 1024px\" \/><\/figure>\n\n\n\n<figure class=\"wp-block-image size-large\"><img loading=\"lazy\" decoding=\"async\" width=\"852\" height=\"1024\" data-id=\"80340\" src=\"https:\/\/elmetropolitano.com.gt\/es\/wp-content\/uploads\/2024\/03\/432778729_904642304995187_3975224452983013334_n-852x1024.jpg\" alt=\"\" class=\"wp-image-80340\" srcset=\"https:\/\/elmetropolitano.com.gt\/es\/wp-content\/uploads\/2024\/03\/432778729_904642304995187_3975224452983013334_n-852x1024.jpg 852w, https:\/\/elmetropolitano.com.gt\/es\/wp-content\/uploads\/2024\/03\/432778729_904642304995187_3975224452983013334_n-250x300.jpg 250w, https:\/\/elmetropolitano.com.gt\/es\/wp-content\/uploads\/2024\/03\/432778729_904642304995187_3975224452983013334_n-768x923.jpg 768w, https:\/\/elmetropolitano.com.gt\/es\/wp-content\/uploads\/2024\/03\/432778729_904642304995187_3975224452983013334_n.jpg 1131w\" sizes=\"auto, (max-width: 852px) 100vw, 852px\" \/><\/figure>\n<\/figure>\n","protected":false},"excerpt":{"rendered":"<p>Organizaciones sociales de Huehuetenango respaldan la decisi\u00f3n del presidente Bernardo Ar\u00e9valo de rechazar la terna para la Gobernaci\u00f3n Departamental de este departamento y piden que los titulares en el Codede ya no conoscan el nuevo proceso y sean los suplentes. En un comunicado de prensa expresan que \u201c Es un paso acertado en la lucha <a class=\"read-more\" href=\"https:\/\/elmetropolitano.com.gt\/es\/organizaciones-apoyan-rechazo-de-terna-a-gobernadores-en-huehuetenango\/\">Leer m\u00e1s<\/a><\/p>\n","protected":false},"author":1,"featured_media":80338,"comment_status":"open","ping_status":"closed","sticky":false,"template":"","format":"standard","meta":{"footnotes":""},"categories":[2],"tags":[12],"class_list":["post-80337","post","type-post","status-publish","format-standard","has-post-thumbnail","hentry","category-nacionales","tag-nacionales"],"_links":{"self":[{"href":"https:\/\/elmetropolitano.com.gt\/es\/wp-json\/wp\/v2\/posts\/80337","targetHints":{"allow":["GET"]}}],"collection":[{"href":"https:\/\/elmetropolitano.com.gt\/es\/wp-json\/wp\/v2\/posts"}],"about":[{"href":"https:\/\/elmetropolitano.com.gt\/es\/wp-json\/wp\/v2\/types\/post"}],"author":[{"embeddable":true,"href":"https:\/\/elmetropolitano.com.gt\/es\/wp-json\/wp\/v2\/users\/1"}],"replies":[{"embeddable":true,"href":"https:\/\/elmetropolitano.com.gt\/es\/wp-json\/wp\/v2\/comments?post=80337"}],"version-history":[{"count":1,"href":"https:\/\/elmetropolitano.com.gt\/es\/wp-json\/wp\/v2\/posts\/80337\/revisions"}],"predecessor-version":[{"id":80341,"href":"https:\/\/elmetropolitano.com.gt\/es\/wp-json\/wp\/v2\/posts\/80337\/revisions\/80341"}],"wp:featuredmedia":[{"embeddable":true,"href":"https:\/\/elmetropolitano.com.gt\/es\/wp-json\/wp\/v2\/media\/80338"}],"wp:attachment":[{"href":"https:\/\/elmetropolitano.com.gt\/es\/wp-json\/wp\/v2\/media?parent=80337"}],"wp:term":[{"taxonomy":"category","embeddable":true,"href":"https:\/\/elmetropolitano.com.gt\/es\/wp-json\/wp\/v2\/categories?post=80337"},{"taxonomy":"post_tag","embeddable":true,"href":"https:\/\/elmetropolitano.com.gt\/es\/wp-json\/wp\/v2\/tags?post=80337"}],"curies":[{"name":"wp","href":"https:\/\/api.w.org\/{rel}","templated":true}]}}