{"id":80350,"date":"2024-03-21T18:59:39","date_gmt":"2024-03-22T00:59:39","guid":{"rendered":"https:\/\/elmetropolitano.com.gt\/es\/?p=80350"},"modified":"2024-03-21T18:59:41","modified_gmt":"2024-03-22T00:59:41","slug":"lanzan-campana-protejamos-nuestra-semana-santa","status":"publish","type":"post","link":"https:\/\/elmetropolitano.com.gt\/es\/lanzan-campana-protejamos-nuestra-semana-santa\/","title":{"rendered":"Lanzan campa\u00f1a: \u00abProtejamos Nuestra Semana Santa"},"content":{"rendered":"\n<p>Con el prop\u00f3sito de que turistas nacionales e internacionales participen de forma segura en las actividades culturales de Guatemala, este d\u00eda se lanz\u00f3 la campa\u00f1a Protejamos Nuestra Semana Santa.<\/p>\n\n\n\n<p>Esta <a><\/a>cuenta con la participaci\u00f3n del ministro de Gobernaci\u00f3n, Francisco Jim\u00e9nez, quien indic\u00f3 que en cumplimiento de las indicaciones del presidente Bernardo Ar\u00e9valo, que las cosas deben cambiar \u201cPor ello, por primera vez en la historia se crea un plan para coordinar acciones durante esta Semana Santa, especialmente en los cortejos procesionales\u201d<\/p><div class=\"elmet-contenido\" id=\"elmet-2272504243\"><div class=\"elmet-adlabel\">Anuncios<\/div><div style=\"margin-top: 20px;margin-right: 20px;margin-bottom: 20px;margin-left: 20px;\" id=\"elmet-2741520669\"><a href=\"https:\/\/www.facebook.com\/arrincuanantigua\/\" aria-label=\"cintillo-arrin-cual\"><img loading=\"lazy\" decoding=\"async\" src=\"https:\/\/elmetropolitano.com.gt\/es\/wp-content\/uploads\/2021\/11\/cintillo-arrin-cual-1.jpg\" alt=\"\"  srcset=\"https:\/\/elmetropolitano.com.gt\/es\/wp-content\/uploads\/2021\/11\/cintillo-arrin-cual-1.jpg 750w, https:\/\/elmetropolitano.com.gt\/es\/wp-content\/uploads\/2021\/11\/cintillo-arrin-cual-1-300x36.jpg 300w, https:\/\/elmetropolitano.com.gt\/es\/wp-content\/uploads\/2021\/11\/cintillo-arrin-cual-1-600x72.jpg 600w\" sizes=\"(max-width: 750px) 100vw, 750px\" width=\"750\" height=\"90\"   \/><\/a><\/div><\/div>\n\n\n\n<p>Dicho plan cuenta con el apoyo de los ministerios de Gobernaci\u00f3n y Cultura y Deportes, la Municipalidad capitalina, las hermandades de las diferentes iglesias y las cofrad\u00edas de los cortejos procesionales.<\/p>\n\n\n\n<p>El Ministerio de Cultura y Deportes y el Ministerio de Gobernaci\u00f3n anunciaron acciones que se tomar\u00e1n en 2024 para la protecci\u00f3n de Semana Santa en Guatemala como Patrimonio Cultural Inmaterial de la Humanidad declarado por la Unesco<\/p>\n\n\n\n<p>Sobre el plan<\/p>\n\n\n\n<p>Este plan busca brindar protecci\u00f3n a los feligreses y turistas durante la Semana Santa 2024. As\u00ed lo inform\u00f3 la ministra de Cultura y Deportes, Liwy Grazioso<\/p>\n\n\n\n<p>\u201cLo importante es que logramos armar este plan interinstitucional para reorganizar los protocolos de seguridad, la instalaci\u00f3n de las ventas durante las procesiones y contar\u00e1 con oasis para estar hidratados durante su recorrido\u201dindic\u00f3 Licet Grazioso<\/p>\n\n\n\n<p>Las acciones de este plan incluyen:<\/p>\n\n\n\n<p>-seguridad en los cortejos procesionales<\/p>\n\n\n\n<p>-organizaci\u00f3n de las ventas de alimentos, coloc\u00e1ndolas a 50 metros de distancia del paso de las procesiones<\/p>\n\n\n\n<p>-instalar las ventas en plazas cercanas a los recorridos procesionales<\/p>\n\n\n\n<p>-colocar lugares de informaci\u00f3n para los turistas nacionales y extranjeros<\/p>\n\n\n\n<p>Las acciones permitir\u00e1n hacer de Semana Santa una tradici\u00f3n m\u00e1s segura para todos los guatemaltecos y son un recordatorio de la responsabilidad que todos y todas tenemos de conservar y proteger nuestras tradiciones<\/p>\n\n\n\n<p>Seguridad<\/p>\n\n\n\n<p>En tanto, el titular de la cartera del interior inform\u00f3 que este ministerio pondr\u00e1 a disposici\u00f3n 520 elementos de seguridad para acompa\u00f1ar los cortejos procesionales.<\/p>\n\n\n\n<p>El objetivo es el resguardo de la tradici\u00f3n que ahora es Patrimonio cultural a nivel mundial. Por ello contaremos con 420 elementos de la Polic\u00eda Nacional Civil hombres y 100 mujeres.<\/p>\n\n\n\n<p>Tambi\u00e9n se utilizar\u00e1n 45 patrullas y 22 motos que van a garantizar la seguridad, no solo contra la delincuencia, sino en apoyo al orden en los cortejos procesionales.<\/p>\n\n\n\n<p>Este plan se ejecutar\u00e1 en la semana con mayor n\u00famero de cortejos procesionales y en los lugares con el mayor n\u00famero de estas procesiones como la capital y la Antigua Guatemala.<\/p>\n\n\n\n<p>Patrimonio de la Humanidad<\/p>\n\n\n\n<p>La ministra de Cultura y Deportes, Liwy Grazioso, indic\u00f3 que este plan se da como parte de la conmemoraci\u00f3n del primer aniversario de la declaratoria de la Semana Santa guatemalteca como Patrimonio Inmaterial de la Humanidad.<\/p>\n\n\n\n<p>\u201cEste es el primer a\u00f1o que conmemoramos la declaratoria de la Semana Santa de Guatemala como Patrimonio Cultural Inmaterial de la Humanidad por la Organizaci\u00f3n de las Naciones Unidas para la Educaci\u00f3n, la Ciencia y la Cultura (Unesco)\u201d expres\u00f3 Grazioso<\/p>\n\n\n\n<p>Las expresiones de fe y devoci\u00f3n durante la Semana Santa en Guatemala son variadas. Cada regi\u00f3n cuenta con sus propias costumbres y tradiciones, lo cual hace que estas fechas se vivan de manera diferente al resto del mundo<\/p>\n\n\n\n<p><a href=\"https:\/\/www.facebook.com\/hashtag\/metroredes?__eep__=6&amp;__cft__[0]=AZUcVU6vy-Ep5mJrhGNaRwjM1nbQViWbXbrilO9N9k7852cajQHc9lHltaqylxMCLdHWe4-F5xeRgZGW6eRAVjKWeeBIvSVXjclVn4RBCw7UAirtMhBxL4tyVKGdQIBvWZcqSH6I4Rni7O1aWoeWoH-wIZkHFCVQprxuOf5BuBVod0yBZHxGWLjBjRaRZhdtiwE&amp;__tn__=*NK-R\">#metroredes<\/a><a href=\"https:\/\/www.facebook.com\/hashtag\/semanasanta2024?__eep__=6&amp;__cft__[0]=AZUcVU6vy-Ep5mJrhGNaRwjM1nbQViWbXbrilO9N9k7852cajQHc9lHltaqylxMCLdHWe4-F5xeRgZGW6eRAVjKWeeBIvSVXjclVn4RBCw7UAirtMhBxL4tyVKGdQIBvWZcqSH6I4Rni7O1aWoeWoH-wIZkHFCVQprxuOf5BuBVod0yBZHxGWLjBjRaRZhdtiwE&amp;__tn__=*NK-R\">#semanasanta2024<\/a><\/p>\n\n\n\n<p><\/p>\n","protected":false},"excerpt":{"rendered":"<p>Con el prop\u00f3sito de que turistas nacionales e internacionales participen de forma segura en las actividades culturales de Guatemala, este d\u00eda se lanz\u00f3 la campa\u00f1a Protejamos Nuestra Semana Santa. Esta cuenta con la participaci\u00f3n del ministro de Gobernaci\u00f3n, Francisco Jim\u00e9nez, quien indic\u00f3 que en cumplimiento de las indicaciones del presidente Bernardo Ar\u00e9valo, que las cosas <a class=\"read-more\" href=\"https:\/\/elmetropolitano.com.gt\/es\/lanzan-campana-protejamos-nuestra-semana-santa\/\">Leer m\u00e1s<\/a><\/p>\n","protected":false},"author":1,"featured_media":80351,"comment_status":"open","ping_status":"closed","sticky":false,"template":"","format":"standard","meta":{"footnotes":""},"categories":[2],"tags":[12],"class_list":["post-80350","post","type-post","status-publish","format-standard","has-post-thumbnail","hentry","category-nacionales","tag-nacionales"],"_links":{"self":[{"href":"https:\/\/elmetropolitano.com.gt\/es\/wp-json\/wp\/v2\/posts\/80350","targetHints":{"allow":["GET"]}}],"collection":[{"href":"https:\/\/elmetropolitano.com.gt\/es\/wp-json\/wp\/v2\/posts"}],"about":[{"href":"https:\/\/elmetropolitano.com.gt\/es\/wp-json\/wp\/v2\/types\/post"}],"author":[{"embeddable":true,"href":"https:\/\/elmetropolitano.com.gt\/es\/wp-json\/wp\/v2\/users\/1"}],"replies":[{"embeddable":true,"href":"https:\/\/elmetropolitano.com.gt\/es\/wp-json\/wp\/v2\/comments?post=80350"}],"version-history":[{"count":1,"href":"https:\/\/elmetropolitano.com.gt\/es\/wp-json\/wp\/v2\/posts\/80350\/revisions"}],"predecessor-version":[{"id":80352,"href":"https:\/\/elmetropolitano.com.gt\/es\/wp-json\/wp\/v2\/posts\/80350\/revisions\/80352"}],"wp:featuredmedia":[{"embeddable":true,"href":"https:\/\/elmetropolitano.com.gt\/es\/wp-json\/wp\/v2\/media\/80351"}],"wp:attachment":[{"href":"https:\/\/elmetropolitano.com.gt\/es\/wp-json\/wp\/v2\/media?parent=80350"}],"wp:term":[{"taxonomy":"category","embeddable":true,"href":"https:\/\/elmetropolitano.com.gt\/es\/wp-json\/wp\/v2\/categories?post=80350"},{"taxonomy":"post_tag","embeddable":true,"href":"https:\/\/elmetropolitano.com.gt\/es\/wp-json\/wp\/v2\/tags?post=80350"}],"curies":[{"name":"wp","href":"https:\/\/api.w.org\/{rel}","templated":true}]}}