{"id":80353,"date":"2024-03-21T19:01:10","date_gmt":"2024-03-22T01:01:10","guid":{"rendered":"https:\/\/elmetropolitano.com.gt\/es\/?p=80353"},"modified":"2024-03-21T19:01:12","modified_gmt":"2024-03-22T01:01:12","slug":"guatemala-y-estados-unidos-mantienen-colaboracion-en-materia-de-migracion-irregular","status":"publish","type":"post","link":"https:\/\/elmetropolitano.com.gt\/es\/guatemala-y-estados-unidos-mantienen-colaboracion-en-materia-de-migracion-irregular\/","title":{"rendered":"Guatemala y Estados Unidos mantienen colaboraci\u00f3n en materia de migraci\u00f3n irregular"},"content":{"rendered":"\n<p>Autoridades de Guatemala y Estados Unidos se reunieron este jueves en el pa\u00eds para dialogar sobre la migraci\u00f3n irregular, como parte de la visita del secretario de Seguridad Nacional de los Estados Unidos, Alejandro N. Mayorkas, y el embajador de los Estados Unidos en M\u00e9xico, Ken Salazar.<\/p>\n\n\n\n<p>Dicho di\u00e1logo estuvo liderado por el presidente Bernardo Ar\u00e9valo, acompa\u00f1ado del ministro de Gobernaci\u00f3n, <a><\/a>Francisco Jim\u00e9nez, y el quinto viceministro de Antinarc\u00f3ticos, Werner Ovalle:<\/p><div class=\"elmet-contenido\" id=\"elmet-4161050492\"><div class=\"elmet-adlabel\">Anuncios<\/div><div style=\"margin-top: 20px;margin-right: 20px;margin-bottom: 20px;margin-left: 20px;\" id=\"elmet-4025499657\"><a href=\"https:\/\/www.facebook.com\/arrincuanantigua\/\" aria-label=\"cintillo-arrin-cual\"><img loading=\"lazy\" decoding=\"async\" src=\"https:\/\/elmetropolitano.com.gt\/es\/wp-content\/uploads\/2021\/11\/cintillo-arrin-cual-1.jpg\" alt=\"\"  srcset=\"https:\/\/elmetropolitano.com.gt\/es\/wp-content\/uploads\/2021\/11\/cintillo-arrin-cual-1.jpg 750w, https:\/\/elmetropolitano.com.gt\/es\/wp-content\/uploads\/2021\/11\/cintillo-arrin-cual-1-300x36.jpg 300w, https:\/\/elmetropolitano.com.gt\/es\/wp-content\/uploads\/2021\/11\/cintillo-arrin-cual-1-600x72.jpg 600w\" sizes=\"(max-width: 750px) 100vw, 750px\" width=\"750\" height=\"90\"   \/><\/a><\/div><\/div>\n\n\n\n<p>As\u00ed lo explic\u00f3 el secretario de Seguridad de los EE. UU. en conferencia de prensa al indicar que esto \u201cincluye el establecimiento de nuestro nuevo grupo de trabajo tripartito que centra su atenci\u00f3n en las operaciones, a trav\u00e9s del cual las autoridades policiales de nuestros pa\u00edses trabajan juntas\u201d<\/p>\n\n\n\n<p>Dicha cooperaci\u00f3n incluye identificar brechas e incapacidades, compartir informaci\u00f3n y desarrollar planes operativos coordinados en las fronteras.<\/p>\n\n\n\n<p>La cooperaci\u00f3n<\/p>\n\n\n\n<p>En tanto, el secretario Mayorkas resalt\u00f3 que juntos estos pa\u00edses est\u00e1n adoptando medidas concretas para abordar los desaf\u00edos que enfrenta este hemisferio.<\/p>\n\n\n\n<p>\u201cLos Estados Unidos reconocen que la cooperaci\u00f3n regular, abierta y eficaz basada en el respeto mutuo es fundamental para la relaci\u00f3n compartida\u201d expres\u00f3<\/p>\n\n\n\n<p>Agregando que esto \u201ccon el fin de que se establezcan los fundamentos de seguridad y prosperidad de los pa\u00edses, salvaguardando la patria y sus poblaciones\u201d<\/p>\n\n\n\n<p>Por ello, resalt\u00f3 que Estados Unidos est\u00e1 mejorando la conectividad entre los empleadores de su pa\u00eds y los beneficiarios de Guatemala a trav\u00e9s de visas temporales de trabajo.<\/p>\n\n\n\n<p>Adem\u00e1s de impulsar acciones de seguridad en las zonas fronterizas, aduanas y seguridad nacional.<\/p>\n\n\n\n<p>Visita a Estados Unidos<\/p>\n\n\n\n<p>Aparte, el presidente Bernardo Ar\u00e9valo resalt\u00f3 que la migraci\u00f3n ser\u00e1 uno de los temas que ser\u00e1n ampliados durante su visita la pr\u00f3xima semana a Estados Unidos.<\/p>\n\n\n\n<p>La reuni\u00f3n del d\u00eda de hoy ha permitido a ambas delegaciones avanzar en la preparaci\u00f3n de la agenda que podemos discutir con la vicepresidenta Kamala Harris la semana entrante.<\/p>\n\n\n\n<p>El mandatario tambi\u00e9n resalt\u00f3 la participaci\u00f3n de Guatemala en las reuniones trinacionales a nivel de cancilleres que han tenido lugar en los Estados Unidos.<\/p>\n\n\n\n<p>\u201cNosotros estamos operando bajo el principio que el fen\u00f3meno de la migraci\u00f3n es un fen\u00f3meno regional en el tr\u00e1nsito de estos flujos humanos en las naciones\u201d indic\u00f3 Ar\u00e9valo<\/p>\n\n\n\n<p>Adem\u00e1s, indic\u00f3 que, en mayo, se efectuar\u00e1 una reuni\u00f3n apara abordar este tema en el marco de la Cumbre de Los \u00c1ngeles. En este sentido, Guatemala ser\u00e1 anfitri\u00f3n a nivel ministerial este a\u00f1o.<\/p>\n\n\n\n<p>Reuni\u00f3n de cancilleres<\/p>\n\n\n\n<p>Altos funcionarios de los Estados Unidos, Guatemala y M\u00e9xico sostuvieron el 28 de febrero en el Departamento de Estado de Estados Unidos una reuni\u00f3n trilateral ministerial para reforzar la cooperaci\u00f3n en el manejo de la migraci\u00f3n hemisf\u00e9rica y el desarrollo regional.<\/p>\n\n\n\n<p>La reuni\u00f3n fue liderada por el secretario de Estado, Antony Blinken, acompa\u00f1ado del secretario Alejandro Mayorkas y la asesora presidencial de Seguridad Nacional, Elizabeth Sherwood-Randall, por parte de los Estados Unidos.<\/p>\n\n\n\n<p>Por parte de Guatemala estuvo el canciller Carlos Ramiro Mart\u00ednez y el ministro de Gobernaci\u00f3n, Francisco Jos\u00e9 Jim\u00e9nez. Y por parte de M\u00e9xico acudi\u00f3 la secretaria de Relaciones Exteriores, Alicia B\u00e1rcena.<\/p>\n\n\n\n<p>Texto Brenda Larios<\/p>\n\n\n\n<p><a href=\"https:\/\/www.facebook.com\/hashtag\/migracion?__eep__=6&amp;__cft__[0]=AZWcHWKbcwO9UgC5Bu2rrFMM2GFBNtAMWv2vA0ZYdeIl6aSdG9B2FUhqrHYUvhyxtYihiAItJD_-V08Rs1ZNbndev0jjUcu9VVBaXdoEdyErgCzPMeIs9S_qtApuGFczHTiqzmoo2iNwG6lrqopE481DREnr5v_dcBhtf_QdV4m9Hz8tVUmjkiY3Tpp8J_Oj4BA&amp;__tn__=*NK-R\">#Migracion<\/a><a href=\"https:\/\/www.facebook.com\/hashtag\/metroredes?__eep__=6&amp;__cft__[0]=AZWcHWKbcwO9UgC5Bu2rrFMM2GFBNtAMWv2vA0ZYdeIl6aSdG9B2FUhqrHYUvhyxtYihiAItJD_-V08Rs1ZNbndev0jjUcu9VVBaXdoEdyErgCzPMeIs9S_qtApuGFczHTiqzmoo2iNwG6lrqopE481DREnr5v_dcBhtf_QdV4m9Hz8tVUmjkiY3Tpp8J_Oj4BA&amp;__tn__=*NK-R\">#metroredes<\/a><\/p>\n\n\n\n<p><\/p>\n","protected":false},"excerpt":{"rendered":"<p>Autoridades de Guatemala y Estados Unidos se reunieron este jueves en el pa\u00eds para dialogar sobre la migraci\u00f3n irregular, como parte de la visita del secretario de Seguridad Nacional de los Estados Unidos, Alejandro N. Mayorkas, y el embajador de los Estados Unidos en M\u00e9xico, Ken Salazar. Dicho di\u00e1logo estuvo liderado por el presidente Bernardo <a class=\"read-more\" href=\"https:\/\/elmetropolitano.com.gt\/es\/guatemala-y-estados-unidos-mantienen-colaboracion-en-materia-de-migracion-irregular\/\">Leer m\u00e1s<\/a><\/p>\n","protected":false},"author":1,"featured_media":80354,"comment_status":"open","ping_status":"closed","sticky":false,"template":"","format":"standard","meta":{"footnotes":""},"categories":[2],"tags":[12],"class_list":["post-80353","post","type-post","status-publish","format-standard","has-post-thumbnail","hentry","category-nacionales","tag-nacionales"],"_links":{"self":[{"href":"https:\/\/elmetropolitano.com.gt\/es\/wp-json\/wp\/v2\/posts\/80353","targetHints":{"allow":["GET"]}}],"collection":[{"href":"https:\/\/elmetropolitano.com.gt\/es\/wp-json\/wp\/v2\/posts"}],"about":[{"href":"https:\/\/elmetropolitano.com.gt\/es\/wp-json\/wp\/v2\/types\/post"}],"author":[{"embeddable":true,"href":"https:\/\/elmetropolitano.com.gt\/es\/wp-json\/wp\/v2\/users\/1"}],"replies":[{"embeddable":true,"href":"https:\/\/elmetropolitano.com.gt\/es\/wp-json\/wp\/v2\/comments?post=80353"}],"version-history":[{"count":1,"href":"https:\/\/elmetropolitano.com.gt\/es\/wp-json\/wp\/v2\/posts\/80353\/revisions"}],"predecessor-version":[{"id":80355,"href":"https:\/\/elmetropolitano.com.gt\/es\/wp-json\/wp\/v2\/posts\/80353\/revisions\/80355"}],"wp:featuredmedia":[{"embeddable":true,"href":"https:\/\/elmetropolitano.com.gt\/es\/wp-json\/wp\/v2\/media\/80354"}],"wp:attachment":[{"href":"https:\/\/elmetropolitano.com.gt\/es\/wp-json\/wp\/v2\/media?parent=80353"}],"wp:term":[{"taxonomy":"category","embeddable":true,"href":"https:\/\/elmetropolitano.com.gt\/es\/wp-json\/wp\/v2\/categories?post=80353"},{"taxonomy":"post_tag","embeddable":true,"href":"https:\/\/elmetropolitano.com.gt\/es\/wp-json\/wp\/v2\/tags?post=80353"}],"curies":[{"name":"wp","href":"https:\/\/api.w.org\/{rel}","templated":true}]}}