{"id":80362,"date":"2024-03-21T19:51:15","date_gmt":"2024-03-22T01:51:15","guid":{"rendered":"https:\/\/elmetropolitano.com.gt\/es\/?p=80362"},"modified":"2024-03-21T19:51:15","modified_gmt":"2024-03-22T01:51:15","slug":"mayorkas-el-presidente-arevalo-nos-inspira-y-estamos-muy-agradecidos-por-su-liderazgo","status":"publish","type":"post","link":"https:\/\/elmetropolitano.com.gt\/es\/mayorkas-el-presidente-arevalo-nos-inspira-y-estamos-muy-agradecidos-por-su-liderazgo\/","title":{"rendered":"Mayorkas: \u00abEl presidente Ar\u00e9valo nos inspira y estamos muy agradecidos por su liderazgo"},"content":{"rendered":"\n<p>Este jueves, el presidente Bernardo Ar\u00e9valo se reuni\u00f3 con el secretario de Seguridad Nacional de los Estados Unidos, Alejandro N. Mayorkas, para abordar temas de inter\u00e9s bilateral.<\/p>\n\n\n\n<p>El <a><\/a>di\u00e1logo tuvo lugar en el Palacio Nacional de la Cultura y cont\u00f3 con la participaci\u00f3n de autoridades de ambas naciones.<\/p><div class=\"elmet-contenido\" id=\"elmet-1514760163\"><div class=\"elmet-adlabel\">Anuncios<\/div><div style=\"margin-top: 20px;margin-right: 20px;margin-bottom: 20px;margin-left: 20px;\" id=\"elmet-2099561195\"><a href=\"https:\/\/www.facebook.com\/arrincuanantigua\/\" aria-label=\"cintillo-arrin-cual\"><img loading=\"lazy\" decoding=\"async\" src=\"https:\/\/elmetropolitano.com.gt\/es\/wp-content\/uploads\/2021\/11\/cintillo-arrin-cual-1.jpg\" alt=\"\"  srcset=\"https:\/\/elmetropolitano.com.gt\/es\/wp-content\/uploads\/2021\/11\/cintillo-arrin-cual-1.jpg 750w, https:\/\/elmetropolitano.com.gt\/es\/wp-content\/uploads\/2021\/11\/cintillo-arrin-cual-1-300x36.jpg 300w, https:\/\/elmetropolitano.com.gt\/es\/wp-content\/uploads\/2021\/11\/cintillo-arrin-cual-1-600x72.jpg 600w\" sizes=\"(max-width: 750px) 100vw, 750px\" width=\"750\" height=\"90\"   \/><\/a><\/div><\/div>\n\n\n\n<p>\u201cEl presidente Ar\u00e9valo nos inspira y estamos muy agradecidos por su liderazgo, por su asociaci\u00f3n con nosotros y por su amistad\u201d expres\u00f3 el secretario de Seguridad Nacional de los Estados Unidos<\/p>\n\n\n\n<p>La visita de esta delegaci\u00f3n estadounidense comenz\u00f3 este mi\u00e9rcoles 20 y culmina hoy jueves 21 de marzo.<\/p>\n\n\n\n<p>Declaraci\u00f3n conjunta<\/p>\n\n\n\n<p>En la declaraci\u00f3n conjunta, el presidente Ar\u00e9valo resalt\u00f3 las acciones que ambos pa\u00edses impulsar\u00e1n en temas como seguridad y migraci\u00f3n.<\/p>\n\n\n\n<p>Su presencia (de Mayorkas) en el pa\u00eds refleja el grado de compromiso que nuestros dos pa\u00edses tienen en la lucha para lograr enfrentar temas compartidos como problemas de seguridad, y el reto que presenta el fen\u00f3meno de las migraciones.<\/p>\n\n\n\n<p>Esta es la segunda reuni\u00f3n entre ambos funcionarios. El primer di\u00e1logo bilateral se efectu\u00f3 durante la gira de trabajo del mandatario en M\u00fanich, Alemania.<\/p>\n\n\n\n<p>El Presidente indic\u00f3 queeste esfuerzo conjunto tiene como fin impulsar el trabajo en objetivos concurrentes para lograr el bienestar, la seguridad y la tranquilidad de toda la poblaci\u00f3n.<\/p>\n\n\n\n<p>En materia de seguridad, el mandatario destac\u00f3 las acciones que su administraci\u00f3n a hecho en la lucha contra el narcotr\u00e1fico y el crimen organizado logrando incautaciones superiores de droga que se trasladaba de forma il\u00edcita en el pa\u00eds.<\/p>\n\n\n\n<p>\u201cHemos declarado desde el comienzo un compromiso en la lucha frontal contra el narcotr\u00e1fico, tomar las medidas necesarias para impedir que los c\u00e1rteles utilicen al pa\u00eds como ruta para el tr\u00e1fico de estas sustancia.<\/p>\n\n\n\n<p>Resalt\u00f3 que a nivel nacional se cuentan con operativos interinstitucionales entre los ministerios de la Defensa Nacional y Gobernaci\u00f3n de forma \u00e1rea, mar\u00edtima y terrestre\u201d indic\u00f3 Ar\u00e9valo<\/p>\n\n\n\n<p>Los temas<\/p>\n\n\n\n<p>El Presidente destac\u00f3 que durante la reuni\u00f3n se trataron temas de inter\u00e9s binacional y multilateral enfocados en la preparaci\u00f3n de la agenda que se abordar\u00e1 con la vicepresidenta de Estados Unidos, Kamala Harris.<\/p>\n\n\n\n<p>Fue una agenda que revis\u00f3 nueve puntos que son parte de esa conversaci\u00f3n en la que se alcanzaron avances, acuerdos y rutas de trabajo entre ambos pa\u00edses.<\/p>\n\n\n\n<p>Resalt\u00f3 que esta es una nueva era en la relaci\u00f3n entre los Gobiernos de Guatemala y los Estados Unidos.<\/p>\n\n\n\n<p>En tanto, el secretario de Seguridad Nacional de los Estados Unidos, reiter\u00f3 el apoyo de su pa\u00eds en la lucha contra la corrupci\u00f3n en Guatemala con acciones conjuntas con la nueva administraci\u00f3n.<\/p>\n\n\n\n<p>\u201cSabemos que las fuerzas de la corrupci\u00f3n siguen amenazando la democracia y el bienestar del pueblo guatemalteco. EE. UU. respalda al presidente Ar\u00e9valo en favor de la democracia y en contra de las fuerzas opuestas a la democraciaEl presidente Ar\u00e9valo nos inspira y estamos muy agradecidos por su liderazgo, por su asociaci\u00f3n con nosotros y por su amistad\u201d enfatiz\u00f3 Mayorkas<\/p>\n\n\n\n<p>Mayorkas resalt\u00f3 que por ello Estados Unidos reitera su apoyo para Guatemala en varios temas conjuntos. Ejemplo de esto, es que a principios de esta semana Estados Unidos tuvo el orgullo de mandar una delegaci\u00f3n de altos funcionarios de la administraci\u00f3n. Esto para realizar un Di\u00e1logo Econ\u00f3mico de Alto Nivel. En este encuentro participaron altos funcionarios y empresarios de 14 agencias estadounidense para fortalecer el desarrollo econ\u00f3mico de Guatemala en coordinaci\u00f3n con ministerios y secretar\u00edas del Gobierno central.<\/p>\n\n\n\n<p><a href=\"https:\/\/www.facebook.com\/hashtag\/metroredes?__eep__=6&amp;__cft__[0]=AZWXMB3tyBd0P3_7FimOuWyccaDyXowwwt3G-xzhLXZQftq7BI7OAaw1quxhdAMC4ygw-35lbw-iYh6VntGiDmrY2_QerSVC5Acc7dUaTq0JIT5dwVIo0_UOOSRv_200EmOgbsGs_8HfQAkqOuB34wfzfnp3rwQEpMkK601juzVZAlyUw2GmvV3oOv96S_Lqr4g&amp;__tn__=*NK-R\">#Metroredes<\/a><\/p>\n\n\n\n<p><\/p>\n","protected":false},"excerpt":{"rendered":"<p>Este jueves, el presidente Bernardo Ar\u00e9valo se reuni\u00f3 con el secretario de Seguridad Nacional de los Estados Unidos, Alejandro N. Mayorkas, para abordar temas de inter\u00e9s bilateral. El di\u00e1logo tuvo lugar en el Palacio Nacional de la Cultura y cont\u00f3 con la participaci\u00f3n de autoridades de ambas naciones. \u201cEl presidente Ar\u00e9valo nos inspira y estamos <a class=\"read-more\" href=\"https:\/\/elmetropolitano.com.gt\/es\/mayorkas-el-presidente-arevalo-nos-inspira-y-estamos-muy-agradecidos-por-su-liderazgo\/\">Leer m\u00e1s<\/a><\/p>\n","protected":false},"author":1,"featured_media":80363,"comment_status":"open","ping_status":"closed","sticky":false,"template":"","format":"standard","meta":{"footnotes":""},"categories":[2],"tags":[12],"class_list":["post-80362","post","type-post","status-publish","format-standard","has-post-thumbnail","hentry","category-nacionales","tag-nacionales"],"_links":{"self":[{"href":"https:\/\/elmetropolitano.com.gt\/es\/wp-json\/wp\/v2\/posts\/80362","targetHints":{"allow":["GET"]}}],"collection":[{"href":"https:\/\/elmetropolitano.com.gt\/es\/wp-json\/wp\/v2\/posts"}],"about":[{"href":"https:\/\/elmetropolitano.com.gt\/es\/wp-json\/wp\/v2\/types\/post"}],"author":[{"embeddable":true,"href":"https:\/\/elmetropolitano.com.gt\/es\/wp-json\/wp\/v2\/users\/1"}],"replies":[{"embeddable":true,"href":"https:\/\/elmetropolitano.com.gt\/es\/wp-json\/wp\/v2\/comments?post=80362"}],"version-history":[{"count":1,"href":"https:\/\/elmetropolitano.com.gt\/es\/wp-json\/wp\/v2\/posts\/80362\/revisions"}],"predecessor-version":[{"id":80364,"href":"https:\/\/elmetropolitano.com.gt\/es\/wp-json\/wp\/v2\/posts\/80362\/revisions\/80364"}],"wp:featuredmedia":[{"embeddable":true,"href":"https:\/\/elmetropolitano.com.gt\/es\/wp-json\/wp\/v2\/media\/80363"}],"wp:attachment":[{"href":"https:\/\/elmetropolitano.com.gt\/es\/wp-json\/wp\/v2\/media?parent=80362"}],"wp:term":[{"taxonomy":"category","embeddable":true,"href":"https:\/\/elmetropolitano.com.gt\/es\/wp-json\/wp\/v2\/categories?post=80362"},{"taxonomy":"post_tag","embeddable":true,"href":"https:\/\/elmetropolitano.com.gt\/es\/wp-json\/wp\/v2\/tags?post=80362"}],"curies":[{"name":"wp","href":"https:\/\/api.w.org\/{rel}","templated":true}]}}