{"id":80366,"date":"2024-03-21T21:25:11","date_gmt":"2024-03-22T03:25:11","guid":{"rendered":"https:\/\/elmetropolitano.com.gt\/es\/?p=80366"},"modified":"2024-03-21T21:25:12","modified_gmt":"2024-03-22T03:25:12","slug":"copresam-sera-el-puente-entre-el-ejecutivo-y-los-gobiernos-locales","status":"publish","type":"post","link":"https:\/\/elmetropolitano.com.gt\/es\/copresam-sera-el-puente-entre-el-ejecutivo-y-los-gobiernos-locales\/","title":{"rendered":"Copresam ser\u00e1 el puente entre el Ejecutivo y los gobiernos locales"},"content":{"rendered":"\n<p>Durante una reuni\u00f3n, el presidente Bernardo Ar\u00e9valo resalt\u00f3 la importancia de mantener un puente de conexi\u00f3n entre el Ejecutivo y los gobiernos locales.<\/p>\n\n\n\n<p>Por medio de sus redes oficiales, la Comisi\u00f3n Presidencial de Asuntos Municipales (Copresam) inform\u00f3:<\/p><div class=\"elmet-contenido\" id=\"elmet-719510347\"><div class=\"elmet-adlabel\">Anuncios<\/div><div style=\"margin-top: 20px;margin-right: 20px;margin-bottom: 20px;margin-left: 20px;\" id=\"elmet-2620461050\"><a href=\"https:\/\/www.facebook.com\/arrincuanantigua\/\" aria-label=\"cintillo-arrin-cual\"><img loading=\"lazy\" decoding=\"async\" src=\"https:\/\/elmetropolitano.com.gt\/es\/wp-content\/uploads\/2021\/11\/cintillo-arrin-cual-1.jpg\" alt=\"\"  srcset=\"https:\/\/elmetropolitano.com.gt\/es\/wp-content\/uploads\/2021\/11\/cintillo-arrin-cual-1.jpg 750w, https:\/\/elmetropolitano.com.gt\/es\/wp-content\/uploads\/2021\/11\/cintillo-arrin-cual-1-300x36.jpg 300w, https:\/\/elmetropolitano.com.gt\/es\/wp-content\/uploads\/2021\/11\/cintillo-arrin-cual-1-600x72.jpg 600w\" sizes=\"(max-width: 750px) 100vw, 750px\" width=\"750\" height=\"90\"   \/><\/a><\/div><\/div>\n\n\n\n<p>En <a><\/a>la primera reuni\u00f3n ordinaria de la Copresam, el presidente Bernardo Ar\u00e9valo resalt\u00f3 el importante trabajo de Copresam como puente de conexi\u00f3n entre el Ejecutivo y los gobiernos locales.<\/p>\n\n\n\n<p>En la reuni\u00f3n participaron los representantes de Copresam, la comisionada Karin Slowing, la subcomisionada \u00c1lida Arana Vicente; as\u00ed como el secretario de Planificaci\u00f3n y Programaci\u00f3n de la Presidencia, Carlos Mendoza, y el secretario de Coordinaci\u00f3n Ejecutiva de la Presidencia, V\u00edctor Hugo Godoy.<\/p>\n\n\n\n<p>Los temas<\/p>\n\n\n\n<p>En el encuentro, el mandatario apunt\u00f3 a la importancia de recuperar y rescatar el papel del Instituto de Fomento Municipal (Infom) como un actor clave con las municipalidades.<\/p>\n\n\n\n<p>Rescatar el papel del Infom como un actor clave que permita promover el desarrollo de los municipios.<\/p>\n\n\n\n<p>Adem\u00e1s de recuperar y renovar la confianza y credibilidad de los alcaldes en tan importante y estrat\u00e9gica instituci\u00f3n.<\/p>\n\n\n\n<p>Primera reuni\u00f3n<\/p>\n\n\n\n<p>El 6 de marzo, el gobernante reiter\u00f3 el apoyo a los gobiernos locales, durante la primera reuni\u00f3n de la Copresam, en el Palacio Nacional de la Cultura.<\/p>\n\n\n\n<p>\u201cQuiero reiterarles el compromiso del Gobierno de la Rep\u00fablica de trabajar con todos los alcaldes del pa\u00eds, porque al final el mandato popular que ustedes tienen es para generar las obras de desarrollo y el mandato nuestro es trabajar por del desarrollo de toda la naci\u00f3n\u201d enfatiz\u00f3 Ar\u00e9valo<\/p>\n\n\n\n<p>El mandatario resalt\u00f3 que esta sede de Gobierno es del pueblo y para el pueblo, por ello ahora se abrieron las puertas para trabajar con todos los sectores del pa\u00eds.<\/p>\n\n\n\n<p>Durante la primera reuni\u00f3n se cont\u00f3 con la participaci\u00f3n de 38 alcaldes de diversos puntos del pa\u00eds. Para dar a conocer el quehacer de esta comisi\u00f3n, como ente articulador entre el Ejecutivo y los gobiernos locales. Otro tema para abordar es el agua y el saneamiento.<\/p>\n\n\n\n<p>Se tiene previsto un siguiente encuentro que aglutine un nuevo grupo de alcaldes de otros puntos del pa\u00eds<\/p>\n\n\n\n<p>Texto Brenda Larios<\/p>\n\n\n\n<figure class=\"wp-block-gallery has-nested-images columns-default is-cropped wp-block-gallery-1 is-layout-flex wp-block-gallery-is-layout-flex\">\n<figure class=\"wp-block-image size-large\"><img loading=\"lazy\" decoding=\"async\" width=\"680\" height=\"453\" data-id=\"80369\" src=\"https:\/\/elmetropolitano.com.gt\/es\/wp-content\/uploads\/2024\/03\/432779106_904885031637581_3724190263392534447_n.jpg\" alt=\"\" class=\"wp-image-80369\" srcset=\"https:\/\/elmetropolitano.com.gt\/es\/wp-content\/uploads\/2024\/03\/432779106_904885031637581_3724190263392534447_n.jpg 680w, https:\/\/elmetropolitano.com.gt\/es\/wp-content\/uploads\/2024\/03\/432779106_904885031637581_3724190263392534447_n-300x200.jpg 300w\" sizes=\"auto, (max-width: 680px) 100vw, 680px\" \/><\/figure>\n\n\n\n<figure class=\"wp-block-image size-large\"><img loading=\"lazy\" decoding=\"async\" width=\"680\" height=\"453\" data-id=\"80368\" src=\"https:\/\/elmetropolitano.com.gt\/es\/wp-content\/uploads\/2024\/03\/432935243_904884978304253_6797466091700800166_n.jpg\" alt=\"\" class=\"wp-image-80368\" srcset=\"https:\/\/elmetropolitano.com.gt\/es\/wp-content\/uploads\/2024\/03\/432935243_904884978304253_6797466091700800166_n.jpg 680w, https:\/\/elmetropolitano.com.gt\/es\/wp-content\/uploads\/2024\/03\/432935243_904884978304253_6797466091700800166_n-300x200.jpg 300w\" sizes=\"auto, (max-width: 680px) 100vw, 680px\" \/><\/figure>\n\n\n\n<figure class=\"wp-block-image size-large\"><img loading=\"lazy\" decoding=\"async\" width=\"680\" height=\"453\" data-id=\"80370\" src=\"https:\/\/elmetropolitano.com.gt\/es\/wp-content\/uploads\/2024\/03\/432975501_904884991637585_5652251391678001649_n.jpg\" alt=\"\" class=\"wp-image-80370\" srcset=\"https:\/\/elmetropolitano.com.gt\/es\/wp-content\/uploads\/2024\/03\/432975501_904884991637585_5652251391678001649_n.jpg 680w, https:\/\/elmetropolitano.com.gt\/es\/wp-content\/uploads\/2024\/03\/432975501_904884991637585_5652251391678001649_n-300x200.jpg 300w\" sizes=\"auto, (max-width: 680px) 100vw, 680px\" \/><\/figure>\n<\/figure>\n","protected":false},"excerpt":{"rendered":"<p>Durante una reuni\u00f3n, el presidente Bernardo Ar\u00e9valo resalt\u00f3 la importancia de mantener un puente de conexi\u00f3n entre el Ejecutivo y los gobiernos locales. Por medio de sus redes oficiales, la Comisi\u00f3n Presidencial de Asuntos Municipales (Copresam) inform\u00f3: En la primera reuni\u00f3n ordinaria de la Copresam, el presidente Bernardo Ar\u00e9valo resalt\u00f3 el importante trabajo de Copresam <a class=\"read-more\" href=\"https:\/\/elmetropolitano.com.gt\/es\/copresam-sera-el-puente-entre-el-ejecutivo-y-los-gobiernos-locales\/\">Leer m\u00e1s<\/a><\/p>\n","protected":false},"author":1,"featured_media":80367,"comment_status":"open","ping_status":"closed","sticky":false,"template":"","format":"standard","meta":{"footnotes":""},"categories":[2],"tags":[12],"class_list":["post-80366","post","type-post","status-publish","format-standard","has-post-thumbnail","hentry","category-nacionales","tag-nacionales"],"_links":{"self":[{"href":"https:\/\/elmetropolitano.com.gt\/es\/wp-json\/wp\/v2\/posts\/80366","targetHints":{"allow":["GET"]}}],"collection":[{"href":"https:\/\/elmetropolitano.com.gt\/es\/wp-json\/wp\/v2\/posts"}],"about":[{"href":"https:\/\/elmetropolitano.com.gt\/es\/wp-json\/wp\/v2\/types\/post"}],"author":[{"embeddable":true,"href":"https:\/\/elmetropolitano.com.gt\/es\/wp-json\/wp\/v2\/users\/1"}],"replies":[{"embeddable":true,"href":"https:\/\/elmetropolitano.com.gt\/es\/wp-json\/wp\/v2\/comments?post=80366"}],"version-history":[{"count":1,"href":"https:\/\/elmetropolitano.com.gt\/es\/wp-json\/wp\/v2\/posts\/80366\/revisions"}],"predecessor-version":[{"id":80371,"href":"https:\/\/elmetropolitano.com.gt\/es\/wp-json\/wp\/v2\/posts\/80366\/revisions\/80371"}],"wp:featuredmedia":[{"embeddable":true,"href":"https:\/\/elmetropolitano.com.gt\/es\/wp-json\/wp\/v2\/media\/80367"}],"wp:attachment":[{"href":"https:\/\/elmetropolitano.com.gt\/es\/wp-json\/wp\/v2\/media?parent=80366"}],"wp:term":[{"taxonomy":"category","embeddable":true,"href":"https:\/\/elmetropolitano.com.gt\/es\/wp-json\/wp\/v2\/categories?post=80366"},{"taxonomy":"post_tag","embeddable":true,"href":"https:\/\/elmetropolitano.com.gt\/es\/wp-json\/wp\/v2\/tags?post=80366"}],"curies":[{"name":"wp","href":"https:\/\/api.w.org\/{rel}","templated":true}]}}