{"id":80780,"date":"2024-04-04T09:27:05","date_gmt":"2024-04-04T15:27:05","guid":{"rendered":"https:\/\/elmetropolitano.com.gt\/es\/?p=80780"},"modified":"2024-04-04T09:27:05","modified_gmt":"2024-04-04T15:27:05","slug":"contrato-de-perenco-en-laguna-del-tigre-no-va-a-ser-renovado","status":"publish","type":"post","link":"https:\/\/elmetropolitano.com.gt\/es\/contrato-de-perenco-en-laguna-del-tigre-no-va-a-ser-renovado\/","title":{"rendered":"Contrato de Perenco en Laguna del Tigre no va a ser renovado"},"content":{"rendered":"\n<p>\u201cQue quede claro el contrato de la empresa petrolera Perenco en Laguna del Tigre, que vence en 2025, NO va a ser renovado. Las instituciones del gobierno velar\u00e1n por el cierre ordenado de las operaciones de Perenco en Laguna del Tigre, y no se permitir\u00e1n operaciones petroleras en ning\u00fan \u00e1rea protegida del pa\u00eds\u201d<\/p>\n\n\n\n<p>Bernardo Ar\u00e9valo, presidente de Guatemala<\/p><div class=\"elmet-contenido\" id=\"elmet-2015532054\"><div class=\"elmet-adlabel\">Anuncios<\/div><div style=\"margin-top: 20px;margin-right: 20px;margin-bottom: 20px;margin-left: 20px;\" id=\"elmet-2249258713\"><a href=\"https:\/\/www.facebook.com\/arrincuanantigua\/\" aria-label=\"cintillo-arrin-cual\"><img loading=\"lazy\" decoding=\"async\" src=\"https:\/\/elmetropolitano.com.gt\/es\/wp-content\/uploads\/2021\/11\/cintillo-arrin-cual-1.jpg\" alt=\"\"  srcset=\"https:\/\/elmetropolitano.com.gt\/es\/wp-content\/uploads\/2021\/11\/cintillo-arrin-cual-1.jpg 750w, https:\/\/elmetropolitano.com.gt\/es\/wp-content\/uploads\/2021\/11\/cintillo-arrin-cual-1-300x36.jpg 300w, https:\/\/elmetropolitano.com.gt\/es\/wp-content\/uploads\/2021\/11\/cintillo-arrin-cual-1-600x72.jpg 600w\" sizes=\"(max-width: 750px) 100vw, 750px\" width=\"750\" height=\"90\"   \/><\/a><\/div><\/div>\n\n\n\n<p>#metroredes  www.metroredes.com www.elescuintleco.com <\/p>\n","protected":false},"excerpt":{"rendered":"<p>\u201cQue quede claro el contrato de la empresa petrolera Perenco en Laguna del Tigre, que vence en 2025, NO va a ser renovado. Las instituciones del gobierno velar\u00e1n por el cierre ordenado de las operaciones de Perenco en Laguna del Tigre, y no se permitir\u00e1n operaciones petroleras en ning\u00fan \u00e1rea protegida del pa\u00eds\u201d Bernardo Ar\u00e9valo, <a class=\"read-more\" href=\"https:\/\/elmetropolitano.com.gt\/es\/contrato-de-perenco-en-laguna-del-tigre-no-va-a-ser-renovado\/\">Leer m\u00e1s<\/a><\/p>\n","protected":false},"author":1,"featured_media":80781,"comment_status":"open","ping_status":"closed","sticky":false,"template":"","format":"standard","meta":{"footnotes":""},"categories":[2],"tags":[12],"class_list":["post-80780","post","type-post","status-publish","format-standard","has-post-thumbnail","hentry","category-nacionales","tag-nacionales"],"_links":{"self":[{"href":"https:\/\/elmetropolitano.com.gt\/es\/wp-json\/wp\/v2\/posts\/80780","targetHints":{"allow":["GET"]}}],"collection":[{"href":"https:\/\/elmetropolitano.com.gt\/es\/wp-json\/wp\/v2\/posts"}],"about":[{"href":"https:\/\/elmetropolitano.com.gt\/es\/wp-json\/wp\/v2\/types\/post"}],"author":[{"embeddable":true,"href":"https:\/\/elmetropolitano.com.gt\/es\/wp-json\/wp\/v2\/users\/1"}],"replies":[{"embeddable":true,"href":"https:\/\/elmetropolitano.com.gt\/es\/wp-json\/wp\/v2\/comments?post=80780"}],"version-history":[{"count":1,"href":"https:\/\/elmetropolitano.com.gt\/es\/wp-json\/wp\/v2\/posts\/80780\/revisions"}],"predecessor-version":[{"id":80782,"href":"https:\/\/elmetropolitano.com.gt\/es\/wp-json\/wp\/v2\/posts\/80780\/revisions\/80782"}],"wp:featuredmedia":[{"embeddable":true,"href":"https:\/\/elmetropolitano.com.gt\/es\/wp-json\/wp\/v2\/media\/80781"}],"wp:attachment":[{"href":"https:\/\/elmetropolitano.com.gt\/es\/wp-json\/wp\/v2\/media?parent=80780"}],"wp:term":[{"taxonomy":"category","embeddable":true,"href":"https:\/\/elmetropolitano.com.gt\/es\/wp-json\/wp\/v2\/categories?post=80780"},{"taxonomy":"post_tag","embeddable":true,"href":"https:\/\/elmetropolitano.com.gt\/es\/wp-json\/wp\/v2\/tags?post=80780"}],"curies":[{"name":"wp","href":"https:\/\/api.w.org\/{rel}","templated":true}]}}