{"id":81206,"date":"2024-04-11T16:34:10","date_gmt":"2024-04-11T22:34:10","guid":{"rendered":"https:\/\/elmetropolitano.com.gt\/es\/?p=81206"},"modified":"2024-04-11T16:34:14","modified_gmt":"2024-04-11T22:34:14","slug":"audiciones-para-la-academia-se-realizaran-en-interplaza-escuintla-el-27-de-abril","status":"publish","type":"post","link":"https:\/\/elmetropolitano.com.gt\/es\/audiciones-para-la-academia-se-realizaran-en-interplaza-escuintla-el-27-de-abril\/","title":{"rendered":"Audiciones para La Academia se realizar\u00e1n en Interplaza Escuintla el 27 de abril"},"content":{"rendered":"\n<p>El evento art\u00edstico de canto m\u00e1s importante de Latinoam\u00e9rica ya est\u00e1 en Guatemala, organizado y realizado por dos grandes empresas, como lo son TV Azteca Guate y Metroproyectos, las cuales sin duda alguna le dar\u00e1n a estos castings o audiciones que inician el s\u00e1bado 20, un realce profesional a esta fabulosa y nueva edici\u00f3n de La Academia en Guatemala.<\/p>\n\n\n\n<p>Desde hace 16 a\u00f1os Guatemala siempre ha enviado un digno representante a participar, el cual siempre ha sido seleccionado entre cientos de concursantes, y para esta nueva edici\u00f3n se espera de nuevo una gran participaci\u00f3n de no menos de 500 j\u00f3venes talentosos, los cuales buscar\u00e1n conseguir asegurarse el primer lugar de este Reality Internacional.<\/p><div class=\"elmet-contenido\" id=\"elmet-2010705318\"><div class=\"elmet-adlabel\">Anuncios<\/div><div style=\"margin-top: 20px;margin-right: 20px;margin-bottom: 20px;margin-left: 20px;\" id=\"elmet-2036478411\"><a href=\"https:\/\/www.facebook.com\/arrincuanantigua\/\" aria-label=\"cintillo-arrin-cual\"><img loading=\"lazy\" decoding=\"async\" src=\"https:\/\/elmetropolitano.com.gt\/es\/wp-content\/uploads\/2021\/11\/cintillo-arrin-cual-1.jpg\" alt=\"\"  srcset=\"https:\/\/elmetropolitano.com.gt\/es\/wp-content\/uploads\/2021\/11\/cintillo-arrin-cual-1.jpg 750w, https:\/\/elmetropolitano.com.gt\/es\/wp-content\/uploads\/2021\/11\/cintillo-arrin-cual-1-300x36.jpg 300w, https:\/\/elmetropolitano.com.gt\/es\/wp-content\/uploads\/2021\/11\/cintillo-arrin-cual-1-600x72.jpg 600w\" sizes=\"(max-width: 750px) 100vw, 750px\" width=\"750\" height=\"90\"   \/><\/a><\/div><\/div>\n\n\n\n<p>Las reglas que regir\u00e1n en esta convocatoria de castings, son sencillas de cumplir para todos los participantes e interesados, las puertas est\u00e1n abiertas para hombres y mujeres por igual, las y los cuales deben de ser mayores de 18 a\u00f1os y menores de 30 a\u00f1os de edad, as\u00ed que ser\u00e1 muy f\u00e1cil para que todos los poseedores de una vos privilegiada, que as\u00ed lo deseen, puedan participar.<\/p>\n\n\n\n<p>\u201cPor segunda vez y en alianza con TV Azteca Guate se llevar\u00e1n a cabo los castings de La Academia en cuatro de los centros comerciales de la corporaci\u00f3n, con el objetivo de buscar y promover el talento musical de los guatemaltecos e impulsar sus carreras art\u00edsticas\u201d, expres\u00f3 Gloria de DuBois, Directora de Mercadeo de Metroproyectos.<\/p>\n\n\n\n<p>Apoyo al artista<\/p>\n\n\n\n<p>Metroproyectos se ha destacado por organizar eventos familiares en todos sus centros comerciales, resaltando los valores art\u00edsticos y culturales tales como sus festivales de canto. Cuna del Sol en Metroplaza Jutiapa, Entre Palmeras en Interplaza Escuintla, Metrofest en Metronorte y Luz de Luna en Interplaza Xela.<\/p>\n\n\n\n<p>Gloria de DuBois directora mercadeo Metroproyectos<\/p>\n\n\n\n<p>Lugar de los castings<\/p>\n\n\n\n<p>-Metronorte, en la ciudad Capital, fecha 20 de abril.<\/p>\n\n\n\n<p>-Interplaza, en Escuintla, fecha 27 de abril<\/p>\n\n\n\n<p>-Interplaza, en Xela, fecha 04 de mayo<\/p>\n\n\n\n<p>-Metroplaza, en Jutiapa, fecha 11 de mayo.<\/p>\n\n\n\n<p>#metroredes  www.metroredes.com  www.elescuintleco.com<\/p>\n\n\n\n<figure class=\"wp-block-gallery has-nested-images columns-default is-cropped wp-block-gallery-1 is-layout-flex wp-block-gallery-is-layout-flex\">\n<figure class=\"wp-block-image size-large\"><img loading=\"lazy\" decoding=\"async\" width=\"1024\" height=\"683\" data-id=\"81209\" src=\"https:\/\/elmetropolitano.com.gt\/es\/wp-content\/uploads\/2024\/04\/IMG_7618-1024x683.jpg\" alt=\"\" class=\"wp-image-81209\" srcset=\"https:\/\/elmetropolitano.com.gt\/es\/wp-content\/uploads\/2024\/04\/IMG_7618-1024x683.jpg 1024w, https:\/\/elmetropolitano.com.gt\/es\/wp-content\/uploads\/2024\/04\/IMG_7618-300x200.jpg 300w, https:\/\/elmetropolitano.com.gt\/es\/wp-content\/uploads\/2024\/04\/IMG_7618-768x512.jpg 768w, https:\/\/elmetropolitano.com.gt\/es\/wp-content\/uploads\/2024\/04\/IMG_7618-1536x1024.jpg 1536w, https:\/\/elmetropolitano.com.gt\/es\/wp-content\/uploads\/2024\/04\/IMG_7618-2048x1365.jpg 2048w\" sizes=\"auto, (max-width: 1024px) 100vw, 1024px\" \/><\/figure>\n\n\n\n<figure class=\"wp-block-image size-large\"><img loading=\"lazy\" decoding=\"async\" width=\"1024\" height=\"683\" data-id=\"81210\" src=\"https:\/\/elmetropolitano.com.gt\/es\/wp-content\/uploads\/2024\/04\/IMG_7619-1024x683.jpg\" alt=\"\" class=\"wp-image-81210\" srcset=\"https:\/\/elmetropolitano.com.gt\/es\/wp-content\/uploads\/2024\/04\/IMG_7619-1024x683.jpg 1024w, https:\/\/elmetropolitano.com.gt\/es\/wp-content\/uploads\/2024\/04\/IMG_7619-300x200.jpg 300w, https:\/\/elmetropolitano.com.gt\/es\/wp-content\/uploads\/2024\/04\/IMG_7619-768x512.jpg 768w, https:\/\/elmetropolitano.com.gt\/es\/wp-content\/uploads\/2024\/04\/IMG_7619-1536x1024.jpg 1536w, https:\/\/elmetropolitano.com.gt\/es\/wp-content\/uploads\/2024\/04\/IMG_7619-2048x1365.jpg 2048w\" sizes=\"auto, (max-width: 1024px) 100vw, 1024px\" \/><\/figure>\n\n\n\n<figure class=\"wp-block-image size-large\"><img loading=\"lazy\" decoding=\"async\" width=\"1024\" height=\"683\" data-id=\"81208\" src=\"https:\/\/elmetropolitano.com.gt\/es\/wp-content\/uploads\/2024\/04\/IMG_7636-1024x683.jpg\" alt=\"\" class=\"wp-image-81208\" srcset=\"https:\/\/elmetropolitano.com.gt\/es\/wp-content\/uploads\/2024\/04\/IMG_7636-1024x683.jpg 1024w, https:\/\/elmetropolitano.com.gt\/es\/wp-content\/uploads\/2024\/04\/IMG_7636-300x200.jpg 300w, https:\/\/elmetropolitano.com.gt\/es\/wp-content\/uploads\/2024\/04\/IMG_7636-768x512.jpg 768w, https:\/\/elmetropolitano.com.gt\/es\/wp-content\/uploads\/2024\/04\/IMG_7636-1536x1024.jpg 1536w, https:\/\/elmetropolitano.com.gt\/es\/wp-content\/uploads\/2024\/04\/IMG_7636-2048x1365.jpg 2048w\" sizes=\"auto, (max-width: 1024px) 100vw, 1024px\" \/><\/figure>\n<\/figure>\n","protected":false},"excerpt":{"rendered":"<p>El evento art\u00edstico de canto m\u00e1s importante de Latinoam\u00e9rica ya est\u00e1 en Guatemala, organizado y realizado por dos grandes empresas, como lo son TV Azteca Guate y Metroproyectos, las cuales sin duda alguna le dar\u00e1n a estos castings o audiciones que inician el s\u00e1bado 20, un realce profesional a esta fabulosa y nueva edici\u00f3n de <a class=\"read-more\" href=\"https:\/\/elmetropolitano.com.gt\/es\/audiciones-para-la-academia-se-realizaran-en-interplaza-escuintla-el-27-de-abril\/\">Leer m\u00e1s<\/a><\/p>\n","protected":false},"author":1,"featured_media":81207,"comment_status":"open","ping_status":"closed","sticky":false,"template":"","format":"standard","meta":{"footnotes":""},"categories":[31],"tags":[32],"class_list":["post-81206","post","type-post","status-publish","format-standard","has-post-thumbnail","hentry","category-metroimpulso","tag-metroimpulso"],"_links":{"self":[{"href":"https:\/\/elmetropolitano.com.gt\/es\/wp-json\/wp\/v2\/posts\/81206","targetHints":{"allow":["GET"]}}],"collection":[{"href":"https:\/\/elmetropolitano.com.gt\/es\/wp-json\/wp\/v2\/posts"}],"about":[{"href":"https:\/\/elmetropolitano.com.gt\/es\/wp-json\/wp\/v2\/types\/post"}],"author":[{"embeddable":true,"href":"https:\/\/elmetropolitano.com.gt\/es\/wp-json\/wp\/v2\/users\/1"}],"replies":[{"embeddable":true,"href":"https:\/\/elmetropolitano.com.gt\/es\/wp-json\/wp\/v2\/comments?post=81206"}],"version-history":[{"count":1,"href":"https:\/\/elmetropolitano.com.gt\/es\/wp-json\/wp\/v2\/posts\/81206\/revisions"}],"predecessor-version":[{"id":81211,"href":"https:\/\/elmetropolitano.com.gt\/es\/wp-json\/wp\/v2\/posts\/81206\/revisions\/81211"}],"wp:featuredmedia":[{"embeddable":true,"href":"https:\/\/elmetropolitano.com.gt\/es\/wp-json\/wp\/v2\/media\/81207"}],"wp:attachment":[{"href":"https:\/\/elmetropolitano.com.gt\/es\/wp-json\/wp\/v2\/media?parent=81206"}],"wp:term":[{"taxonomy":"category","embeddable":true,"href":"https:\/\/elmetropolitano.com.gt\/es\/wp-json\/wp\/v2\/categories?post=81206"},{"taxonomy":"post_tag","embeddable":true,"href":"https:\/\/elmetropolitano.com.gt\/es\/wp-json\/wp\/v2\/tags?post=81206"}],"curies":[{"name":"wp","href":"https:\/\/api.w.org\/{rel}","templated":true}]}}