{"id":81384,"date":"2024-04-15T11:33:28","date_gmt":"2024-04-15T17:33:28","guid":{"rendered":"https:\/\/elmetropolitano.com.gt\/es\/?p=81384"},"modified":"2024-04-15T11:33:29","modified_gmt":"2024-04-15T17:33:29","slug":"de-donde-venimos-guatemala","status":"publish","type":"post","link":"https:\/\/elmetropolitano.com.gt\/es\/de-donde-venimos-guatemala\/","title":{"rendered":"De d\u00f3nde venimos, Guatemala?"},"content":{"rendered":"\n<p>Hoy se har\u00e1 el lanzamiento del libro \u00bfDe d\u00f3nde venimos, Guatemala? Una nueva perspectiva del choque de civilizaciones, escrito por el doctor Ramiro Bola\u00f1os. Esta entrega constituye el segundo tomo de la serie \u00bfDe d\u00f3nde venimos, Guatemala?, la cual inici\u00f3 con la publicaci\u00f3n del primer ejemplar, Las civilizaciones originales, en 2022, con gran \u00e9xito editorial.<\/p>\n\n\n\n<p>Este segundo volumen nos introduce a la discusi\u00f3n del proceso de conquista y de dominio <a><\/a>espa\u00f1ol en Guatemala, a partir de 1524, desarrollando temas tan trascendentes como los or\u00edgenes de la leyenda negra espa\u00f1ola, el rol de los conquistadores cronistas como Bernal D\u00edaz del Castillo, la influencia de la violencia y el poder en la historia, y los alcances de la reforma educativa en el \u00e1mbito de la ense\u00f1anza de la historia, entre otros.<\/p><div class=\"elmet-contenido\" id=\"elmet-559132543\"><div class=\"elmet-adlabel\">Anuncios<\/div><div style=\"margin-top: 20px;margin-right: 20px;margin-bottom: 20px;margin-left: 20px;\" id=\"elmet-3258650856\"><a href=\"https:\/\/www.facebook.com\/arrincuanantigua\/\" aria-label=\"cintillo-arrin-cual\"><img loading=\"lazy\" decoding=\"async\" src=\"https:\/\/elmetropolitano.com.gt\/es\/wp-content\/uploads\/2021\/11\/cintillo-arrin-cual-1.jpg\" alt=\"\"  srcset=\"https:\/\/elmetropolitano.com.gt\/es\/wp-content\/uploads\/2021\/11\/cintillo-arrin-cual-1.jpg 750w, https:\/\/elmetropolitano.com.gt\/es\/wp-content\/uploads\/2021\/11\/cintillo-arrin-cual-1-300x36.jpg 300w, https:\/\/elmetropolitano.com.gt\/es\/wp-content\/uploads\/2021\/11\/cintillo-arrin-cual-1-600x72.jpg 600w\" sizes=\"(max-width: 750px) 100vw, 750px\" width=\"750\" height=\"90\"   \/><\/a><\/div><\/div>\n\n\n\n<p>Citando innumerables fuentes y con una metodolog\u00eda seria, el libro nos invita a reflexionar acerca del significado de estos 500 a\u00f1os, desde el presente, contrastando las diferentes narrativas que se han escrito alrededor de este hecho tan trascendental en nuestro devenir hist\u00f3rico.<\/p>\n\n\n\n<p>El libro da continuidad al trabajo del doctor Bola\u00f1os, el cual tiene como objetivo hacer un estudio objetivo, exhaustivo y profundo de toda la historia de Guatemala, con el fin de comprender las influencias hist\u00f3ricas de nuestra identidad y de nuestros patrones culturales. Definir la identidad de los guatemaltecos resulta una tarea compleja, porque implica cuestionarnos \u00bfqui\u00e9nes somos los guatemaltecos? y \u00bfde d\u00f3nde venimos?. Responder estas interrogantes representa un esfuerzo por conocer, estudiar y replantearnos nuestra historia, el cual el doctor Bola\u00f1os ha ido desarrollando a lo largo de muchos a\u00f1os de investigaci\u00f3n, siendo sus libros el resultado de esta labor.<\/p>\n\n\n\n<p>Acompa\u00f1ando al doctor Bola\u00f1os en la presentaci\u00f3n de su obra, estar\u00e1 un panel de expertos y acad\u00e9micos de alto nivel en diversas \u00e1reas como la Historia, la Pol\u00edtica, las Relaciones Internacionales y el Comercio Exterior, quienes comentar\u00e1n el libro.<\/p>\n\n\n\n<p>Asimismo, a la luz del libro, nuestros invitados tendr\u00e1n un conversatorio acerca de los 500 a\u00f1os de la llegada de los espa\u00f1oles a Guatemala y su influencia en nuestra apertura comercial. Ellos son: Pedro Trujillo, Juanita Uribe, Carlos Sabino, Roberto Ard\u00f3n y Diego Lechuga. Estar\u00e1 moderado por Mariano Rayo, conductor del programa radial Pulso Republicano de Rep\u00fablica GT.<\/p>\n\n\n\n<p>Adem\u00e1s, el d\u00eda del evento estar\u00e1 desplegada la exposici\u00f3n Cuatro siglos de cartograf\u00eda, correspondiente a diez mapas hist\u00f3ricos seleccionados que forman parte de la colecci\u00f3n Christopher Lutz, curados e impresos por el Centro de Investigaciones Regionales de Mesoam\u00e9rica (CIRMA)<\/p>\n\n\n\n<p>Este magno evento se llevar\u00e1 a cabo hoy en el Trade Center de AGEXPORT (15 avenida 14-72, zona 13, Ciudad de Guatemala), a las 6 de la tarde. Los invitamos a participar, esperando contar con su valiosa asistencia. La entrada ser\u00e1 gratuita.<\/p>\n\n\n\n<p><a href=\"https:\/\/www.facebook.com\/hashtag\/lbros?__eep__=6&amp;__cft__[0]=AZXQajb4BxB1s3k1-C5TUtQ4tTgpk7u3DXMztGrkvAuafVHurfqewu2eA-sxSc9cAu6zdQBeffsp4ENqaLXs-hRJpFTd-Ou35gGNLmf7cMCqJRnO4GhQwoyXZuzK7vGus0x49RUYo2DdvkArAiwE_ryqYIB3WJoYLrrzU5VK871yR05hAKa741j2MlAayAfdGO8&amp;__tn__=*NK-R\">#Lbros<\/a><a href=\"https:\/\/www.facebook.com\/hashtag\/metroredes?__eep__=6&amp;__cft__[0]=AZXQajb4BxB1s3k1-C5TUtQ4tTgpk7u3DXMztGrkvAuafVHurfqewu2eA-sxSc9cAu6zdQBeffsp4ENqaLXs-hRJpFTd-Ou35gGNLmf7cMCqJRnO4GhQwoyXZuzK7vGus0x49RUYo2DdvkArAiwE_ryqYIB3WJoYLrrzU5VK871yR05hAKa741j2MlAayAfdGO8&amp;__tn__=*NK-R\">#metroredes<\/a><\/p>\n\n\n\n<figure class=\"wp-block-gallery has-nested-images columns-default is-cropped wp-block-gallery-1 is-layout-flex wp-block-gallery-is-layout-flex\">\n<figure class=\"wp-block-image size-large\"><img loading=\"lazy\" decoding=\"async\" width=\"1024\" height=\"682\" data-id=\"81387\" src=\"https:\/\/elmetropolitano.com.gt\/es\/wp-content\/uploads\/2024\/04\/434838622_921683126624438_8572933922805850353_n-1024x682.jpg\" alt=\"\" class=\"wp-image-81387\" srcset=\"https:\/\/elmetropolitano.com.gt\/es\/wp-content\/uploads\/2024\/04\/434838622_921683126624438_8572933922805850353_n-1024x682.jpg 1024w, https:\/\/elmetropolitano.com.gt\/es\/wp-content\/uploads\/2024\/04\/434838622_921683126624438_8572933922805850353_n-300x200.jpg 300w, https:\/\/elmetropolitano.com.gt\/es\/wp-content\/uploads\/2024\/04\/434838622_921683126624438_8572933922805850353_n-768x512.jpg 768w, https:\/\/elmetropolitano.com.gt\/es\/wp-content\/uploads\/2024\/04\/434838622_921683126624438_8572933922805850353_n-1536x1023.jpg 1536w, https:\/\/elmetropolitano.com.gt\/es\/wp-content\/uploads\/2024\/04\/434838622_921683126624438_8572933922805850353_n.jpg 1600w\" sizes=\"auto, (max-width: 1024px) 100vw, 1024px\" \/><\/figure>\n\n\n\n<figure class=\"wp-block-image size-large\"><img loading=\"lazy\" decoding=\"async\" width=\"1024\" height=\"682\" data-id=\"81386\" src=\"https:\/\/elmetropolitano.com.gt\/es\/wp-content\/uploads\/2024\/04\/438164362_921683219957762_288722796431105880_n-1024x682.jpg\" alt=\"\" class=\"wp-image-81386\" srcset=\"https:\/\/elmetropolitano.com.gt\/es\/wp-content\/uploads\/2024\/04\/438164362_921683219957762_288722796431105880_n-1024x682.jpg 1024w, https:\/\/elmetropolitano.com.gt\/es\/wp-content\/uploads\/2024\/04\/438164362_921683219957762_288722796431105880_n-300x200.jpg 300w, https:\/\/elmetropolitano.com.gt\/es\/wp-content\/uploads\/2024\/04\/438164362_921683219957762_288722796431105880_n-768x512.jpg 768w, https:\/\/elmetropolitano.com.gt\/es\/wp-content\/uploads\/2024\/04\/438164362_921683219957762_288722796431105880_n-1536x1023.jpg 1536w, https:\/\/elmetropolitano.com.gt\/es\/wp-content\/uploads\/2024\/04\/438164362_921683219957762_288722796431105880_n.jpg 1600w\" sizes=\"auto, (max-width: 1024px) 100vw, 1024px\" \/><\/figure>\n<\/figure>\n","protected":false},"excerpt":{"rendered":"<p>Hoy se har\u00e1 el lanzamiento del libro \u00bfDe d\u00f3nde venimos, Guatemala? Una nueva perspectiva del choque de civilizaciones, escrito por el doctor Ramiro Bola\u00f1os. Esta entrega constituye el segundo tomo de la serie \u00bfDe d\u00f3nde venimos, Guatemala?, la cual inici\u00f3 con la publicaci\u00f3n del primer ejemplar, Las civilizaciones originales, en 2022, con gran \u00e9xito editorial. <a class=\"read-more\" href=\"https:\/\/elmetropolitano.com.gt\/es\/de-donde-venimos-guatemala\/\">Leer m\u00e1s<\/a><\/p>\n","protected":false},"author":1,"featured_media":81385,"comment_status":"open","ping_status":"closed","sticky":false,"template":"","format":"standard","meta":{"footnotes":""},"categories":[29],"tags":[30],"class_list":["post-81384","post","type-post","status-publish","format-standard","has-post-thumbnail","hentry","category-culturales","tag-culturales"],"_links":{"self":[{"href":"https:\/\/elmetropolitano.com.gt\/es\/wp-json\/wp\/v2\/posts\/81384","targetHints":{"allow":["GET"]}}],"collection":[{"href":"https:\/\/elmetropolitano.com.gt\/es\/wp-json\/wp\/v2\/posts"}],"about":[{"href":"https:\/\/elmetropolitano.com.gt\/es\/wp-json\/wp\/v2\/types\/post"}],"author":[{"embeddable":true,"href":"https:\/\/elmetropolitano.com.gt\/es\/wp-json\/wp\/v2\/users\/1"}],"replies":[{"embeddable":true,"href":"https:\/\/elmetropolitano.com.gt\/es\/wp-json\/wp\/v2\/comments?post=81384"}],"version-history":[{"count":1,"href":"https:\/\/elmetropolitano.com.gt\/es\/wp-json\/wp\/v2\/posts\/81384\/revisions"}],"predecessor-version":[{"id":81388,"href":"https:\/\/elmetropolitano.com.gt\/es\/wp-json\/wp\/v2\/posts\/81384\/revisions\/81388"}],"wp:featuredmedia":[{"embeddable":true,"href":"https:\/\/elmetropolitano.com.gt\/es\/wp-json\/wp\/v2\/media\/81385"}],"wp:attachment":[{"href":"https:\/\/elmetropolitano.com.gt\/es\/wp-json\/wp\/v2\/media?parent=81384"}],"wp:term":[{"taxonomy":"category","embeddable":true,"href":"https:\/\/elmetropolitano.com.gt\/es\/wp-json\/wp\/v2\/categories?post=81384"},{"taxonomy":"post_tag","embeddable":true,"href":"https:\/\/elmetropolitano.com.gt\/es\/wp-json\/wp\/v2\/tags?post=81384"}],"curies":[{"name":"wp","href":"https:\/\/api.w.org\/{rel}","templated":true}]}}