{"id":81563,"date":"2024-04-18T09:12:34","date_gmt":"2024-04-18T15:12:34","guid":{"rendered":"https:\/\/elmetropolitano.com.gt\/es\/?p=81563"},"modified":"2024-04-18T09:12:35","modified_gmt":"2024-04-18T15:12:35","slug":"bac-financia-proyecto-solar-yolanda-a-construir-en-el-puerto-de-san-jose","status":"publish","type":"post","link":"https:\/\/elmetropolitano.com.gt\/es\/bac-financia-proyecto-solar-yolanda-a-construir-en-el-puerto-de-san-jose\/","title":{"rendered":"BAC financia proyecto solar \u201cYolanda\u201d a construir en el Puerto de San Jos\u00e9"},"content":{"rendered":"\n<p>El Banco l\u00edder en la regi\u00f3n confirma su apoyo al desarrollo sostenible de Guatemala con la firma de un cr\u00e9dito para la construcci\u00f3n de una planta solar en Escuintla<\/p>\n\n\n\n<p>La suscripci\u00f3n del contrato de cr\u00e9dito se ha realizado por un plazo de hasta 138 meses con la empresa Ecoener Sol del Puerto, S.A., por un monto de hasta sesenta y cuatro millones de d\u00f3lares, cuyos fondos ser\u00e1n destinados para la <a><\/a>construcci\u00f3n y puesta en marcha de la planta solar \u201cYolanda\u201d.<\/p><div class=\"elmet-contenido\" id=\"elmet-92498789\"><div class=\"elmet-adlabel\">Anuncios<\/div><div style=\"margin-top: 20px;margin-right: 20px;margin-bottom: 20px;margin-left: 20px;\" id=\"elmet-2389851325\"><a href=\"https:\/\/www.facebook.com\/arrincuanantigua\/\" aria-label=\"cintillo-arrin-cual\"><img loading=\"lazy\" decoding=\"async\" src=\"https:\/\/elmetropolitano.com.gt\/es\/wp-content\/uploads\/2021\/11\/cintillo-arrin-cual-1.jpg\" alt=\"\"  srcset=\"https:\/\/elmetropolitano.com.gt\/es\/wp-content\/uploads\/2021\/11\/cintillo-arrin-cual-1.jpg 750w, https:\/\/elmetropolitano.com.gt\/es\/wp-content\/uploads\/2021\/11\/cintillo-arrin-cual-1-300x36.jpg 300w, https:\/\/elmetropolitano.com.gt\/es\/wp-content\/uploads\/2021\/11\/cintillo-arrin-cual-1-600x72.jpg 600w\" sizes=\"(max-width: 750px) 100vw, 750px\" width=\"750\" height=\"90\"   \/><\/a><\/div><\/div>\n\n\n\n<p>Este proyecto, que contar\u00e1 con una capacidad de generaci\u00f3n de 74 MWp, no s\u00f3lo promete impulsar la infraestructura energ\u00e9tica del pa\u00eds, sino que tambi\u00e9n representa un paso importante hacia la transici\u00f3n hacia fuentes de energ\u00eda renovable.<\/p>\n\n\n\n<p>La planta de energ\u00eda solar estar\u00e1 ubicada en San Jos\u00e9 Escuintla y durante su fase de construcci\u00f3n se generar\u00e1n m\u00e1s de 300 empleos, lo que contribuir\u00e1 al crecimiento econ\u00f3mico y al desarrollo de la regi\u00f3n. Adem\u00e1s, una vez en funcionamiento, la planta solar \u201cYolanda\u201d evitar\u00e1 la emisi\u00f3n de m\u00e1s de 100,000 toneladas de CO2 al a\u00f1o, en comparaci\u00f3n con la generaci\u00f3n de energ\u00eda a partir de combustibles f\u00f3siles como el fuel oil, lo que demuestra el compromiso de BAC con la mitigaci\u00f3n del cambio clim\u00e1tico y la protecci\u00f3n del ambiente.<\/p>\n\n\n\n<p>Este financiamiento se enmarca en la estrategia Neto Positivo de BAC, que busca generar triple valor positivo. A trav\u00e9s de la Vicepresidencia Corporativa de Banca de Empresas y su divisi\u00f3n de Finanzas Estructuradas Regional, BAC est\u00e1 impulsando iniciativas verdes y forjando alianzas estrat\u00e9gicas con empresas l\u00edderes en tecnolog\u00edas renovables.<\/p>\n\n\n\n<p>Con la construcci\u00f3n y puesta en marcha del proyecto solar \u201cYolanda\u201d, la instituci\u00f3n financiera se convierte en catalizador de recursos verdes a la vez que promueve la diversificaci\u00f3n de la matriz energ\u00e9tica de Guatemala.<\/p>\n\n\n\n<p>\u00abEn BAC, estamos comprometidos con reimaginar la banca para generar prosperidad en las comunidades que servimos. Somos el primer banco en el mundo en aspirar a ser neto positivo, y proyectos como la planta solar Yolanda son testimonio de nuestro compromiso con soluciones financieras que crean valor econ\u00f3mico, social y ambiental. Estamos emocionados de ser parte de esta iniciativa transformadora que beneficiar\u00e1 a Guatemala\u00bb, indic\u00f3 Eric Campos, Presidente Ejecutivo de BAC Guatemala.<\/p>\n\n\n\n<p>Al respecto, Fernando Rodr\u00edguez Alfonso, CEO y Vicepresidente de Ecoener, resalt\u00f3: \u201cEs una satisfacci\u00f3n para nosotros contar con la confianza de este importante programa de financiaci\u00f3n, que supone un gran apoyo para continuar con nuestro crecimiento en el pa\u00eds y que es id\u00f3neo para colaborar en la transici\u00f3n energ\u00e9tica, contribuyendo igualmente a incrementar la generaci\u00f3n el\u00e9ctrica, tan necesaria en estos momentos<\/p>\n\n\n\n<p><a href=\"https:\/\/www.facebook.com\/hashtag\/puertosanjose?__eep__=6&amp;__cft__[0]=AZWPdp0-OYa4qaQnSiCegS1eTwZ-z_oNOjk4dBIelvEFvDfHX0U404hCrBvETs-9CEVIr0wQasepx7w_K7GwaiqWAHi6wxZF0HaVsMRjdn0Qg1vijuDBwhhUfwi8V4KqGfuqFFugLXlle3_NcqU8SSKIYOewSdNylQ2UNBoyc2Fizk08V8RG7xXCZIrKvzp55jB054YNt421_iOAp_2ckyTf&amp;__tn__=*NK-R\">#PuertoSanJose<\/a> <a href=\"https:\/\/l.facebook.com\/l.php?u=http%3A%2F%2FWww.elmetropolitano.com.gt%2F%3Ffbclid%3DIwZXh0bgNhZW0CMTAAAR2JffvB9CeHmJLGA8mB2OEaB34p6_bGVF8vUHZp_jPbzaSRHd_Oir_Am5E_aem_AdPz6XRtTRuJJhKO8zvaeqbIhKeEejGD_oU7M9pqH6WYU-gWEaSlZqdmkp-ZCRhuvuBHZXT5NG42LoGJ4OmxQwVx&amp;h=AT1sVIlIHKnFxdu23iCDo3wlOAOHltSUaiKwJ3ezUnw14hM-CXZcHyy7jxOdxBqTG_dT6jGIEImUwymZaGCjJ_NxxBBLG2ElPZkLmtyS1OeJE0KPGc_TW1lPkttOZpIPBIadpS_JS-1tH1ZC3vhM&amp;__tn__=-UK-R&amp;c[0]=AT34YraL7GNovRWcJOi4VrgqOMIbvB1ZEzbxohbnMZnWaF9ExYV0Zr-I35k0zdF8hiRzaSBzxHam-36XsYPzB-j6IId7ZLZZYXlRaY4-Qpi9Jwzjrhez1wcKVK8LorTj6ELLE2sm3pcxn0iH6iXOnD5wipN9qgJv7WM3Hk2einRgqGIQmPCSnBYqmBN24Esrhv1ItSGHJbM7kiGb1eCdwAPur8MxJg3nWepV\" target=\"_blank\" rel=\"noreferrer noopener\">Www.elmetropolitano.com.gt<\/a> Www,<a href=\"https:\/\/l.facebook.com\/l.php?u=http%3A%2F%2Felescuintleco.com%2F%3Ffbclid%3DIwZXh0bgNhZW0CMTAAAR3-SMcn9KnFIvncvvSExfmNcp3XrEW8OslJRthdhKQqI4nKhRf6Ti3SqkU_aem_AdOa3MCSv3TD1O3oeCYcIlzZwHDQOZWnfGk5M-KSMxe8l8mfmyvqRCzXKgVvOnFRGsyOfKUCSkKqZIs54rScdkoG&amp;h=AT0j4cTFNPK6mfXvJBKjb1rjIzaxa1nGRgA--rvGtJl6DDrvzP1iTSTASkRz67NTxcn25k2T9UwtaNdJc9pGI6BSoTL7sbH3rPH763G7JsB_UQTV8dxoAQhhkTvWWNO3kIyIl1aRRB0pZ5ggVaJY&amp;__tn__=-UK-R&amp;c[0]=AT34YraL7GNovRWcJOi4VrgqOMIbvB1ZEzbxohbnMZnWaF9ExYV0Zr-I35k0zdF8hiRzaSBzxHam-36XsYPzB-j6IId7ZLZZYXlRaY4-Qpi9Jwzjrhez1wcKVK8LorTj6ELLE2sm3pcxn0iH6iXOnD5wipN9qgJv7WM3Hk2einRgqGIQmPCSnBYqmBN24Esrhv1ItSGHJbM7kiGb1eCdwAPur8MxJg3nWepV\" target=\"_blank\" rel=\"noreferrer noopener\">elescuintleco.com<\/a><\/p>\n\n\n\n<figure class=\"wp-block-gallery has-nested-images columns-default is-cropped wp-block-gallery-1 is-layout-flex wp-block-gallery-is-layout-flex\">\n<figure class=\"wp-block-image size-large\"><img loading=\"lazy\" decoding=\"async\" width=\"1024\" height=\"683\" data-id=\"81565\" src=\"https:\/\/elmetropolitano.com.gt\/es\/wp-content\/uploads\/2024\/04\/438095592_923418169784267_3391294327306671792_n-1-1024x683.jpg\" alt=\"\" class=\"wp-image-81565\" srcset=\"https:\/\/elmetropolitano.com.gt\/es\/wp-content\/uploads\/2024\/04\/438095592_923418169784267_3391294327306671792_n-1-1024x683.jpg 1024w, https:\/\/elmetropolitano.com.gt\/es\/wp-content\/uploads\/2024\/04\/438095592_923418169784267_3391294327306671792_n-1-300x200.jpg 300w, https:\/\/elmetropolitano.com.gt\/es\/wp-content\/uploads\/2024\/04\/438095592_923418169784267_3391294327306671792_n-1-768x512.jpg 768w, https:\/\/elmetropolitano.com.gt\/es\/wp-content\/uploads\/2024\/04\/438095592_923418169784267_3391294327306671792_n-1-1536x1025.jpg 1536w, https:\/\/elmetropolitano.com.gt\/es\/wp-content\/uploads\/2024\/04\/438095592_923418169784267_3391294327306671792_n-1.jpg 2048w\" sizes=\"auto, (max-width: 1024px) 100vw, 1024px\" \/><\/figure>\n\n\n\n<figure class=\"wp-block-image size-large\"><img loading=\"lazy\" decoding=\"async\" width=\"1024\" height=\"683\" data-id=\"81566\" src=\"https:\/\/elmetropolitano.com.gt\/es\/wp-content\/uploads\/2024\/04\/438165099_923418179784266_3257327044018035688_n-1024x683.jpg\" alt=\"\" class=\"wp-image-81566\" srcset=\"https:\/\/elmetropolitano.com.gt\/es\/wp-content\/uploads\/2024\/04\/438165099_923418179784266_3257327044018035688_n-1024x683.jpg 1024w, https:\/\/elmetropolitano.com.gt\/es\/wp-content\/uploads\/2024\/04\/438165099_923418179784266_3257327044018035688_n-300x200.jpg 300w, https:\/\/elmetropolitano.com.gt\/es\/wp-content\/uploads\/2024\/04\/438165099_923418179784266_3257327044018035688_n-768x512.jpg 768w, https:\/\/elmetropolitano.com.gt\/es\/wp-content\/uploads\/2024\/04\/438165099_923418179784266_3257327044018035688_n-1536x1025.jpg 1536w, https:\/\/elmetropolitano.com.gt\/es\/wp-content\/uploads\/2024\/04\/438165099_923418179784266_3257327044018035688_n.jpg 2048w\" sizes=\"auto, (max-width: 1024px) 100vw, 1024px\" \/><\/figure>\n<\/figure>\n","protected":false},"excerpt":{"rendered":"<p>El Banco l\u00edder en la regi\u00f3n confirma su apoyo al desarrollo sostenible de Guatemala con la firma de un cr\u00e9dito para la construcci\u00f3n de una planta solar en Escuintla La suscripci\u00f3n del contrato de cr\u00e9dito se ha realizado por un plazo de hasta 138 meses con la empresa Ecoener Sol del Puerto, S.A., por un <a class=\"read-more\" href=\"https:\/\/elmetropolitano.com.gt\/es\/bac-financia-proyecto-solar-yolanda-a-construir-en-el-puerto-de-san-jose\/\">Leer m\u00e1s<\/a><\/p>\n","protected":false},"author":1,"featured_media":81564,"comment_status":"open","ping_status":"closed","sticky":false,"template":"","format":"standard","meta":{"footnotes":""},"categories":[31],"tags":[32],"class_list":["post-81563","post","type-post","status-publish","format-standard","has-post-thumbnail","hentry","category-metroimpulso","tag-metroimpulso"],"_links":{"self":[{"href":"https:\/\/elmetropolitano.com.gt\/es\/wp-json\/wp\/v2\/posts\/81563","targetHints":{"allow":["GET"]}}],"collection":[{"href":"https:\/\/elmetropolitano.com.gt\/es\/wp-json\/wp\/v2\/posts"}],"about":[{"href":"https:\/\/elmetropolitano.com.gt\/es\/wp-json\/wp\/v2\/types\/post"}],"author":[{"embeddable":true,"href":"https:\/\/elmetropolitano.com.gt\/es\/wp-json\/wp\/v2\/users\/1"}],"replies":[{"embeddable":true,"href":"https:\/\/elmetropolitano.com.gt\/es\/wp-json\/wp\/v2\/comments?post=81563"}],"version-history":[{"count":1,"href":"https:\/\/elmetropolitano.com.gt\/es\/wp-json\/wp\/v2\/posts\/81563\/revisions"}],"predecessor-version":[{"id":81567,"href":"https:\/\/elmetropolitano.com.gt\/es\/wp-json\/wp\/v2\/posts\/81563\/revisions\/81567"}],"wp:featuredmedia":[{"embeddable":true,"href":"https:\/\/elmetropolitano.com.gt\/es\/wp-json\/wp\/v2\/media\/81564"}],"wp:attachment":[{"href":"https:\/\/elmetropolitano.com.gt\/es\/wp-json\/wp\/v2\/media?parent=81563"}],"wp:term":[{"taxonomy":"category","embeddable":true,"href":"https:\/\/elmetropolitano.com.gt\/es\/wp-json\/wp\/v2\/categories?post=81563"},{"taxonomy":"post_tag","embeddable":true,"href":"https:\/\/elmetropolitano.com.gt\/es\/wp-json\/wp\/v2\/tags?post=81563"}],"curies":[{"name":"wp","href":"https:\/\/api.w.org\/{rel}","templated":true}]}}