{"id":81576,"date":"2024-04-18T09:17:30","date_gmt":"2024-04-18T15:17:30","guid":{"rendered":"https:\/\/elmetropolitano.com.gt\/es\/?p=81576"},"modified":"2024-04-18T09:17:33","modified_gmt":"2024-04-18T15:17:33","slug":"miraflores-fashion-show-sera-el-escenario-de-la-moda-y-glamour-en-guatemala","status":"publish","type":"post","link":"https:\/\/elmetropolitano.com.gt\/es\/miraflores-fashion-show-sera-el-escenario-de-la-moda-y-glamour-en-guatemala\/","title":{"rendered":"Miraflores Fashion Show ser\u00e1 el escenario de la moda y glamour en Guatemala"},"content":{"rendered":"\n<p>Bajo el concepto \u00abFashion is a full-time job\u00bb, regresa el esperado Fashion Show de Miraflores, un evento que ser\u00e1 una celebraci\u00f3n del estilo, la moda y la creatividad en su m\u00e1xima expresi\u00f3n.<\/p>\n\n\n\n<p>Miraflores se ha destacado por ofrecer experiencias excepcionales de moda y entretenimiento, y esta vez, a trav\u00e9s de su variada oferta comercial, no solo presentar\u00e1 un Fashion Show espectacular, sino que tambi\u00e9n <a><\/a>brindar\u00e1 a los invitados la oportunidad de ganar Q10 mil en compras en sus exclusivas tiendas.<\/p><div class=\"elmet-contenido\" id=\"elmet-3388493755\"><div class=\"elmet-adlabel\">Anuncios<\/div><div style=\"margin-top: 20px;margin-right: 20px;margin-bottom: 20px;margin-left: 20px;\" id=\"elmet-2747626042\"><a href=\"https:\/\/www.facebook.com\/arrincuanantigua\/\" aria-label=\"cintillo-arrin-cual\"><img loading=\"lazy\" decoding=\"async\" src=\"https:\/\/elmetropolitano.com.gt\/es\/wp-content\/uploads\/2021\/11\/cintillo-arrin-cual-1.jpg\" alt=\"\"  srcset=\"https:\/\/elmetropolitano.com.gt\/es\/wp-content\/uploads\/2021\/11\/cintillo-arrin-cual-1.jpg 750w, https:\/\/elmetropolitano.com.gt\/es\/wp-content\/uploads\/2021\/11\/cintillo-arrin-cual-1-300x36.jpg 300w, https:\/\/elmetropolitano.com.gt\/es\/wp-content\/uploads\/2021\/11\/cintillo-arrin-cual-1-600x72.jpg 600w\" sizes=\"(max-width: 750px) 100vw, 750px\" width=\"750\" height=\"90\"   \/><\/a><\/div><\/div>\n\n\n\n<p>El 11 de Mayo<\/p>\n\n\n\n<p>Miraflores Fashion Show se llevar\u00e1 a cabo el s\u00e1bado 11 de mayo a las 17:00 horas en Plaza Siman, con reconocidos influenciadores de Guatemala que desfilar\u00e1n en la pasarela y la presentaci\u00f3n estelar de Mauricio Ochmann como conductor del evento. Este reconocido actor, productor, cineasta y fil\u00e1ntropo mexicano-estadounidense ha dejado una huella indeleble en la industria del entretenimiento.<\/p>\n\n\n\n<p>Su trayectoria incluye una amplia gama de roles en televisi\u00f3n, teatro y cine, destacando su debut cinematogr\u00e1fico en \u00abMessage in a Bottle\u00bb (1997), junto a figuras como Kevin Costner y Robin Wright. Entre sus proyectos m\u00e1s recientes se encuentran la serie \u201cR\u201d (2020), las pel\u00edculas de Netflix \u00abAh\u00ed te Encargo\u00bb (2020) y \u00abReviviendo la Navidad\u00bb (2022), as\u00ed como las cintas taquilleras nacionales \u00abYa Veremos\u00bb (2018) y \u00abHazlo Como Hombre\u00bb (2017), entre otros.<\/p>\n\n\n\n<p>Mar\u00eda Jos\u00e9 Marroqu\u00edn, Gerente de Miraflores, expres\u00f3 su entusiasmo por el evento: \u00abMiraflores Fashion Show se ha convertido en un referente de la moda que muestra las tendencias y los dise\u00f1os de las mejores marcas en Miraflores. A\u00f1o con a\u00f1o este evento trae sorpresas, grandes actividades y, sobre todo, glamour. Este a\u00f1o no ser\u00e1 la excepci\u00f3n; contar con la participaci\u00f3n de Mauricio Ochmann y las marcas que nos acompa\u00f1ar\u00e1n en el Fashion Show har\u00e1 de este evento algo inolvidable\u00bb.<\/p>\n\n\n\n<p>Miraflores Fashion Show es el espectacular evento de cierre de la Fashion Week, una semana completa dedicada a la moda que se celebrar\u00e1 del 8 al 11 de mayo. Durante estas fechas, los invitados podr\u00e1n participar en talleres con temas como \u201cC\u00f3mo Ganar un Casting\u201d, \u201cC\u00f3mo Estar en un Booking Internacional\u201d y c\u00f3mo pasar \u201cDe Modelos a Influencers\u201d, impartidos por expertos de las principales agencias de modelaje del pa\u00eds.<\/p>\n\n\n\n<p>Adem\u00e1s, recibir\u00e1n asesoramiento de imagen, consejos de estilismo y aprender\u00e1n a elevar su look con prendas que destaquen.<\/p>\n\n\n\n<p>\u00abCada marca que se une a la celebraci\u00f3n de Miraflores Fashion Week ofrecer\u00e1 sorpresas especiales para nuestros invitados, incluyendo descuentos y promociones que no se pueden perder. Nuestro objetivo es que cada invitado disfrute al m\u00e1ximo de esta celebraci\u00f3n fashion\u00bb, a\u00f1adi\u00f3 Beatriz Mej\u00eda, Brand Manager de Miraflores.<\/p>\n\n\n\n<p>Para participar de la promoci\u00f3n y tener la oportunidad de ganar Q10 mil de shopping en Miraflores, los invitados simplemente neccesitan registrarse en la p\u00e1gina oficial del evento: <a href=\"https:\/\/l.facebook.com\/l.php?u=https%3A%2F%2Fmateriales.miraflores.com.gt%2Fregistros-fashion-week%3Ffbclid%3DIwZXh0bgNhZW0CMTAAAR2GwyEOD6FshdqAEqCp8ceQAUuYzKbXoEji98xUi_WeZ8gNf_v0BxT8jZc_aem_AdNNeHTowAdz1b8FysYsVrT5EGfeUtmWR7HWCTSwLaSHQgmpUAa2Qu8wgUGqrA-Ho5qS3ijdRrdB6prvelL6m2AI&amp;h=AT3ZxBlu_bMXb-PUu4AqoYnU5e_dF6Wdl_9DwcIvviPfKR2C_ZEYbIFyEgjhZehIjE44-yYhM17FXNVDFpXneX9Q4DyRZsYWreAu1OuqloYb9_J7pSOKZEKYMg09zFXyWQ7VyPLEi0mrRcm8TMwC&amp;__tn__=-UK-R&amp;c[0]=AT3Lnc07HirlUZnj-D8IWAUSNaY-zJGUOJyCNsNJJeHhOImIJ2udZGvpPy7HGwlgsR3fEwEvl7L2S6WIFIYgd4BjOztzz1uuK11-oldYGAIMWMyU-2u7SwxtVI1LSRf3Rci4yKhVpSDa58UrJ95KPoXehiL7iPkmAP76E8nOCVVnsK1O_PdscwFcSUFsXw66U5ReAvDq02ToIdf2eOpOGFJSwpHSGBnXhE1r\" rel=\"noreferrer noopener\" target=\"_blank\">https:\/\/materiales.miraflores.com.gt\/registros-fashion-week<\/a>.<\/p>\n\n\n\n<p>Adem\u00e1s, podr\u00e1n incrementar sus posibilidades de ganar participando en los talleres de la Fashion Week, asistiendo al Miraflores Fashion Show del 11 de mayo, presentando facturas de consumo por m\u00e1s de Q1 mil y pagando con tarjetas de Banco Promerica, el patrocinador oficial del evento, en las tiendas participantes. Los tarjetahabientes de Banco Promerica disfrutar\u00e1n de beneficios especiales del 7 al 21 de mayo.<\/p>\n\n\n\n<p>\u201cLos invitamos a no perderse las actividades especialmente preparadas para celebrar la moda durante toda una semana. Queremos que nuestros invitados disfruten de estas experiencias fashion junto a Miraflores, las marcas que nos acompa\u00f1an durante este evento y, especialmente, en compa\u00f1\u00eda de Mauricio Ochmann, nuestro invitado especial en esta ocasi\u00f3n\u201d, concluye Marroqu\u00edn.<\/p>\n\n\n\n<p>Adem\u00e1s, para aquellos invitados interesados en participar como modelos en el Fashion Show, Miraflores ha lanzado la convocatoria para el casting que se llevar\u00e1 a cabo el 27 de abril a las 11:00 horas en Plaza Siman. El registro estar\u00e1 abierto hasta el 22 de abril.<\/p>\n\n\n\n<p>Miraflores Fashion Show se realiza con el patrocinio de grandes marcas como Velez, Nava Wear, Kami, Emporium, Desigual, H&amp;M, American Eagle, Anais y Anais Kids, New Balance, 1001 Athletics, Bitter, T\u00eda M\u00eda, MNG, Old Navy, Forever 21, Siman, Gatsu, Columbia, Corium, Psycho Bunny, New Era, Skechers, Rebecana, La Tavola, Camino Real, Thrifty y su patrocinador oficial, Banco Promerica.<\/p>\n\n\n\n<p><a href=\"https:\/\/www.facebook.com\/hashtag\/mirafloresfashionshow?__eep__=6&amp;__cft__[0]=AZWeYhVkhAvT-qc-J3MynJIqj7e3elze_rx0X_ZSyfK9kLOdtQU8W3hQyLSWzbOZAaQE4TEyZztzyRWn10UksW9h8OKKH7yrtCRpm30OyN9K-cxqw3kBpExqFCIx5eTutYjKBakG-DdSRnn2Pa-U2P-Tta-pL6qPEVnbiJRY0VkSf0WKqJ8dxraMXHam5Yd9K7v48wNtzddCpmiUofxn9HNu&amp;__tn__=*NK-R\">#MirafloresFashionShow<\/a><a href=\"https:\/\/www.facebook.com\/hashtag\/metroredes?__eep__=6&amp;__cft__[0]=AZWeYhVkhAvT-qc-J3MynJIqj7e3elze_rx0X_ZSyfK9kLOdtQU8W3hQyLSWzbOZAaQE4TEyZztzyRWn10UksW9h8OKKH7yrtCRpm30OyN9K-cxqw3kBpExqFCIx5eTutYjKBakG-DdSRnn2Pa-U2P-Tta-pL6qPEVnbiJRY0VkSf0WKqJ8dxraMXHam5Yd9K7v48wNtzddCpmiUofxn9HNu&amp;__tn__=*NK-R\">#metroredes<\/a><\/p>\n\n\n\n<p><a href=\"https:\/\/www.facebook.com\/hashtag\/bancopromerica?__eep__=6&amp;__cft__[0]=AZWeYhVkhAvT-qc-J3MynJIqj7e3elze_rx0X_ZSyfK9kLOdtQU8W3hQyLSWzbOZAaQE4TEyZztzyRWn10UksW9h8OKKH7yrtCRpm30OyN9K-cxqw3kBpExqFCIx5eTutYjKBakG-DdSRnn2Pa-U2P-Tta-pL6qPEVnbiJRY0VkSf0WKqJ8dxraMXHam5Yd9K7v48wNtzddCpmiUofxn9HNu&amp;__tn__=*NK-R\">#BancoPromerica<\/a><\/p>\n\n\n\n<figure class=\"wp-block-gallery has-nested-images columns-default is-cropped wp-block-gallery-1 is-layout-flex wp-block-gallery-is-layout-flex\">\n<figure class=\"wp-block-image size-large\"><img loading=\"lazy\" decoding=\"async\" width=\"1024\" height=\"682\" data-id=\"81578\" src=\"https:\/\/elmetropolitano.com.gt\/es\/wp-content\/uploads\/2024\/04\/435758835_923777889748295_2512629119737880801_n-1024x682.jpg\" alt=\"\" class=\"wp-image-81578\" srcset=\"https:\/\/elmetropolitano.com.gt\/es\/wp-content\/uploads\/2024\/04\/435758835_923777889748295_2512629119737880801_n-1024x682.jpg 1024w, https:\/\/elmetropolitano.com.gt\/es\/wp-content\/uploads\/2024\/04\/435758835_923777889748295_2512629119737880801_n-300x200.jpg 300w, https:\/\/elmetropolitano.com.gt\/es\/wp-content\/uploads\/2024\/04\/435758835_923777889748295_2512629119737880801_n-768x512.jpg 768w, https:\/\/elmetropolitano.com.gt\/es\/wp-content\/uploads\/2024\/04\/435758835_923777889748295_2512629119737880801_n-1536x1023.jpg 1536w, https:\/\/elmetropolitano.com.gt\/es\/wp-content\/uploads\/2024\/04\/435758835_923777889748295_2512629119737880801_n.jpg 1600w\" sizes=\"auto, (max-width: 1024px) 100vw, 1024px\" \/><\/figure>\n\n\n\n<figure class=\"wp-block-image size-large\"><img loading=\"lazy\" decoding=\"async\" width=\"1024\" height=\"682\" data-id=\"81580\" src=\"https:\/\/elmetropolitano.com.gt\/es\/wp-content\/uploads\/2024\/04\/438086253_923778339748250_6676769783983165483_n-1024x682.jpg\" alt=\"\" class=\"wp-image-81580\" srcset=\"https:\/\/elmetropolitano.com.gt\/es\/wp-content\/uploads\/2024\/04\/438086253_923778339748250_6676769783983165483_n-1024x682.jpg 1024w, https:\/\/elmetropolitano.com.gt\/es\/wp-content\/uploads\/2024\/04\/438086253_923778339748250_6676769783983165483_n-300x200.jpg 300w, https:\/\/elmetropolitano.com.gt\/es\/wp-content\/uploads\/2024\/04\/438086253_923778339748250_6676769783983165483_n-768x512.jpg 768w, https:\/\/elmetropolitano.com.gt\/es\/wp-content\/uploads\/2024\/04\/438086253_923778339748250_6676769783983165483_n-1536x1023.jpg 1536w, https:\/\/elmetropolitano.com.gt\/es\/wp-content\/uploads\/2024\/04\/438086253_923778339748250_6676769783983165483_n.jpg 1600w\" sizes=\"auto, (max-width: 1024px) 100vw, 1024px\" \/><\/figure>\n\n\n\n<figure class=\"wp-block-image size-large\"><img loading=\"lazy\" decoding=\"async\" width=\"1024\" height=\"1024\" data-id=\"81579\" src=\"https:\/\/elmetropolitano.com.gt\/es\/wp-content\/uploads\/2024\/04\/438097600_923777913081626_5444585322087345711_n-1024x1024.jpg\" alt=\"\" class=\"wp-image-81579\" srcset=\"https:\/\/elmetropolitano.com.gt\/es\/wp-content\/uploads\/2024\/04\/438097600_923777913081626_5444585322087345711_n-1024x1024.jpg 1024w, https:\/\/elmetropolitano.com.gt\/es\/wp-content\/uploads\/2024\/04\/438097600_923777913081626_5444585322087345711_n-300x300.jpg 300w, https:\/\/elmetropolitano.com.gt\/es\/wp-content\/uploads\/2024\/04\/438097600_923777913081626_5444585322087345711_n-150x150.jpg 150w, https:\/\/elmetropolitano.com.gt\/es\/wp-content\/uploads\/2024\/04\/438097600_923777913081626_5444585322087345711_n-768x768.jpg 768w, https:\/\/elmetropolitano.com.gt\/es\/wp-content\/uploads\/2024\/04\/438097600_923777913081626_5444585322087345711_n.jpg 1200w\" sizes=\"auto, (max-width: 1024px) 100vw, 1024px\" \/><\/figure>\n\n\n\n<figure class=\"wp-block-image size-large\"><img loading=\"lazy\" decoding=\"async\" width=\"1024\" height=\"682\" data-id=\"81581\" src=\"https:\/\/elmetropolitano.com.gt\/es\/wp-content\/uploads\/2024\/04\/438705563_923777856414965_790578195167723798_n-1024x682.jpg\" alt=\"\" class=\"wp-image-81581\" srcset=\"https:\/\/elmetropolitano.com.gt\/es\/wp-content\/uploads\/2024\/04\/438705563_923777856414965_790578195167723798_n-1024x682.jpg 1024w, https:\/\/elmetropolitano.com.gt\/es\/wp-content\/uploads\/2024\/04\/438705563_923777856414965_790578195167723798_n-300x200.jpg 300w, https:\/\/elmetropolitano.com.gt\/es\/wp-content\/uploads\/2024\/04\/438705563_923777856414965_790578195167723798_n-768x512.jpg 768w, https:\/\/elmetropolitano.com.gt\/es\/wp-content\/uploads\/2024\/04\/438705563_923777856414965_790578195167723798_n-1536x1023.jpg 1536w, https:\/\/elmetropolitano.com.gt\/es\/wp-content\/uploads\/2024\/04\/438705563_923777856414965_790578195167723798_n.jpg 1600w\" sizes=\"auto, (max-width: 1024px) 100vw, 1024px\" \/><\/figure>\n<\/figure>\n","protected":false},"excerpt":{"rendered":"<p>Bajo el concepto \u00abFashion is a full-time job\u00bb, regresa el esperado Fashion Show de Miraflores, un evento que ser\u00e1 una celebraci\u00f3n del estilo, la moda y la creatividad en su m\u00e1xima expresi\u00f3n. Miraflores se ha destacado por ofrecer experiencias excepcionales de moda y entretenimiento, y esta vez, a trav\u00e9s de su variada oferta comercial, no <a class=\"read-more\" href=\"https:\/\/elmetropolitano.com.gt\/es\/miraflores-fashion-show-sera-el-escenario-de-la-moda-y-glamour-en-guatemala\/\">Leer m\u00e1s<\/a><\/p>\n","protected":false},"author":1,"featured_media":81577,"comment_status":"open","ping_status":"closed","sticky":false,"template":"","format":"standard","meta":{"footnotes":""},"categories":[31],"tags":[32],"class_list":["post-81576","post","type-post","status-publish","format-standard","has-post-thumbnail","hentry","category-metroimpulso","tag-metroimpulso"],"_links":{"self":[{"href":"https:\/\/elmetropolitano.com.gt\/es\/wp-json\/wp\/v2\/posts\/81576","targetHints":{"allow":["GET"]}}],"collection":[{"href":"https:\/\/elmetropolitano.com.gt\/es\/wp-json\/wp\/v2\/posts"}],"about":[{"href":"https:\/\/elmetropolitano.com.gt\/es\/wp-json\/wp\/v2\/types\/post"}],"author":[{"embeddable":true,"href":"https:\/\/elmetropolitano.com.gt\/es\/wp-json\/wp\/v2\/users\/1"}],"replies":[{"embeddable":true,"href":"https:\/\/elmetropolitano.com.gt\/es\/wp-json\/wp\/v2\/comments?post=81576"}],"version-history":[{"count":1,"href":"https:\/\/elmetropolitano.com.gt\/es\/wp-json\/wp\/v2\/posts\/81576\/revisions"}],"predecessor-version":[{"id":81582,"href":"https:\/\/elmetropolitano.com.gt\/es\/wp-json\/wp\/v2\/posts\/81576\/revisions\/81582"}],"wp:featuredmedia":[{"embeddable":true,"href":"https:\/\/elmetropolitano.com.gt\/es\/wp-json\/wp\/v2\/media\/81577"}],"wp:attachment":[{"href":"https:\/\/elmetropolitano.com.gt\/es\/wp-json\/wp\/v2\/media?parent=81576"}],"wp:term":[{"taxonomy":"category","embeddable":true,"href":"https:\/\/elmetropolitano.com.gt\/es\/wp-json\/wp\/v2\/categories?post=81576"},{"taxonomy":"post_tag","embeddable":true,"href":"https:\/\/elmetropolitano.com.gt\/es\/wp-json\/wp\/v2\/tags?post=81576"}],"curies":[{"name":"wp","href":"https:\/\/api.w.org\/{rel}","templated":true}]}}