{"id":81595,"date":"2024-04-19T10:36:48","date_gmt":"2024-04-19T16:36:48","guid":{"rendered":"https:\/\/elmetropolitano.com.gt\/es\/?p=81595"},"modified":"2024-04-19T10:36:50","modified_gmt":"2024-04-19T16:36:50","slug":"comunicaciones-confirma-salida-de-sopegno-y-regreso-de-willy-olivera","status":"publish","type":"post","link":"https:\/\/elmetropolitano.com.gt\/es\/comunicaciones-confirma-salida-de-sopegno-y-regreso-de-willy-olivera\/","title":{"rendered":"Comunicaciones confirma salida de Sopegno y regreso de Willy Olivera"},"content":{"rendered":"\n<p>Luego de pasar por una de las peores rachas del \u00faltimo tiempo para Comunicaciones, la entidad blanca tom\u00f3 la decisi\u00f3n de romper el lazo que ten\u00eda con el t\u00e9cnico Iv\u00e1n Franco Sopegno y el retorno de Willy Olivera.<\/p>\n\n\n\n<p>Luego de sumar cinco encuentros sin conocer la victoria en el torneo Clausura 2024, el Consejo Administrativo de Comunicaciones decidi\u00f3 hacer un cambio en la direcci\u00f3n t\u00e9cnica a las puertas de la fase <a><\/a>final del torneo.<\/p><div class=\"elmet-contenido\" id=\"elmet-2451873183\"><div class=\"elmet-adlabel\">Anuncios<\/div><div style=\"margin-top: 20px;margin-right: 20px;margin-bottom: 20px;margin-left: 20px;\" id=\"elmet-1554289618\"><a href=\"https:\/\/www.facebook.com\/arrincuanantigua\/\" aria-label=\"cintillo-arrin-cual\"><img loading=\"lazy\" decoding=\"async\" src=\"https:\/\/elmetropolitano.com.gt\/es\/wp-content\/uploads\/2021\/11\/cintillo-arrin-cual-1.jpg\" alt=\"\"  srcset=\"https:\/\/elmetropolitano.com.gt\/es\/wp-content\/uploads\/2021\/11\/cintillo-arrin-cual-1.jpg 750w, https:\/\/elmetropolitano.com.gt\/es\/wp-content\/uploads\/2021\/11\/cintillo-arrin-cual-1-300x36.jpg 300w, https:\/\/elmetropolitano.com.gt\/es\/wp-content\/uploads\/2021\/11\/cintillo-arrin-cual-1-600x72.jpg 600w\" sizes=\"(max-width: 750px) 100vw, 750px\" width=\"750\" height=\"90\"   \/><\/a><\/div><\/div>\n\n\n\n<p>El club informa que a partir del d\u00eda viernes 19 de abril el director t\u00e9cnico Willy Coito se har\u00e1 cargo de la direcci\u00f3n t\u00e9cnica del primer equipo.<\/p>\n\n\n\n<p>Iv\u00e1n Franco Sopegno<\/p>\n\n\n\n<p>deja Comunicaciones<\/p>\n\n\n\n<p>El t\u00e9cnico argentino regres\u00f3 a la instituci\u00f3n a inicios de a\u00f1o, luego de que tras salir campeones del Apertura 2023, Willy Olivera dio un paso al costado. Tras a\u00f1os de estar al margen del primer equipo, Sopegno regresaba con la esperanza de continuar con la hegemon\u00eda blanca en la Liga Nacional.<\/p>\n\n\n\n<p>La afici\u00f3n blanca partido a partido comenzaba a perder la paciencia con el t\u00e9cnico, ya que a pesar de ir consiguiendo buenos resultados, la forma en la que se jugaba no era del agrado de la hinchada.<\/p>\n\n\n\n<p>El hecho de machar quintos en la tabla del Clausura 2024 y quedar fuera de la Concacaf Champions Cup frente a Monterrey en una goleada de 7-1 en el global, fueron las acciones que dejaban mucho que desear dentro de la instituci\u00f3n.<\/p>\n\n\n\n<p>La gota que termin\u00f3 con la paciencia en la afici\u00f3n fue el empate en el Cl\u00e1sico 328, donde Comunicaciones no present\u00f3 ning\u00fan peligro para su rival.<\/p>\n\n\n\n<p>Dentro del comunicado, se menciona que Sopegno continuar\u00e1 siendo parte de la instituci\u00f3n:<\/p>\n\n\n\n<p>\u201c Agradecemos el esfuerzo y compromiso con la instituci\u00f3n quien continuar\u00e1 siendo parte de Comunicaciones FC en las fuerzas b\u00e1sicas\u201d expresan<\/p>\n\n\n\n<p>Regreso de Willy Olivera<\/p>\n\n\n\n<p>a Comunicaciones<\/p>\n\n\n\n<p>Luego de estar cuatro meses fuera de los banquillos, el \u00faltimo t\u00e9cnico campe\u00f3n con Comunicaciones regresa a tomar las riendas del primer equipo.<\/p>\n\n\n\n<p>De esta manera, en las instrucciones de Olivera, estar\u00e1 la defensa del t\u00edtulo que se consigui\u00f3 en el torneo Apertura 2023<\/p>\n\n\n\n<p>Texto Josu\u00e9 David Acevedo Rivas<\/p>\n\n\n\n<p>#metroredes<\/p>\n\n\n\n<figure class=\"wp-block-gallery has-nested-images columns-default is-cropped wp-block-gallery-1 is-layout-flex wp-block-gallery-is-layout-flex\">\n<figure class=\"wp-block-image size-large\"><img loading=\"lazy\" decoding=\"async\" width=\"845\" height=\"446\" data-id=\"81597\" src=\"https:\/\/elmetropolitano.com.gt\/es\/wp-content\/uploads\/2024\/04\/438093516_924105679715516_3425783266126916355_n-1.jpg\" alt=\"\" class=\"wp-image-81597\" srcset=\"https:\/\/elmetropolitano.com.gt\/es\/wp-content\/uploads\/2024\/04\/438093516_924105679715516_3425783266126916355_n-1.jpg 845w, https:\/\/elmetropolitano.com.gt\/es\/wp-content\/uploads\/2024\/04\/438093516_924105679715516_3425783266126916355_n-1-300x158.jpg 300w, https:\/\/elmetropolitano.com.gt\/es\/wp-content\/uploads\/2024\/04\/438093516_924105679715516_3425783266126916355_n-1-768x405.jpg 768w\" sizes=\"auto, (max-width: 845px) 100vw, 845px\" \/><\/figure>\n\n\n\n<figure class=\"wp-block-image size-large\"><img loading=\"lazy\" decoding=\"async\" width=\"819\" height=\"1024\" data-id=\"81598\" src=\"https:\/\/elmetropolitano.com.gt\/es\/wp-content\/uploads\/2024\/04\/438814940_924106623048755_264830267730715712_n-819x1024.jpg\" alt=\"\" class=\"wp-image-81598\" srcset=\"https:\/\/elmetropolitano.com.gt\/es\/wp-content\/uploads\/2024\/04\/438814940_924106623048755_264830267730715712_n-819x1024.jpg 819w, https:\/\/elmetropolitano.com.gt\/es\/wp-content\/uploads\/2024\/04\/438814940_924106623048755_264830267730715712_n-240x300.jpg 240w, https:\/\/elmetropolitano.com.gt\/es\/wp-content\/uploads\/2024\/04\/438814940_924106623048755_264830267730715712_n-768x960.jpg 768w, https:\/\/elmetropolitano.com.gt\/es\/wp-content\/uploads\/2024\/04\/438814940_924106623048755_264830267730715712_n.jpg 1098w\" sizes=\"auto, (max-width: 819px) 100vw, 819px\" \/><\/figure>\n<\/figure>\n","protected":false},"excerpt":{"rendered":"<p>Luego de pasar por una de las peores rachas del \u00faltimo tiempo para Comunicaciones, la entidad blanca tom\u00f3 la decisi\u00f3n de romper el lazo que ten\u00eda con el t\u00e9cnico Iv\u00e1n Franco Sopegno y el retorno de Willy Olivera. Luego de sumar cinco encuentros sin conocer la victoria en el torneo Clausura 2024, el Consejo Administrativo <a class=\"read-more\" href=\"https:\/\/elmetropolitano.com.gt\/es\/comunicaciones-confirma-salida-de-sopegno-y-regreso-de-willy-olivera\/\">Leer m\u00e1s<\/a><\/p>\n","protected":false},"author":1,"featured_media":81596,"comment_status":"open","ping_status":"closed","sticky":false,"template":"","format":"standard","meta":{"footnotes":""},"categories":[43],"tags":[44],"class_list":["post-81595","post","type-post","status-publish","format-standard","has-post-thumbnail","hentry","category-deportes","tag-deportes"],"_links":{"self":[{"href":"https:\/\/elmetropolitano.com.gt\/es\/wp-json\/wp\/v2\/posts\/81595","targetHints":{"allow":["GET"]}}],"collection":[{"href":"https:\/\/elmetropolitano.com.gt\/es\/wp-json\/wp\/v2\/posts"}],"about":[{"href":"https:\/\/elmetropolitano.com.gt\/es\/wp-json\/wp\/v2\/types\/post"}],"author":[{"embeddable":true,"href":"https:\/\/elmetropolitano.com.gt\/es\/wp-json\/wp\/v2\/users\/1"}],"replies":[{"embeddable":true,"href":"https:\/\/elmetropolitano.com.gt\/es\/wp-json\/wp\/v2\/comments?post=81595"}],"version-history":[{"count":1,"href":"https:\/\/elmetropolitano.com.gt\/es\/wp-json\/wp\/v2\/posts\/81595\/revisions"}],"predecessor-version":[{"id":81599,"href":"https:\/\/elmetropolitano.com.gt\/es\/wp-json\/wp\/v2\/posts\/81595\/revisions\/81599"}],"wp:featuredmedia":[{"embeddable":true,"href":"https:\/\/elmetropolitano.com.gt\/es\/wp-json\/wp\/v2\/media\/81596"}],"wp:attachment":[{"href":"https:\/\/elmetropolitano.com.gt\/es\/wp-json\/wp\/v2\/media?parent=81595"}],"wp:term":[{"taxonomy":"category","embeddable":true,"href":"https:\/\/elmetropolitano.com.gt\/es\/wp-json\/wp\/v2\/categories?post=81595"},{"taxonomy":"post_tag","embeddable":true,"href":"https:\/\/elmetropolitano.com.gt\/es\/wp-json\/wp\/v2\/tags?post=81595"}],"curies":[{"name":"wp","href":"https:\/\/api.w.org\/{rel}","templated":true}]}}