{"id":81754,"date":"2024-04-22T11:32:58","date_gmt":"2024-04-22T17:32:58","guid":{"rendered":"https:\/\/elmetropolitano.com.gt\/es\/?p=81754"},"modified":"2024-04-22T11:32:59","modified_gmt":"2024-04-22T17:32:59","slug":"integro-destaca-en-iniciativas-de-talento-humano-del-pais","status":"publish","type":"post","link":"https:\/\/elmetropolitano.com.gt\/es\/integro-destaca-en-iniciativas-de-talento-humano-del-pais\/","title":{"rendered":"\u00cdNTEGRO destaca en iniciativas de talento humano del pa\u00eds"},"content":{"rendered":"\n<p>\u00cdNTEGRO, empresa l\u00edder en el sector inmobiliario, da a conocer sus recientes logros en el \u00e1rea de talento humano, destacando su ingreso a prestigiosos rankings y el lanzamiento de un innovador plan de carrera para sus colaboradores.<\/p>\n\n\n\n<p><a><\/a>Iniciativas de talento humano<\/p><div class=\"elmet-contenido\" id=\"elmet-238745201\"><div class=\"elmet-adlabel\">Anuncios<\/div><div style=\"margin-top: 20px;margin-right: 20px;margin-bottom: 20px;margin-left: 20px;\" id=\"elmet-4278576547\"><a href=\"https:\/\/www.facebook.com\/arrincuanantigua\/\" aria-label=\"cintillo-arrin-cual\"><img loading=\"lazy\" decoding=\"async\" src=\"https:\/\/elmetropolitano.com.gt\/es\/wp-content\/uploads\/2021\/11\/cintillo-arrin-cual-1.jpg\" alt=\"\"  srcset=\"https:\/\/elmetropolitano.com.gt\/es\/wp-content\/uploads\/2021\/11\/cintillo-arrin-cual-1.jpg 750w, https:\/\/elmetropolitano.com.gt\/es\/wp-content\/uploads\/2021\/11\/cintillo-arrin-cual-1-300x36.jpg 300w, https:\/\/elmetropolitano.com.gt\/es\/wp-content\/uploads\/2021\/11\/cintillo-arrin-cual-1-600x72.jpg 600w\" sizes=\"(max-width: 750px) 100vw, 750px\" width=\"750\" height=\"90\"   \/><\/a><\/div><\/div>\n\n\n\n<p>dentro de \u00cdNTEGRO<\/p>\n\n\n\n<p>La empresa ha demostrado su compromiso con el bienestar y desarrollo de sus colaboradores a trav\u00e9s de una serie de iniciativas enfocadas en promover un ambiente laboral favorable y ofrecer oportunidades de crecimiento profesional. Estas son:<\/p>\n\n\n\n<p><img loading=\"lazy\" decoding=\"async\" height=\"16\" width=\"16\" alt=\"\u25aa\" src=\"https:\/\/static.xx.fbcdn.net\/images\/emoji.php\/v9\/td3\/1.5\/16\/25aa.png\">EPICC Business School: plataforma con m\u00e1s de 3 mil cursos disponibles para todos los colaboradores, facilitando el acceso al aprendizaje continuo.<\/p>\n\n\n\n<p><img loading=\"lazy\" decoding=\"async\" height=\"16\" width=\"16\" alt=\"\u25aa\" src=\"https:\/\/static.xx.fbcdn.net\/images\/emoji.php\/v9\/td3\/1.5\/16\/25aa.png\">EPICC Rewards: plataforma de reconocimiento que permite a los colaboradores celebrar hitos personales y laborales, acumulando puntos canjeables por diversos premios como certificados de regalo, electr\u00f3nicos, accesorios, entretenimiento, etc.<\/p>\n\n\n\n<p><img loading=\"lazy\" decoding=\"async\" height=\"16\" width=\"16\" alt=\"\u25aa\" src=\"https:\/\/static.xx.fbcdn.net\/images\/emoji.php\/v9\/td3\/1.5\/16\/25aa.png\">EPICC BookClub: club de lectura que fomenta el aprendizaje y la creatividad a trav\u00e9s del intercambio de ideas.<\/p>\n\n\n\n<p><img loading=\"lazy\" decoding=\"async\" height=\"16\" width=\"16\" alt=\"\u25aa\" src=\"https:\/\/static.xx.fbcdn.net\/images\/emoji.php\/v9\/td3\/1.5\/16\/25aa.png\">EPICC Coffee Time: es una oportunidad de conectar con los l\u00edderes y establecer un v\u00ednculo m\u00e1s cercano, fortaleciendo as\u00ed la cultura de colaboraci\u00f3n y generando un mayor sentido de pertenencia.<\/p>\n\n\n\n<p><img loading=\"lazy\" decoding=\"async\" height=\"16\" width=\"16\" alt=\"\u25aa\" src=\"https:\/\/static.xx.fbcdn.net\/images\/emoji.php\/v9\/td3\/1.5\/16\/25aa.png\">EPICC Mentoring: es un espacio que busca potenciar y fomentar una relaci\u00f3n de gu\u00eda y aprendizaje mutuo. Se promueve la participaci\u00f3n del mentee (aprendiz) en su crecimiento profesional, incentivando la colaboraci\u00f3n y el compromiso del mentor (gu\u00eda) en compartir conocimientos y experiencias.<\/p>\n\n\n\n<p><img loading=\"lazy\" decoding=\"async\" height=\"16\" width=\"16\" alt=\"\u25aa\" src=\"https:\/\/static.xx.fbcdn.net\/images\/emoji.php\/v9\/td3\/1.5\/16\/25aa.png\">EPICC People: plataforma de autogesti\u00f3n para realizar requerimientos de talento humano como vacaciones, constancias laborales, constancias de ingresos, entre otros.<\/p>\n\n\n\n<p><img loading=\"lazy\" decoding=\"async\" height=\"16\" width=\"16\" alt=\"\u25aa\" src=\"https:\/\/static.xx.fbcdn.net\/images\/emoji.php\/v9\/td3\/1.5\/16\/25aa.png\">EPICC Wellness: programa de asistencia voluntaria que ofrece asesoramiento en diversas \u00e1reas: psicol\u00f3gico, familiar, financiero-contable, legal, nutricional, maternidad, paternidad, lactancia, pet care y m\u00e1s.<\/p>\n\n\n\n<p><img loading=\"lazy\" decoding=\"async\" height=\"16\" width=\"16\" alt=\"\u25aa\" src=\"https:\/\/static.xx.fbcdn.net\/images\/emoji.php\/v9\/td3\/1.5\/16\/25aa.png\">EPICC Career: se ofrece a los colaboradores un mapa de ruta con objetivos, metas y acciones dise\u00f1adas para guiar su desarrollo profesional a lo largo de su trayectoria dentro de la organizaci\u00f3n.<\/p>\n\n\n\n<p><img loading=\"lazy\" decoding=\"async\" height=\"16\" width=\"16\" alt=\"\u25aa\" src=\"https:\/\/static.xx.fbcdn.net\/images\/emoji.php\/v9\/td3\/1.5\/16\/25aa.png\">EPICC News: es una revista digital que permite mejorar la comunicaci\u00f3n interna y fortalecer la cultura organizacional.<\/p>\n\n\n\n<p>Reconocimientos destacados<\/p>\n\n\n\n<p>Desde hace tres a\u00f1os, \u00cdNTEGRO se ha comprometido a mejorar la cultura organizacional y a proporcionar un ambiente de trabajo positivo y motivador a sus colaboradores, trabajando en las oportunidades de mejora y manteniendo sus fortalezas. De esta manera ha logrado ingresar a importantes rankings, posicionando a la empresa como excelente empleador:<\/p>\n\n\n\n<p><img loading=\"lazy\" decoding=\"async\" height=\"16\" width=\"16\" alt=\"\u25aa\" src=\"https:\/\/static.xx.fbcdn.net\/images\/emoji.php\/v9\/td3\/1.5\/16\/25aa.png\">Great Place to Work (GPTW): \u00cdNTEGRO ha sido reconocido como uno de los \u201cMejores Lugares para Trabajar en Centroam\u00e9rica y el Caribe\u201d y uno de los \u201cMejores lugares para trabajar en Centroam\u00e9rica y el Caribe para mujeres\u201d en la categor\u00eda 101 a 1001 colaboradores, alcanzando el lugar 11\u00b0 a nivel centroamericano y el 2\u00ba. lugar a nivel Guatemala.<\/p>\n\n\n\n<p>Employers For Youth (EFY): La empresa obtuvo a nivel centroamericano el 19\u00ba. lugar en \u201cMejores Empresas Profesionales Sub-35\u201d, en la categor\u00eda Talento Femenino. Adicional, obtuvo el 7\u00ba. lugar en \u201cMejores Empresas para Profesionales Sub-35\u201d.<\/p>\n\n\n\n<p>Plan de Carrera:<\/p>\n\n\n\n<p>Recientemente, \u00cdNTEGRO present\u00f3 su nuevo Plan de Carrera, dise\u00f1ado para brindar a los colaboradores una gu\u00eda para su crecimiento dentro de la empresa, permiti\u00e9ndoles establecer metas a largo plazo y desarrollar las habilidades necesarias para alcanzarlas. En este plan se ofrece a los colaboradores lo siguiente:<\/p>\n\n\n\n<p><img loading=\"lazy\" decoding=\"async\" height=\"16\" width=\"16\" alt=\"\u25aa\" src=\"https:\/\/static.xx.fbcdn.net\/images\/emoji.php\/v9\/td3\/1.5\/16\/25aa.png\">Desarrollo profesional: una ruta clara para el avance profesional, con acceso a programas de formaci\u00f3n internos y externos.<\/p>\n\n\n\n<p><img loading=\"lazy\" decoding=\"async\" height=\"16\" width=\"16\" alt=\"\u25aa\" src=\"https:\/\/static.xx.fbcdn.net\/images\/emoji.php\/v9\/td3\/1.5\/16\/25aa.png\">Crecimiento y avance: oportunidades para asumir mayores responsabilidades y roles dentro de la organizaci\u00f3n, como promociones, ascensos o cambios de funci\u00f3n que les permitan ampliar sus habilidades y experiencia.<\/p>\n\n\n\n<p><img loading=\"lazy\" decoding=\"async\" height=\"16\" width=\"16\" alt=\"\u25aa\" src=\"https:\/\/static.xx.fbcdn.net\/images\/emoji.php\/v9\/td3\/1.5\/16\/25aa.png\">Claridad y transparencia: expectativas claras y visibles en cuanto a su rendimiento y progreso.<\/p>\n\n\n\n<p><img loading=\"lazy\" decoding=\"async\" height=\"16\" width=\"16\" alt=\"\u25aa\" src=\"https:\/\/static.xx.fbcdn.net\/images\/emoji.php\/v9\/td3\/1.5\/16\/25aa.png\">Mayor compromiso: un enfoque en el crecimiento personal y profesional que impulsa la satisfacci\u00f3n laboral y el compromiso de los colaboradores.<\/p>\n\n\n\n<p><img loading=\"lazy\" decoding=\"async\" height=\"16\" width=\"16\" alt=\"\u25aa\" src=\"https:\/\/static.xx.fbcdn.net\/images\/emoji.php\/v9\/td3\/1.5\/16\/25aa.png\">Fidelizaci\u00f3n de talento: ofrece oportunidades de crecimiento y desarrollo profesional, para ayudar a fidelizar a los colaboradores m\u00e1s talentosos y capacitados.<\/p>\n\n\n\n<p>\u00abEn \u00cdNTEGRO, creemos que nuestro mayor activo es nuestro talento humano. Estamos dedicados a proporcionar un ambiente de trabajo enriquecedor y oportunidades de crecimiento para todos nuestros colaboradores. Estos reconocimientos y el lanzamiento de nuestro Plan de Carrera son testimonio de nuestro compromiso con el desarrollo personal y profesional de cada miembro de nuestra empresa\u00bb, coment\u00f3 Susana Le Sage, Directora de Talento Humano de \u00cdNTEGRO.<\/p>\n\n\n\n<p>Estas iniciativas reflejan el compromiso de \u00cdNTEGRO con el bienestar y el desarrollo del recurso humano, impactando significativamente en t\u00e9rminos de retenci\u00f3n de talento, satisfacci\u00f3n laboral y rendimiento organizacional.<\/p>\n\n\n\n<p>En los pr\u00f3ximos meses, la empresa continuar\u00e1 monitoreando y evaluando el uso y la efectividad de estas acciones, con el objetivo de garantizar que sigan cumpliendo con las necesidades y expectativas de sus colaboradores.<\/p>\n\n\n\n<p><a href=\"https:\/\/www.facebook.com\/hashtag\/integro?__eep__=6&amp;__cft__[0]=AZUksMhZTgxNMV4iKa7SfIerSqAlp1Fk_XUb9a1NgR7RaoaH-VUXumiYCpi27xSn8nPVedQmUbS8PRzToUtR-7VHG0h4wSqcK72TzUuobRIvRIw2fEVI8oq4YgJs-ELCNkOyGfzHjSDU8AAE4duwL0NZB77PBNpcphzJx_iLfh6lLytXwmNUhjturLOgx3nxAn8o6JRODECiWW6dmAT6-rp4&amp;__tn__=*NK-R\">#integro<\/a><a href=\"https:\/\/www.facebook.com\/hashtag\/metroredes?__eep__=6&amp;__cft__[0]=AZUksMhZTgxNMV4iKa7SfIerSqAlp1Fk_XUb9a1NgR7RaoaH-VUXumiYCpi27xSn8nPVedQmUbS8PRzToUtR-7VHG0h4wSqcK72TzUuobRIvRIw2fEVI8oq4YgJs-ELCNkOyGfzHjSDU8AAE4duwL0NZB77PBNpcphzJx_iLfh6lLytXwmNUhjturLOgx3nxAn8o6JRODECiWW6dmAT6-rp4&amp;__tn__=*NK-R\">#metroredes<\/a><\/p>\n\n\n\n<figure class=\"wp-block-gallery has-nested-images columns-default is-cropped wp-block-gallery-1 is-layout-flex wp-block-gallery-is-layout-flex\">\n<figure class=\"wp-block-image size-large\"><img loading=\"lazy\" decoding=\"async\" width=\"1024\" height=\"683\" data-id=\"81756\" src=\"https:\/\/elmetropolitano.com.gt\/es\/wp-content\/uploads\/2024\/04\/438093237_926340612825356_7549389181380295585_n-1024x683.jpg\" alt=\"\" class=\"wp-image-81756\" srcset=\"https:\/\/elmetropolitano.com.gt\/es\/wp-content\/uploads\/2024\/04\/438093237_926340612825356_7549389181380295585_n-1024x683.jpg 1024w, https:\/\/elmetropolitano.com.gt\/es\/wp-content\/uploads\/2024\/04\/438093237_926340612825356_7549389181380295585_n-300x200.jpg 300w, https:\/\/elmetropolitano.com.gt\/es\/wp-content\/uploads\/2024\/04\/438093237_926340612825356_7549389181380295585_n-768x512.jpg 768w, https:\/\/elmetropolitano.com.gt\/es\/wp-content\/uploads\/2024\/04\/438093237_926340612825356_7549389181380295585_n-1536x1025.jpg 1536w, https:\/\/elmetropolitano.com.gt\/es\/wp-content\/uploads\/2024\/04\/438093237_926340612825356_7549389181380295585_n.jpg 2048w\" sizes=\"auto, (max-width: 1024px) 100vw, 1024px\" \/><\/figure>\n<\/figure>\n","protected":false},"excerpt":{"rendered":"<p>\u00cdNTEGRO, empresa l\u00edder en el sector inmobiliario, da a conocer sus recientes logros en el \u00e1rea de talento humano, destacando su ingreso a prestigiosos rankings y el lanzamiento de un innovador plan de carrera para sus colaboradores. Iniciativas de talento humano dentro de \u00cdNTEGRO La empresa ha demostrado su compromiso con el bienestar y desarrollo <a class=\"read-more\" href=\"https:\/\/elmetropolitano.com.gt\/es\/integro-destaca-en-iniciativas-de-talento-humano-del-pais\/\">Leer m\u00e1s<\/a><\/p>\n","protected":false},"author":1,"featured_media":81755,"comment_status":"open","ping_status":"closed","sticky":false,"template":"","format":"standard","meta":{"footnotes":""},"categories":[31],"tags":[32],"class_list":["post-81754","post","type-post","status-publish","format-standard","has-post-thumbnail","hentry","category-metroimpulso","tag-metroimpulso"],"_links":{"self":[{"href":"https:\/\/elmetropolitano.com.gt\/es\/wp-json\/wp\/v2\/posts\/81754","targetHints":{"allow":["GET"]}}],"collection":[{"href":"https:\/\/elmetropolitano.com.gt\/es\/wp-json\/wp\/v2\/posts"}],"about":[{"href":"https:\/\/elmetropolitano.com.gt\/es\/wp-json\/wp\/v2\/types\/post"}],"author":[{"embeddable":true,"href":"https:\/\/elmetropolitano.com.gt\/es\/wp-json\/wp\/v2\/users\/1"}],"replies":[{"embeddable":true,"href":"https:\/\/elmetropolitano.com.gt\/es\/wp-json\/wp\/v2\/comments?post=81754"}],"version-history":[{"count":1,"href":"https:\/\/elmetropolitano.com.gt\/es\/wp-json\/wp\/v2\/posts\/81754\/revisions"}],"predecessor-version":[{"id":81757,"href":"https:\/\/elmetropolitano.com.gt\/es\/wp-json\/wp\/v2\/posts\/81754\/revisions\/81757"}],"wp:featuredmedia":[{"embeddable":true,"href":"https:\/\/elmetropolitano.com.gt\/es\/wp-json\/wp\/v2\/media\/81755"}],"wp:attachment":[{"href":"https:\/\/elmetropolitano.com.gt\/es\/wp-json\/wp\/v2\/media?parent=81754"}],"wp:term":[{"taxonomy":"category","embeddable":true,"href":"https:\/\/elmetropolitano.com.gt\/es\/wp-json\/wp\/v2\/categories?post=81754"},{"taxonomy":"post_tag","embeddable":true,"href":"https:\/\/elmetropolitano.com.gt\/es\/wp-json\/wp\/v2\/tags?post=81754"}],"curies":[{"name":"wp","href":"https:\/\/api.w.org\/{rel}","templated":true}]}}