{"id":81982,"date":"2024-04-26T10:02:02","date_gmt":"2024-04-26T16:02:02","guid":{"rendered":"https:\/\/elmetropolitano.com.gt\/es\/?p=81982"},"modified":"2024-04-26T10:02:03","modified_gmt":"2024-04-26T16:02:03","slug":"chiquimulteco-fue-capturado-para-extraditarlo-a-usa-por-narcotrafico","status":"publish","type":"post","link":"https:\/\/elmetropolitano.com.gt\/es\/chiquimulteco-fue-capturado-para-extraditarlo-a-usa-por-narcotrafico\/","title":{"rendered":"Chiquimulteco fue capturado para extraditarlo a USA por narcotr\u00e1fico"},"content":{"rendered":"\n<p>El Ministerio P\u00fablico MP coordin\u00f3 con la Polic\u00eda Nacional Civil PNC la aprehensi\u00f3n con fines <a><\/a>de extradici\u00f3n hacia los Estados Unidos de Am\u00e9rica, de Carlos Alexander Guerra y Guerra quien es requerido para comparecer a juicio en la Corte del Distrito Este de Texas y era uno de los 100 m\u00e1s buscados en \u00e9l Pais<\/p>\n\n\n\n<p>A Carlos Guerra originario de Ipala, Chiquimula se le acusa de los delitos de conspiraci\u00f3n para manufacturar y distribuir cinco kilogramos o m\u00e1s de una mezcla y sustancia conteniendo una cantidad detectable de coca\u00edna, con la intenci\u00f3n, conocimiento y teniendo causa razonable de conocer que dicha sustancia ser\u00eda importada ilegalmente hacia los Estados Unidos<\/p><div class=\"elmet-contenido\" id=\"elmet-1061352841\"><div class=\"elmet-adlabel\">Anuncios<\/div><div style=\"margin-top: 20px;margin-right: 20px;margin-bottom: 20px;margin-left: 20px;\" id=\"elmet-1464832495\"><a href=\"https:\/\/www.facebook.com\/arrincuanantigua\/\" aria-label=\"cintillo-arrin-cual\"><img loading=\"lazy\" decoding=\"async\" src=\"https:\/\/elmetropolitano.com.gt\/es\/wp-content\/uploads\/2021\/11\/cintillo-arrin-cual-1.jpg\" alt=\"\"  srcset=\"https:\/\/elmetropolitano.com.gt\/es\/wp-content\/uploads\/2021\/11\/cintillo-arrin-cual-1.jpg 750w, https:\/\/elmetropolitano.com.gt\/es\/wp-content\/uploads\/2021\/11\/cintillo-arrin-cual-1-300x36.jpg 300w, https:\/\/elmetropolitano.com.gt\/es\/wp-content\/uploads\/2021\/11\/cintillo-arrin-cual-1-600x72.jpg 600w\" sizes=\"(max-width: 750px) 100vw, 750px\" width=\"750\" height=\"90\"   \/><\/a><\/div><\/div>\n\n\n\n<p>Asi como se manufacturar y distribuir cinco kilogramos o m\u00e1s de una mezcla y sustancia conteniendo una cantidad detectable de coca\u00edna, con la intenci\u00f3n, conocimiento y teniendo causa razonable de conocer que dicha sustancia ser\u00eda importada ilegalmente hacia los Estados Unidos.<\/p>\n\n\n\n<p>Una investigaci\u00f3n realizada por las autoridades del cumplimiento de la ley, identific\u00f3 una organizaci\u00f3n de tr\u00e1fico de drogas operando a trav\u00e9s de Sur, Centro y Norte Am\u00e9rica desde por lo menos el a\u00f1o 2008 que fue responsable de trasegar grandes cantidades de coca\u00edna hacia los Estados Unidos de Am\u00e9rica.<\/p>\n\n\n\n<p>La investigaci\u00f3n expresa el MP, identific\u00f3 a Carlos Alexander Guerra y Guerra como un miembro de la organizaci\u00f3n desde por lo menos el a\u00f1o 2018 a noviembre 2020; fue responsable de dirigir, gestionar y facilitar parte de las actividades de tr\u00e1fico de drogas de la organizaci\u00f3n en Guatemala y otros lugares.<\/p>\n\n\n\n<p>Su captura se efectu\u00f3 en Santa Catarina Pinula la noche de este jueves y fue llevado a la torre de tribunales donde se llevar\u00e1 a cabo un proceso de extradici\u00f3n hacia los Estados Unidos.<\/p>\n\n\n\n<p><a href=\"https:\/\/www.facebook.com\/hashtag\/metroredes?__eep__=6&amp;__cft__[0]=AZUFSFRvV1kzBK8WcGxBIP9_fFO39KqyFopK3yzjhW0ScpbgoWky7V_SzKbOOChaajNfVSklzT3LqpY2I48FEY_1BP2hsCT3KuD6rLp8fEbzfyK7ljr5eLa0fvk4WsOuHLm54tpoQaXu6sBN1CopJGhHsV-tJr6vhA-Ucnp3_mI5J_xlxtZw_0sbP5rhlGoYn90AIFfe909PJuiySkNvw93f1UZmBRtRgzxECpL-Ig4D8ZwhLaY5XDlNeHfIa2jiuZU&amp;__tn__=*NK-y-R\">#metroredes<\/a><a href=\"https:\/\/www.facebook.com\/hashtag\/narcotrafico?__eep__=6&amp;__cft__[0]=AZUFSFRvV1kzBK8WcGxBIP9_fFO39KqyFopK3yzjhW0ScpbgoWky7V_SzKbOOChaajNfVSklzT3LqpY2I48FEY_1BP2hsCT3KuD6rLp8fEbzfyK7ljr5eLa0fvk4WsOuHLm54tpoQaXu6sBN1CopJGhHsV-tJr6vhA-Ucnp3_mI5J_xlxtZw_0sbP5rhlGoYn90AIFfe909PJuiySkNvw93f1UZmBRtRgzxECpL-Ig4D8ZwhLaY5XDlNeHfIa2jiuZU&amp;__tn__=*NK-y-R\">#Narcotrafico<\/a><a href=\"https:\/\/www.facebook.com\/hashtag\/mpguatemala?__eep__=6&amp;__cft__[0]=AZUFSFRvV1kzBK8WcGxBIP9_fFO39KqyFopK3yzjhW0ScpbgoWky7V_SzKbOOChaajNfVSklzT3LqpY2I48FEY_1BP2hsCT3KuD6rLp8fEbzfyK7ljr5eLa0fvk4WsOuHLm54tpoQaXu6sBN1CopJGhHsV-tJr6vhA-Ucnp3_mI5J_xlxtZw_0sbP5rhlGoYn90AIFfe909PJuiySkNvw93f1UZmBRtRgzxECpL-Ig4D8ZwhLaY5XDlNeHfIa2jiuZU&amp;__tn__=*NK-y-R\">#MPGuatemala<\/a><a href=\"https:\/\/www.facebook.com\/hashtag\/pncguatemala?__eep__=6&amp;__cft__[0]=AZUFSFRvV1kzBK8WcGxBIP9_fFO39KqyFopK3yzjhW0ScpbgoWky7V_SzKbOOChaajNfVSklzT3LqpY2I48FEY_1BP2hsCT3KuD6rLp8fEbzfyK7ljr5eLa0fvk4WsOuHLm54tpoQaXu6sBN1CopJGhHsV-tJr6vhA-Ucnp3_mI5J_xlxtZw_0sbP5rhlGoYn90AIFfe909PJuiySkNvw93f1UZmBRtRgzxECpL-Ig4D8ZwhLaY5XDlNeHfIa2jiuZU&amp;__tn__=*NK-y-R\">#PNCGuatemala<\/a><\/p>\n\n\n\n<figure class=\"wp-block-gallery has-nested-images columns-default is-cropped wp-block-gallery-1 is-layout-flex wp-block-gallery-is-layout-flex\">\n<figure class=\"wp-block-image size-large\"><img loading=\"lazy\" decoding=\"async\" width=\"1024\" height=\"768\" data-id=\"81985\" src=\"https:\/\/elmetropolitano.com.gt\/es\/wp-content\/uploads\/2024\/04\/438081537_1174168073977465_3750055835753172156_n-1024x768.jpg\" alt=\"\" class=\"wp-image-81985\" srcset=\"https:\/\/elmetropolitano.com.gt\/es\/wp-content\/uploads\/2024\/04\/438081537_1174168073977465_3750055835753172156_n-1024x768.jpg 1024w, https:\/\/elmetropolitano.com.gt\/es\/wp-content\/uploads\/2024\/04\/438081537_1174168073977465_3750055835753172156_n-300x225.jpg 300w, https:\/\/elmetropolitano.com.gt\/es\/wp-content\/uploads\/2024\/04\/438081537_1174168073977465_3750055835753172156_n-768x576.jpg 768w, https:\/\/elmetropolitano.com.gt\/es\/wp-content\/uploads\/2024\/04\/438081537_1174168073977465_3750055835753172156_n-1536x1152.jpg 1536w, https:\/\/elmetropolitano.com.gt\/es\/wp-content\/uploads\/2024\/04\/438081537_1174168073977465_3750055835753172156_n.jpg 1600w\" sizes=\"auto, (max-width: 1024px) 100vw, 1024px\" \/><\/figure>\n\n\n\n<figure class=\"wp-block-image size-large\"><img loading=\"lazy\" decoding=\"async\" width=\"1024\" height=\"649\" data-id=\"81984\" src=\"https:\/\/elmetropolitano.com.gt\/es\/wp-content\/uploads\/2024\/04\/439920616_1174168090644130_4559018940900507034_n-1024x649.jpg\" alt=\"\" class=\"wp-image-81984\" srcset=\"https:\/\/elmetropolitano.com.gt\/es\/wp-content\/uploads\/2024\/04\/439920616_1174168090644130_4559018940900507034_n-1024x649.jpg 1024w, https:\/\/elmetropolitano.com.gt\/es\/wp-content\/uploads\/2024\/04\/439920616_1174168090644130_4559018940900507034_n-300x190.jpg 300w, https:\/\/elmetropolitano.com.gt\/es\/wp-content\/uploads\/2024\/04\/439920616_1174168090644130_4559018940900507034_n-768x487.jpg 768w, https:\/\/elmetropolitano.com.gt\/es\/wp-content\/uploads\/2024\/04\/439920616_1174168090644130_4559018940900507034_n.jpg 1098w\" sizes=\"auto, (max-width: 1024px) 100vw, 1024px\" \/><\/figure>\n<\/figure>\n","protected":false},"excerpt":{"rendered":"<p>El Ministerio P\u00fablico MP coordin\u00f3 con la Polic\u00eda Nacional Civil PNC la aprehensi\u00f3n con fines de extradici\u00f3n hacia los Estados Unidos de Am\u00e9rica, de Carlos Alexander Guerra y Guerra quien es requerido para comparecer a juicio en la Corte del Distrito Este de Texas y era uno de los 100 m\u00e1s buscados en \u00e9l Pais <a class=\"read-more\" href=\"https:\/\/elmetropolitano.com.gt\/es\/chiquimulteco-fue-capturado-para-extraditarlo-a-usa-por-narcotrafico\/\">Leer m\u00e1s<\/a><\/p>\n","protected":false},"author":1,"featured_media":81983,"comment_status":"open","ping_status":"closed","sticky":false,"template":"","format":"standard","meta":{"footnotes":""},"categories":[89],"tags":[88],"class_list":["post-81982","post","type-post","status-publish","format-standard","has-post-thumbnail","hentry","category-metrosucesos","tag-metrosucesos"],"_links":{"self":[{"href":"https:\/\/elmetropolitano.com.gt\/es\/wp-json\/wp\/v2\/posts\/81982","targetHints":{"allow":["GET"]}}],"collection":[{"href":"https:\/\/elmetropolitano.com.gt\/es\/wp-json\/wp\/v2\/posts"}],"about":[{"href":"https:\/\/elmetropolitano.com.gt\/es\/wp-json\/wp\/v2\/types\/post"}],"author":[{"embeddable":true,"href":"https:\/\/elmetropolitano.com.gt\/es\/wp-json\/wp\/v2\/users\/1"}],"replies":[{"embeddable":true,"href":"https:\/\/elmetropolitano.com.gt\/es\/wp-json\/wp\/v2\/comments?post=81982"}],"version-history":[{"count":1,"href":"https:\/\/elmetropolitano.com.gt\/es\/wp-json\/wp\/v2\/posts\/81982\/revisions"}],"predecessor-version":[{"id":81986,"href":"https:\/\/elmetropolitano.com.gt\/es\/wp-json\/wp\/v2\/posts\/81982\/revisions\/81986"}],"wp:featuredmedia":[{"embeddable":true,"href":"https:\/\/elmetropolitano.com.gt\/es\/wp-json\/wp\/v2\/media\/81983"}],"wp:attachment":[{"href":"https:\/\/elmetropolitano.com.gt\/es\/wp-json\/wp\/v2\/media?parent=81982"}],"wp:term":[{"taxonomy":"category","embeddable":true,"href":"https:\/\/elmetropolitano.com.gt\/es\/wp-json\/wp\/v2\/categories?post=81982"},{"taxonomy":"post_tag","embeddable":true,"href":"https:\/\/elmetropolitano.com.gt\/es\/wp-json\/wp\/v2\/tags?post=81982"}],"curies":[{"name":"wp","href":"https:\/\/api.w.org\/{rel}","templated":true}]}}