{"id":82009,"date":"2024-04-26T18:25:49","date_gmt":"2024-04-27T00:25:49","guid":{"rendered":"https:\/\/elmetropolitano.com.gt\/es\/?p=82009"},"modified":"2024-04-26T18:25:49","modified_gmt":"2024-04-27T00:25:49","slug":"aje-es-la-primera-empresa-de-latinoamerica-que-se-une-a-la-coalicion-empresarial-por-un-tratado-global-de-plasticos","status":"publish","type":"post","link":"https:\/\/elmetropolitano.com.gt\/es\/aje-es-la-primera-empresa-de-latinoamerica-que-se-une-a-la-coalicion-empresarial-por-un-tratado-global-de-plasticos\/","title":{"rendered":"AJE es la primera empresa de Latinoam\u00e9rica que se une a la Coalici\u00f3n Empresarial por un Tratado Global de Pl\u00e1sticos"},"content":{"rendered":"\n<p>Ejecutivos del Grupo AJE informaron ayer que son la primera empresa a nivel de Latinoam\u00e9rica que se une a la Coalici\u00f3n Empresarial por un Tratado Global de Pl\u00e1sticos (Business Coalition For a Global Plastics Treaty), una alianza empresarial creada por WWF y la Fundaci\u00f3n Ellen MacArthur que re\u00fane a m\u00e1s de 200 empresas globales e instituciones financieras.<\/p>\n\n\n\n<p>AJE Group <a><\/a>particip\u00f3 de forma activa en las negociaciones del tratado global de pl\u00e1sticos desde el pasado comit\u00e9 en Nairobi, Kenia (noviembre de 2023), trabajando junto a la C\u00e1mara Internacional de Negocios Clim\u00e1ticos &#8211; CINC (organizaci\u00f3n que opera en los pa\u00edses de la Alianza del Pac\u00edfico y promueve la transici\u00f3n de flujos financieros intensivos en carbono a flujos financieros sostenibles) para colaborar con otras empresas del sector privado en los puntos y la importancia del tratado global de pl\u00e1sticos para la regi\u00f3n.<\/p><div class=\"elmet-contenido\" id=\"elmet-3002100131\"><div class=\"elmet-adlabel\">Anuncios<\/div><div style=\"margin-top: 20px;margin-right: 20px;margin-bottom: 20px;margin-left: 20px;\" id=\"elmet-1771733656\"><a href=\"https:\/\/www.facebook.com\/arrincuanantigua\/\" aria-label=\"cintillo-arrin-cual\"><img loading=\"lazy\" decoding=\"async\" src=\"https:\/\/elmetropolitano.com.gt\/es\/wp-content\/uploads\/2021\/11\/cintillo-arrin-cual-1.jpg\" alt=\"\"  srcset=\"https:\/\/elmetropolitano.com.gt\/es\/wp-content\/uploads\/2021\/11\/cintillo-arrin-cual-1.jpg 750w, https:\/\/elmetropolitano.com.gt\/es\/wp-content\/uploads\/2021\/11\/cintillo-arrin-cual-1-300x36.jpg 300w, https:\/\/elmetropolitano.com.gt\/es\/wp-content\/uploads\/2021\/11\/cintillo-arrin-cual-1-600x72.jpg 600w\" sizes=\"(max-width: 750px) 100vw, 750px\" width=\"750\" height=\"90\"   \/><\/a><\/div><\/div>\n\n\n\n<p>El martes 23 de abril de 2024 dio inicio el cuarto periodo de negociaciones del tratado mencionado, en Ottawa, Canad\u00e1, donde Grupo AJE comparti\u00f3 su visi\u00f3n con empresas y gobiernos de todo el mundo.<\/p>\n\n\n\n<p>\u00abLa gesti\u00f3n de pl\u00e1sticos en Am\u00e9rica Latina enfrenta desaf\u00edos estructurales significativos, como la falta de infraestructura adecuada de gesti\u00f3n de residuos y regulaciones claras sobre el manejo de sustancias qu\u00edmicas.A pesar de los esfuerzos de la industria, la falta de armonizaci\u00f3n regulatoria representa un obst\u00e1culo para la escalabilidad y es un problema relevante en el impacto que tienen los pl\u00e1sticos cuando se ponen en el mercado\u00bb, fueron las palabras de Armando Russi, Jefe de Sostenibilidad, Comunicaciones y Asuntos P\u00fablicos de Grupo AJE Colombia, durante un almuerzo en Ottawa con representantes de 25 gobiernos y m\u00e1s de 20 directivos de empresas globales.<\/p>\n\n\n\n<p>\u201cA nivel de los pa\u00edses de Centroam\u00e9rica, reforzamos el compromiso de seguir trabajando en proyectos ambiciosos para contribuir a neutralizar el impacto de los pl\u00e1sticos trav\u00e9s de acciones concretas en cada pa\u00eds de la regi\u00f3n, as\u00ed como apoyando las normativas que impulsa cada gobierno\u201d, afirm\u00f3 Fernando Matheu, Jefe de Sostenibilidad de Grupo AJE para Centroam\u00e9rica.<\/p>\n\n\n\n<p>Sobre el tratado mundial sobre pl\u00e1sticos<\/p>\n\n\n\n<p>La Coalici\u00f3n Empresarial por un Tratado Mundial sobre los Pl\u00e1sticos inici\u00f3 en 2022, como un esfuerzo de m\u00e1s de 200 organizaciones a nivel global, las cuales se unen en un compromiso sin precedentes hacia la elaboraci\u00f3n de un marco pol\u00edtico coherente y efectivo para abordar la contaminaci\u00f3n por pl\u00e1sticos a escala mundial, reconociendo la urgente necesidad de acciones concertadas para enfrentar este desaf\u00edo ambiental. En estas negociaciones participan ministros de todos los pa\u00edses que forman parte de las Naciones Unidas y l\u00edderes empresariales.<\/p>\n\n\n\n<p>Temas a tratar en el cuarto periodo de negociaci\u00f3n en Ottawa<\/p>\n\n\n\n<p>Existe un acuerdo sin precedentes en toda la cadena de valor del pl\u00e1stico sobre una serie de normas vinculantes a escala mundial, realistas y alcanzables, en las que basar el tratado. Para aplicarlas con \u00e9xito, es necesario aumentar el intercambio de conocimientos, el desarrollo de capacidades y el apoyo financiero. Por lo tanto, las tres \u00e1reas cr\u00edticas a tratar ser\u00e1n:<\/p>\n\n\n\n<p>1.Una obligaci\u00f3n b\u00e1sica para todas las partes del tratado es aplicar restricciones y eliminaciones progresivas de forma coordinada a nivel mundial cuando los productos que contienen pl\u00e1stico obstaculicen el progreso hacia una econom\u00eda circular, planteen riesgos cr\u00edticos para la salud o tengan un alto riesgo de acabar en la naturaleza.<\/p>\n\n\n\n<p>2.Requisitos de dise\u00f1o de los productos: Todas las partes del tratado tienen la obligaci\u00f3n b\u00e1sica de aplicar requisitos obligatorios de dise\u00f1o de productos, dado el alto nivel de alineaci\u00f3n de la industria en este \u00e1mbito, el tratado deber\u00eda establecer requisitos obligatorios de dise\u00f1o para el reciclado espec\u00edfico para cada sector.<\/p>\n\n\n\n<p>3.Responsabilidad extendida del productor: Obligaci\u00f3n fundamental para todas las partes del tratado de aplicar una normativa de Responsabilidad Extendida del Productor (REP) basada en modalidades comunes, como los requisitos m\u00ednimos para que los sistemas de REP espec\u00edficos de cada sector sean gestionados por la industria y con la supervisi\u00f3n del gobierno.<\/p>\n\n\n\n<p><a href=\"https:\/\/www.facebook.com\/hashtag\/ajegrup?__eep__=6&amp;__cft__[0]=AZXWpoqQ0PGuri0cmNaBrGMGJMqWayYAKlWmqa6w8xo-dtJDeuKbw1DZO7ZrfP_mnaqp5ckW3K01u_GU__kVFA-raH5fgQhrs-ANHJfzUp_H5ZsgcMPEA2YP9yDBzLfOa5QPwBRUWGqk7uz8AevYGhXJEhmNG6EuiXy0P5pn-HGAVrAF5127EkSHgX5x-ZbxgvWYgXLSHFNgKU_J6OxmztXV&amp;__tn__=*NK-R\">#ajegrup<\/a><a href=\"https:\/\/www.facebook.com\/hashtag\/medioambiente?__eep__=6&amp;__cft__[0]=AZXWpoqQ0PGuri0cmNaBrGMGJMqWayYAKlWmqa6w8xo-dtJDeuKbw1DZO7ZrfP_mnaqp5ckW3K01u_GU__kVFA-raH5fgQhrs-ANHJfzUp_H5ZsgcMPEA2YP9yDBzLfOa5QPwBRUWGqk7uz8AevYGhXJEhmNG6EuiXy0P5pn-HGAVrAF5127EkSHgX5x-ZbxgvWYgXLSHFNgKU_J6OxmztXV&amp;__tn__=*NK-R\">#MedioAmbiente<\/a><\/p>\n\n\n\n<figure class=\"wp-block-gallery has-nested-images columns-default is-cropped wp-block-gallery-1 is-layout-flex wp-block-gallery-is-layout-flex\">\n<figure class=\"wp-block-image size-large\"><img loading=\"lazy\" decoding=\"async\" width=\"828\" height=\"539\" data-id=\"82012\" src=\"https:\/\/elmetropolitano.com.gt\/es\/wp-content\/uploads\/2024\/04\/439305908_929359402523477_2521528104344183504_n.jpg\" alt=\"\" class=\"wp-image-82012\" srcset=\"https:\/\/elmetropolitano.com.gt\/es\/wp-content\/uploads\/2024\/04\/439305908_929359402523477_2521528104344183504_n.jpg 828w, https:\/\/elmetropolitano.com.gt\/es\/wp-content\/uploads\/2024\/04\/439305908_929359402523477_2521528104344183504_n-300x195.jpg 300w, https:\/\/elmetropolitano.com.gt\/es\/wp-content\/uploads\/2024\/04\/439305908_929359402523477_2521528104344183504_n-768x500.jpg 768w\" sizes=\"auto, (max-width: 828px) 100vw, 828px\" \/><\/figure>\n\n\n\n<figure class=\"wp-block-image size-large\"><img loading=\"lazy\" decoding=\"async\" width=\"850\" height=\"890\" data-id=\"82011\" src=\"https:\/\/elmetropolitano.com.gt\/es\/wp-content\/uploads\/2024\/04\/440109227_929359399190144_6641141620872928598_n.jpg\" alt=\"\" class=\"wp-image-82011\" srcset=\"https:\/\/elmetropolitano.com.gt\/es\/wp-content\/uploads\/2024\/04\/440109227_929359399190144_6641141620872928598_n.jpg 850w, https:\/\/elmetropolitano.com.gt\/es\/wp-content\/uploads\/2024\/04\/440109227_929359399190144_6641141620872928598_n-287x300.jpg 287w, https:\/\/elmetropolitano.com.gt\/es\/wp-content\/uploads\/2024\/04\/440109227_929359399190144_6641141620872928598_n-768x804.jpg 768w\" sizes=\"auto, (max-width: 850px) 100vw, 850px\" \/><\/figure>\n<\/figure>\n","protected":false},"excerpt":{"rendered":"<p>Ejecutivos del Grupo AJE informaron ayer que son la primera empresa a nivel de Latinoam\u00e9rica que se une a la Coalici\u00f3n Empresarial por un Tratado Global de Pl\u00e1sticos (Business Coalition For a Global Plastics Treaty), una alianza empresarial creada por WWF y la Fundaci\u00f3n Ellen MacArthur que re\u00fane a m\u00e1s de 200 empresas globales e <a class=\"read-more\" href=\"https:\/\/elmetropolitano.com.gt\/es\/aje-es-la-primera-empresa-de-latinoamerica-que-se-une-a-la-coalicion-empresarial-por-un-tratado-global-de-plasticos\/\">Leer m\u00e1s<\/a><\/p>\n","protected":false},"author":1,"featured_media":82010,"comment_status":"open","ping_status":"closed","sticky":false,"template":"","format":"standard","meta":{"footnotes":""},"categories":[31],"tags":[32],"class_list":["post-82009","post","type-post","status-publish","format-standard","has-post-thumbnail","hentry","category-metroimpulso","tag-metroimpulso"],"_links":{"self":[{"href":"https:\/\/elmetropolitano.com.gt\/es\/wp-json\/wp\/v2\/posts\/82009","targetHints":{"allow":["GET"]}}],"collection":[{"href":"https:\/\/elmetropolitano.com.gt\/es\/wp-json\/wp\/v2\/posts"}],"about":[{"href":"https:\/\/elmetropolitano.com.gt\/es\/wp-json\/wp\/v2\/types\/post"}],"author":[{"embeddable":true,"href":"https:\/\/elmetropolitano.com.gt\/es\/wp-json\/wp\/v2\/users\/1"}],"replies":[{"embeddable":true,"href":"https:\/\/elmetropolitano.com.gt\/es\/wp-json\/wp\/v2\/comments?post=82009"}],"version-history":[{"count":1,"href":"https:\/\/elmetropolitano.com.gt\/es\/wp-json\/wp\/v2\/posts\/82009\/revisions"}],"predecessor-version":[{"id":82013,"href":"https:\/\/elmetropolitano.com.gt\/es\/wp-json\/wp\/v2\/posts\/82009\/revisions\/82013"}],"wp:featuredmedia":[{"embeddable":true,"href":"https:\/\/elmetropolitano.com.gt\/es\/wp-json\/wp\/v2\/media\/82010"}],"wp:attachment":[{"href":"https:\/\/elmetropolitano.com.gt\/es\/wp-json\/wp\/v2\/media?parent=82009"}],"wp:term":[{"taxonomy":"category","embeddable":true,"href":"https:\/\/elmetropolitano.com.gt\/es\/wp-json\/wp\/v2\/categories?post=82009"},{"taxonomy":"post_tag","embeddable":true,"href":"https:\/\/elmetropolitano.com.gt\/es\/wp-json\/wp\/v2\/tags?post=82009"}],"curies":[{"name":"wp","href":"https:\/\/api.w.org\/{rel}","templated":true}]}}