{"id":82158,"date":"2024-04-30T07:31:06","date_gmt":"2024-04-30T13:31:06","guid":{"rendered":"https:\/\/elmetropolitano.com.gt\/es\/?p=82158"},"modified":"2024-04-30T07:31:11","modified_gmt":"2024-04-30T13:31:11","slug":"astrazeneca-admite-que-su-vacuna-contra-el-covid-puede-causar-un-efecto-secundario-raro-y-potencialmente-letal","status":"publish","type":"post","link":"https:\/\/elmetropolitano.com.gt\/es\/astrazeneca-admite-que-su-vacuna-contra-el-covid-puede-causar-un-efecto-secundario-raro-y-potencialmente-letal\/","title":{"rendered":"AstraZeneca admite que su vacuna contra el Covid puede causar un efecto secundario raro y potencialmente letal"},"content":{"rendered":"\n<p><strong>Se trata de una dolencia que hace que las personas tengan co\u00e1gulos en los vasos sangu\u00edneos de diferentes partes del cuerpo y presenten un recuento bajo de plaquetas.<\/strong><\/p>\n\n\n\n<p>La farmac\u00e9utica AstraZeneca admiti\u00f3 que su vacuna contra el coronavirus puede&nbsp;provocar un inusual efecto secundario relacionado con&nbsp;<strong>una&nbsp;irregularidad en la coagulaci\u00f3n de la sangre<\/strong>,&nbsp;<a href=\"https:\/\/www.telegraph.co.uk\/news\/2024\/04\/28\/astrazeneca-admits-covid-vaccine-causes-rare-side-effect\/\" target=\"_blank\" rel=\"noreferrer noopener\">inform\u00f3<\/a>&nbsp;este domingo The Telegraph, citando un documento judicial.<\/p><div class=\"elmet-contenido\" id=\"elmet-4281237609\"><div class=\"elmet-adlabel\">Anuncios<\/div><div style=\"margin-top: 20px;margin-right: 20px;margin-bottom: 20px;margin-left: 20px;\" id=\"elmet-88227497\"><a href=\"https:\/\/www.facebook.com\/arrincuanantigua\/\" aria-label=\"cintillo-arrin-cual\"><img loading=\"lazy\" decoding=\"async\" src=\"https:\/\/elmetropolitano.com.gt\/es\/wp-content\/uploads\/2021\/11\/cintillo-arrin-cual-1.jpg\" alt=\"\"  srcset=\"https:\/\/elmetropolitano.com.gt\/es\/wp-content\/uploads\/2021\/11\/cintillo-arrin-cual-1.jpg 750w, https:\/\/elmetropolitano.com.gt\/es\/wp-content\/uploads\/2021\/11\/cintillo-arrin-cual-1-300x36.jpg 300w, https:\/\/elmetropolitano.com.gt\/es\/wp-content\/uploads\/2021\/11\/cintillo-arrin-cual-1-600x72.jpg 600w\" sizes=\"(max-width: 750px) 100vw, 750px\" width=\"750\" height=\"90\"   \/><\/a><\/div><\/div>\n\n\n\n<p>Se trata del s\u00edndrome de trombosis con trombocitopenia (TTS, por sus siglas en ingles), que&nbsp;<a href=\"https:\/\/www.healthdirect.gov.au\/thrombosis-with-thrombocytopenia-syndrome-tts\" target=\"_blank\" rel=\"noreferrer noopener\">ocasiona<\/a>&nbsp;que las personas presenten&nbsp;<strong>co\u00e1gulos en los vasos sangu\u00edneos del cerebro u otras partes del cuerpo, junto con un recuento bajo de plaquetas<\/strong>. Esta mortal afecci\u00f3n tambi\u00e9n es conocida como &#8216;trombocitopenia tromb\u00f3tica inmunitaria inducida por vacunas&#8217; (VITT, por sus siglas en ingl\u00e9s).<\/p>\n\n\n\n<p>El TTS se observ\u00f3 en algunas personas que recibieron la vacuna de AstraZeneca, desarrollada en colaboraci\u00f3n con la Universidad de Oxford para hacer frente al covid-19. En el Reino Unido, la Uni\u00f3n Europea y los pa\u00edses escandinavos se\u00a0<a href=\"https:\/\/www.covid19infovaccines.com\/es-posts\/que-es-el-sindrome-de-trombosis-con-trombocitopenia-tts-inducida-por-la-vacunacion\" target=\"_blank\" rel=\"noreferrer noopener\">reportaron<\/a>\u00a0extra\u00f1os casos de trombosis del seno venoso cerebral, as\u00ed como trombocitopenia, en pacientes a los que se les administr\u00f3 esa vacuna.<\/p>\n\n\n\n<h3 class=\"wp-block-heading\"><strong>Reconociendo el extra\u00f1o efecto secundario<\/strong><\/h3>\n\n\n\n<p>En un documento judicial, que fue presentado el pasado mes de febrero ante el Tribunal Superior de Justicia de Londres, AstraZeneca reconoci\u00f3 que su vacuna&nbsp;<strong>\u00abpuede, en casos muy raros, causar TTS\u00bb<\/strong>. Sin embargo,&nbsp;dijo que desconoc\u00eda el mecanismo biol\u00f3gico que causa el s\u00edndrome.<\/p>\n\n\n\n<p>De acuerdo con The Telegraph, el reconocimiento del efecto secundario se produce cuando la compa\u00f1\u00eda brit\u00e1nica enfrenta una serie de demandas por lesiones y muertes vinculadas&nbsp;con la aplicaci\u00f3n de su vacuna. Hasta el momento se han presentado 51&nbsp;libelos contra AstraZeneca, en&nbsp;los que las v\u00edctimas&nbsp;o sus familiares piden&nbsp; indemnizaciones de hasta 126 millones de d\u00f3lares.<\/p>\n\n\n\n<p>Jamie Scott, uno de los demandantes, argument\u00f3 que sufri\u00f3 una lesi\u00f3n cerebral permanente como resultado de un co\u00e1gulo en la sangre, luego de recibir la vacuna en abril de 2021. En mayo del a\u00f1o pasado, los abogados de Scott recibieron una carta de AstraZeneca en&nbsp;la que el laboratorio negaba que \u00abel TTS sea causado por la vacuna a nivel gen\u00e9rico\u00bb. A su vez,&nbsp;la parte acusadora asever\u00f3 que la vacuna de la farmac\u00e9utica brit\u00e1nica es&nbsp;<strong>\u00abdefectuosa\u00bb<\/strong>&nbsp;y que su eficacia ha sido&nbsp;<strong>\u00abmuy exagerada\u00bb<\/strong>.<\/p>\n\n\n\n<h3 class=\"wp-block-heading\"><strong>Apoyo a las v\u00edctimas de la vacuna<\/strong><\/h3>\n\n\n\n<p>AstraZeneca afirm\u00f3 en un comunicado,&nbsp;<a href=\"https:\/\/nypost.com\/2024\/04\/29\/world-news\/astrazeneca-cops-to-rare-deadly-side-effect-of-covid-jab-as-lawsuits-mount\/\" target=\"_blank\" rel=\"noreferrer noopener\">citado<\/a>&nbsp;por New York Post, que apoya a cualquier persona que haya resultado afectada por su vacuna, aunque defendi\u00f3 su eficacia. Tambi\u00e9n aleg\u00f3 que&nbsp;<strong>las complicaciones secundarias causadas por la aplicaci\u00f3n de la vacuna&nbsp;son inusuales<\/strong>. Actualmente,&nbsp;el medicamento en cuesti\u00f3n ya no se aplica en Reino Unido ni en Australia.<\/p>\n\n\n\n<p>Se\u00a0<a href=\"https:\/\/www.dailymail.co.uk\/health\/article-13361271\/AstraZeneca-admits-Covid-vaccine-cause-rare-blood-clotting-effect-legal-fight-victims-defective-jab.html\" target=\"_blank\" rel=\"noreferrer noopener\">estima<\/a>\u00a0que las probabilidades de que una persona desarrolle TTS despu\u00e9s de recibir la vacuna de AstraZeneca es de una entre 50.000. Por otro lado, la Universidad de Oxford argument\u00f3 que la vacuna salv\u00f3\u00a0a cerca de\u00a0seis millones de personas durante la pandemia.<\/p>\n\n\n\n<p>Rt Noticias<\/p>\n\n\n\n<p>#metroredes  www.elmetropolitano.com.gt <\/p>\n","protected":false},"excerpt":{"rendered":"<p>Se trata de una dolencia que hace que las personas tengan co\u00e1gulos en los vasos sangu\u00edneos de diferentes partes del cuerpo y presenten un recuento bajo de plaquetas. La farmac\u00e9utica AstraZeneca admiti\u00f3 que su vacuna contra el coronavirus puede&nbsp;provocar un inusual efecto secundario relacionado con&nbsp;una&nbsp;irregularidad en la coagulaci\u00f3n de la sangre,&nbsp;inform\u00f3&nbsp;este domingo The Telegraph, citando <a class=\"read-more\" href=\"https:\/\/elmetropolitano.com.gt\/es\/astrazeneca-admite-que-su-vacuna-contra-el-covid-puede-causar-un-efecto-secundario-raro-y-potencialmente-letal\/\">Leer m\u00e1s<\/a><\/p>\n","protected":false},"author":1,"featured_media":82159,"comment_status":"open","ping_status":"closed","sticky":false,"template":"","format":"standard","meta":{"footnotes":""},"categories":[14],"tags":[15],"class_list":["post-82158","post","type-post","status-publish","format-standard","has-post-thumbnail","hentry","category-internacionales","tag-internacionales"],"_links":{"self":[{"href":"https:\/\/elmetropolitano.com.gt\/es\/wp-json\/wp\/v2\/posts\/82158","targetHints":{"allow":["GET"]}}],"collection":[{"href":"https:\/\/elmetropolitano.com.gt\/es\/wp-json\/wp\/v2\/posts"}],"about":[{"href":"https:\/\/elmetropolitano.com.gt\/es\/wp-json\/wp\/v2\/types\/post"}],"author":[{"embeddable":true,"href":"https:\/\/elmetropolitano.com.gt\/es\/wp-json\/wp\/v2\/users\/1"}],"replies":[{"embeddable":true,"href":"https:\/\/elmetropolitano.com.gt\/es\/wp-json\/wp\/v2\/comments?post=82158"}],"version-history":[{"count":1,"href":"https:\/\/elmetropolitano.com.gt\/es\/wp-json\/wp\/v2\/posts\/82158\/revisions"}],"predecessor-version":[{"id":82160,"href":"https:\/\/elmetropolitano.com.gt\/es\/wp-json\/wp\/v2\/posts\/82158\/revisions\/82160"}],"wp:featuredmedia":[{"embeddable":true,"href":"https:\/\/elmetropolitano.com.gt\/es\/wp-json\/wp\/v2\/media\/82159"}],"wp:attachment":[{"href":"https:\/\/elmetropolitano.com.gt\/es\/wp-json\/wp\/v2\/media?parent=82158"}],"wp:term":[{"taxonomy":"category","embeddable":true,"href":"https:\/\/elmetropolitano.com.gt\/es\/wp-json\/wp\/v2\/categories?post=82158"},{"taxonomy":"post_tag","embeddable":true,"href":"https:\/\/elmetropolitano.com.gt\/es\/wp-json\/wp\/v2\/tags?post=82158"}],"curies":[{"name":"wp","href":"https:\/\/api.w.org\/{rel}","templated":true}]}}