{"id":82200,"date":"2024-05-01T11:03:21","date_gmt":"2024-05-01T17:03:21","guid":{"rendered":"https:\/\/elmetropolitano.com.gt\/es\/?p=82200"},"modified":"2024-05-01T11:03:23","modified_gmt":"2024-05-01T17:03:23","slug":"nino-asesinado-por-bala-perdida-tras-ataque-en-gasolinera-ruta-a-pavon","status":"publish","type":"post","link":"https:\/\/elmetropolitano.com.gt\/es\/nino-asesinado-por-bala-perdida-tras-ataque-en-gasolinera-ruta-a-pavon\/","title":{"rendered":"Ni\u00f1o asesinado por bala perdida tras ataque en gasolinera ruta a Pav\u00f3n"},"content":{"rendered":"\n<p>Ataque armado se produjo en el kil\u00f3metro 18 de Ruta a Pav\u00f3n, Fraijanes en una gasolinera Shell en contra de los ocupantes de un veh\u00edculo<\/p>\n\n\n\n<p>Un Ni\u00f1o de 3 a\u00f1os fallecido al ser alcanzado por las balas cuando estaba de compras con su familia en el interior del supermercado Express de la Torre<\/p><div class=\"elmet-contenido\" id=\"elmet-1270239370\"><div class=\"elmet-adlabel\">Anuncios<\/div><div style=\"margin-top: 20px;margin-right: 20px;margin-bottom: 20px;margin-left: 20px;\" id=\"elmet-2792508401\"><a href=\"https:\/\/www.facebook.com\/arrincuanantigua\/\" aria-label=\"cintillo-arrin-cual\"><img loading=\"lazy\" decoding=\"async\" src=\"https:\/\/elmetropolitano.com.gt\/es\/wp-content\/uploads\/2021\/11\/cintillo-arrin-cual-1.jpg\" alt=\"\"  srcset=\"https:\/\/elmetropolitano.com.gt\/es\/wp-content\/uploads\/2021\/11\/cintillo-arrin-cual-1.jpg 750w, https:\/\/elmetropolitano.com.gt\/es\/wp-content\/uploads\/2021\/11\/cintillo-arrin-cual-1-300x36.jpg 300w, https:\/\/elmetropolitano.com.gt\/es\/wp-content\/uploads\/2021\/11\/cintillo-arrin-cual-1-600x72.jpg 600w\" sizes=\"(max-width: 750px) 100vw, 750px\" width=\"750\" height=\"90\"   \/><\/a><\/div><\/div>\n\n\n\n<p>Seg\u00fan los bomberos voluntarios que atendieron la emergencia dos adultos heridos trasladados a la emergencia v\u00eda del Hospital Roosevelt.<\/p>\n\n\n\n<p>A trascendido que en el veh\u00edculo atacado se conduc\u00edan una persona que hab\u00eda recobrado su libertad<\/p>\n\n\n\n<p>#Violencia #Fraijanes #metroredes www.metroredes.com www.elescuintleco.com <\/p>\n\n\n\n<figure class=\"wp-block-gallery has-nested-images columns-default is-cropped wp-block-gallery-1 is-layout-flex wp-block-gallery-is-layout-flex\">\n<figure class=\"wp-block-image size-large\"><img loading=\"lazy\" decoding=\"async\" width=\"844\" height=\"1024\" data-id=\"82202\" src=\"https:\/\/elmetropolitano.com.gt\/es\/wp-content\/uploads\/2024\/05\/438086299_932255965567154_2515177069565049491_n-844x1024.jpg\" alt=\"\" class=\"wp-image-82202\" srcset=\"https:\/\/elmetropolitano.com.gt\/es\/wp-content\/uploads\/2024\/05\/438086299_932255965567154_2515177069565049491_n-844x1024.jpg 844w, https:\/\/elmetropolitano.com.gt\/es\/wp-content\/uploads\/2024\/05\/438086299_932255965567154_2515177069565049491_n-247x300.jpg 247w, https:\/\/elmetropolitano.com.gt\/es\/wp-content\/uploads\/2024\/05\/438086299_932255965567154_2515177069565049491_n-768x932.jpg 768w, https:\/\/elmetropolitano.com.gt\/es\/wp-content\/uploads\/2024\/05\/438086299_932255965567154_2515177069565049491_n.jpg 1138w\" sizes=\"auto, (max-width: 844px) 100vw, 844px\" \/><\/figure>\n\n\n\n<figure class=\"wp-block-image size-large\"><img loading=\"lazy\" decoding=\"async\" width=\"532\" height=\"589\" data-id=\"82203\" src=\"https:\/\/elmetropolitano.com.gt\/es\/wp-content\/uploads\/2024\/05\/438165410_932255618900522_919638451355534184_n.jpg\" alt=\"\" class=\"wp-image-82203\" srcset=\"https:\/\/elmetropolitano.com.gt\/es\/wp-content\/uploads\/2024\/05\/438165410_932255618900522_919638451355534184_n.jpg 532w, https:\/\/elmetropolitano.com.gt\/es\/wp-content\/uploads\/2024\/05\/438165410_932255618900522_919638451355534184_n-271x300.jpg 271w\" sizes=\"auto, (max-width: 532px) 100vw, 532px\" \/><\/figure>\n\n\n\n<figure class=\"wp-block-image size-large\"><img loading=\"lazy\" decoding=\"async\" width=\"1024\" height=\"768\" data-id=\"82204\" src=\"https:\/\/elmetropolitano.com.gt\/es\/wp-content\/uploads\/2024\/05\/439831667_932255875567163_2142603245542235080_n-1024x768.jpg\" alt=\"\" class=\"wp-image-82204\" srcset=\"https:\/\/elmetropolitano.com.gt\/es\/wp-content\/uploads\/2024\/05\/439831667_932255875567163_2142603245542235080_n-1024x768.jpg 1024w, https:\/\/elmetropolitano.com.gt\/es\/wp-content\/uploads\/2024\/05\/439831667_932255875567163_2142603245542235080_n-300x225.jpg 300w, https:\/\/elmetropolitano.com.gt\/es\/wp-content\/uploads\/2024\/05\/439831667_932255875567163_2142603245542235080_n-768x576.jpg 768w, https:\/\/elmetropolitano.com.gt\/es\/wp-content\/uploads\/2024\/05\/439831667_932255875567163_2142603245542235080_n-1536x1152.jpg 1536w, https:\/\/elmetropolitano.com.gt\/es\/wp-content\/uploads\/2024\/05\/439831667_932255875567163_2142603245542235080_n.jpg 1600w\" sizes=\"auto, (max-width: 1024px) 100vw, 1024px\" \/><\/figure>\n<\/figure>\n","protected":false},"excerpt":{"rendered":"<p>Ataque armado se produjo en el kil\u00f3metro 18 de Ruta a Pav\u00f3n, Fraijanes en una gasolinera Shell en contra de los ocupantes de un veh\u00edculo Un Ni\u00f1o de 3 a\u00f1os fallecido al ser alcanzado por las balas cuando estaba de compras con su familia en el interior del supermercado Express de la Torre Seg\u00fan los <a class=\"read-more\" href=\"https:\/\/elmetropolitano.com.gt\/es\/nino-asesinado-por-bala-perdida-tras-ataque-en-gasolinera-ruta-a-pavon\/\">Leer m\u00e1s<\/a><\/p>\n","protected":false},"author":1,"featured_media":82201,"comment_status":"open","ping_status":"closed","sticky":false,"template":"","format":"standard","meta":{"footnotes":""},"categories":[89],"tags":[88],"class_list":["post-82200","post","type-post","status-publish","format-standard","has-post-thumbnail","hentry","category-metrosucesos","tag-metrosucesos"],"_links":{"self":[{"href":"https:\/\/elmetropolitano.com.gt\/es\/wp-json\/wp\/v2\/posts\/82200","targetHints":{"allow":["GET"]}}],"collection":[{"href":"https:\/\/elmetropolitano.com.gt\/es\/wp-json\/wp\/v2\/posts"}],"about":[{"href":"https:\/\/elmetropolitano.com.gt\/es\/wp-json\/wp\/v2\/types\/post"}],"author":[{"embeddable":true,"href":"https:\/\/elmetropolitano.com.gt\/es\/wp-json\/wp\/v2\/users\/1"}],"replies":[{"embeddable":true,"href":"https:\/\/elmetropolitano.com.gt\/es\/wp-json\/wp\/v2\/comments?post=82200"}],"version-history":[{"count":1,"href":"https:\/\/elmetropolitano.com.gt\/es\/wp-json\/wp\/v2\/posts\/82200\/revisions"}],"predecessor-version":[{"id":82205,"href":"https:\/\/elmetropolitano.com.gt\/es\/wp-json\/wp\/v2\/posts\/82200\/revisions\/82205"}],"wp:featuredmedia":[{"embeddable":true,"href":"https:\/\/elmetropolitano.com.gt\/es\/wp-json\/wp\/v2\/media\/82201"}],"wp:attachment":[{"href":"https:\/\/elmetropolitano.com.gt\/es\/wp-json\/wp\/v2\/media?parent=82200"}],"wp:term":[{"taxonomy":"category","embeddable":true,"href":"https:\/\/elmetropolitano.com.gt\/es\/wp-json\/wp\/v2\/categories?post=82200"},{"taxonomy":"post_tag","embeddable":true,"href":"https:\/\/elmetropolitano.com.gt\/es\/wp-json\/wp\/v2\/tags?post=82200"}],"curies":[{"name":"wp","href":"https:\/\/api.w.org\/{rel}","templated":true}]}}