{"id":82368,"date":"2024-05-04T15:15:48","date_gmt":"2024-05-04T21:15:48","guid":{"rendered":"https:\/\/elmetropolitano.com.gt\/es\/?p=82368"},"modified":"2024-05-04T15:15:49","modified_gmt":"2024-05-04T21:15:49","slug":"bendicen-semillas-en-chimaltenango-para-la-siembra-2024","status":"publish","type":"post","link":"https:\/\/elmetropolitano.com.gt\/es\/bendicen-semillas-en-chimaltenango-para-la-siembra-2024\/","title":{"rendered":"Bendicen semillas en Chimaltenango para la siembra 2024"},"content":{"rendered":"\n<p>Como parte de la Iniciativa Intersectorial para Combatir la Pobreza y Malnutrici\u00f3n Mano a Mano, el d\u00eda de ayer se llev\u00f3 a cabo la ceremonia de bendici\u00f3n de las semillas en la comunidad Parajbey, Santa Apolonia, Chimaltenango.<\/p>\n\n\n\n<p>El Ministerio de Agricultura, Ganader\u00eda y Alimentaci\u00f3n (MAGA) indic\u00f3:<\/p><div class=\"elmet-contenido\" id=\"elmet-2879905177\"><div class=\"elmet-adlabel\">Anuncios<\/div><div style=\"margin-top: 20px;margin-right: 20px;margin-bottom: 20px;margin-left: 20px;\" id=\"elmet-3482253705\"><a href=\"https:\/\/www.facebook.com\/arrincuanantigua\/\" aria-label=\"cintillo-arrin-cual\"><img loading=\"lazy\" decoding=\"async\" src=\"https:\/\/elmetropolitano.com.gt\/es\/wp-content\/uploads\/2021\/11\/cintillo-arrin-cual-1.jpg\" alt=\"\"  srcset=\"https:\/\/elmetropolitano.com.gt\/es\/wp-content\/uploads\/2021\/11\/cintillo-arrin-cual-1.jpg 750w, https:\/\/elmetropolitano.com.gt\/es\/wp-content\/uploads\/2021\/11\/cintillo-arrin-cual-1-300x36.jpg 300w, https:\/\/elmetropolitano.com.gt\/es\/wp-content\/uploads\/2021\/11\/cintillo-arrin-cual-1-600x72.jpg 600w\" sizes=\"(max-width: 750px) 100vw, 750px\" width=\"750\" height=\"90\"   \/><\/a><\/div><\/div>\n\n\n\n<p>El <a><\/a>objetivo fue pedir y agradecer a la Madre Tierra por las siembras y por una buena cosecha, esta es una de las celebraciones m\u00e1s importantes de las comunidades ind\u00edgenas.<\/p>\n\n\n\n<p>En el acto participaron la viceministra de Seguridad Alimentaria y Nutricional, Klemen Gamboa, autoridades ancestrales, locales e invitados especiales.<\/p>\n\n\n\n<p>Sobre la bendici\u00f3n<\/p>\n\n\n\n<p>La ceremonia de bendici\u00f3n de las semillas es una tradici\u00f3n espiritual realizada con el prop\u00f3sito de pedir por las nuevas cosechas.<\/p>\n\n\n\n<p>Esta fue efectuada en la aldea Parajbey, Santa Apolonia, Chimaltenango, acto celebrado en el marco de la Iniciativa Intersectorial para la Reducci\u00f3n de la Malnutrici\u00f3n y Combate a la Pobreza Mano a Mano.<\/p>\n\n\n\n<p>La viceministra Gamboa indic\u00f3 que, por primera vez en muchos a\u00f1os, se entrega la semilla a los agricultores a tiempo, para que puedan sembrar en la primera temporada comprendida de abril a junio.<\/p>\n\n\n\n<p>Primeras entregas<\/p>\n\n\n\n<p>El MAGA tiene programadas otras entregas en los municipios de Chimaltenango:<\/p>\n\n\n\n<p>San Jos\u00e9 Poaquil<\/p>\n\n\n\n<p>San Mart\u00edn Jilotepeque<\/p>\n\n\n\n<p>San Juan Comalapa<\/p>\n\n\n\n<p>Santa Cruz Balany\u00e1<\/p>\n\n\n\n<p>Zaragoza<\/p>\n\n\n\n<p>En estos lugares, cada productor recibir\u00e1 una bolsa con 15 libras de semilla certificada para sembrar media manzana de terreno.<\/p>\n\n\n\n<p>En esta primera entrega de semillas en la aldea Parajbey, Santa Apolonia, agricultores s beneficiados agradecieron al MAGA por la entrega de semilla certificada.<\/p>\n\n\n\n<p>Con este apoyo, los agricultores podr\u00e1n asegurar sus cosechas por primera vez a tiempo y mejorar la seguridad alimentaria de sus familias y comunidades.<\/p>\n\n\n\n<p>Corredor Seco<\/p>\n\n\n\n<p>Tambi\u00e9n en Santa Apolonia, el MAGA entreg\u00f3 a 770 familias de la localidad, semillas certificadas de ma\u00edz y frijol. Esto, como parte de la primera etapa de entrega que el Ministerio de Agricultura llevar\u00e1 a cabo en 76 municipios, de 14 departamentos del pa\u00eds.<\/p>\n\n\n\n<p>La prioridad es el corredor seco y las \u00e1reas que anteriormente no hab\u00edan sido atendidas.<\/p>\n\n\n\n<p>Texto: Brenda Larios<\/p>\n\n\n\n<figure class=\"wp-block-gallery has-nested-images columns-default is-cropped wp-block-gallery-1 is-layout-flex wp-block-gallery-is-layout-flex\">\n<figure class=\"wp-block-image size-large\"><img loading=\"lazy\" decoding=\"async\" width=\"1024\" height=\"512\" data-id=\"82370\" src=\"https:\/\/elmetropolitano.com.gt\/es\/wp-content\/uploads\/2024\/05\/438097764_934831905309560_6012463773802966736_n-1024x512.jpg\" alt=\"\" class=\"wp-image-82370\" srcset=\"https:\/\/elmetropolitano.com.gt\/es\/wp-content\/uploads\/2024\/05\/438097764_934831905309560_6012463773802966736_n-1024x512.jpg 1024w, https:\/\/elmetropolitano.com.gt\/es\/wp-content\/uploads\/2024\/05\/438097764_934831905309560_6012463773802966736_n-300x150.jpg 300w, https:\/\/elmetropolitano.com.gt\/es\/wp-content\/uploads\/2024\/05\/438097764_934831905309560_6012463773802966736_n-768x384.jpg 768w, https:\/\/elmetropolitano.com.gt\/es\/wp-content\/uploads\/2024\/05\/438097764_934831905309560_6012463773802966736_n.jpg 1140w\" sizes=\"auto, (max-width: 1024px) 100vw, 1024px\" \/><\/figure>\n\n\n\n<figure class=\"wp-block-image size-large\"><img loading=\"lazy\" decoding=\"async\" width=\"680\" height=\"453\" data-id=\"82373\" src=\"https:\/\/elmetropolitano.com.gt\/es\/wp-content\/uploads\/2024\/05\/440126571_934831711976246_2315824276004644319_n.jpg\" alt=\"\" class=\"wp-image-82373\" srcset=\"https:\/\/elmetropolitano.com.gt\/es\/wp-content\/uploads\/2024\/05\/440126571_934831711976246_2315824276004644319_n.jpg 680w, https:\/\/elmetropolitano.com.gt\/es\/wp-content\/uploads\/2024\/05\/440126571_934831711976246_2315824276004644319_n-300x200.jpg 300w\" sizes=\"auto, (max-width: 680px) 100vw, 680px\" \/><\/figure>\n\n\n\n<figure class=\"wp-block-image size-large\"><img loading=\"lazy\" decoding=\"async\" width=\"458\" height=\"305\" data-id=\"82374\" src=\"https:\/\/elmetropolitano.com.gt\/es\/wp-content\/uploads\/2024\/05\/440161729_934831755309575_4387708838204526835_n.jpg\" alt=\"\" class=\"wp-image-82374\" srcset=\"https:\/\/elmetropolitano.com.gt\/es\/wp-content\/uploads\/2024\/05\/440161729_934831755309575_4387708838204526835_n.jpg 458w, https:\/\/elmetropolitano.com.gt\/es\/wp-content\/uploads\/2024\/05\/440161729_934831755309575_4387708838204526835_n-300x200.jpg 300w\" sizes=\"auto, (max-width: 458px) 100vw, 458px\" \/><\/figure>\n\n\n\n<figure class=\"wp-block-image size-large\"><img loading=\"lazy\" decoding=\"async\" width=\"458\" height=\"305\" data-id=\"82372\" src=\"https:\/\/elmetropolitano.com.gt\/es\/wp-content\/uploads\/2024\/05\/440234299_934831765309574_683704940049174511_n.jpg\" alt=\"\" class=\"wp-image-82372\" srcset=\"https:\/\/elmetropolitano.com.gt\/es\/wp-content\/uploads\/2024\/05\/440234299_934831765309574_683704940049174511_n.jpg 458w, https:\/\/elmetropolitano.com.gt\/es\/wp-content\/uploads\/2024\/05\/440234299_934831765309574_683704940049174511_n-300x200.jpg 300w\" sizes=\"auto, (max-width: 458px) 100vw, 458px\" \/><\/figure>\n\n\n\n<figure class=\"wp-block-image size-large\"><img loading=\"lazy\" decoding=\"async\" width=\"680\" height=\"453\" data-id=\"82371\" src=\"https:\/\/elmetropolitano.com.gt\/es\/wp-content\/uploads\/2024\/05\/440383519_934831721976245_6787735449240384667_n.jpg\" alt=\"\" class=\"wp-image-82371\" srcset=\"https:\/\/elmetropolitano.com.gt\/es\/wp-content\/uploads\/2024\/05\/440383519_934831721976245_6787735449240384667_n.jpg 680w, https:\/\/elmetropolitano.com.gt\/es\/wp-content\/uploads\/2024\/05\/440383519_934831721976245_6787735449240384667_n-300x200.jpg 300w\" sizes=\"auto, (max-width: 680px) 100vw, 680px\" \/><\/figure>\n<\/figure>\n","protected":false},"excerpt":{"rendered":"<p>Como parte de la Iniciativa Intersectorial para Combatir la Pobreza y Malnutrici\u00f3n Mano a Mano, el d\u00eda de ayer se llev\u00f3 a cabo la ceremonia de bendici\u00f3n de las semillas en la comunidad Parajbey, Santa Apolonia, Chimaltenango. El Ministerio de Agricultura, Ganader\u00eda y Alimentaci\u00f3n (MAGA) indic\u00f3: El objetivo fue pedir y agradecer a la Madre <a class=\"read-more\" href=\"https:\/\/elmetropolitano.com.gt\/es\/bendicen-semillas-en-chimaltenango-para-la-siembra-2024\/\">Leer m\u00e1s<\/a><\/p>\n","protected":false},"author":1,"featured_media":82369,"comment_status":"open","ping_status":"closed","sticky":false,"template":"","format":"standard","meta":{"footnotes":""},"categories":[4],"tags":[13],"class_list":["post-82368","post","type-post","status-publish","format-standard","has-post-thumbnail","hentry","category-departamentales","tag-departamentales"],"_links":{"self":[{"href":"https:\/\/elmetropolitano.com.gt\/es\/wp-json\/wp\/v2\/posts\/82368","targetHints":{"allow":["GET"]}}],"collection":[{"href":"https:\/\/elmetropolitano.com.gt\/es\/wp-json\/wp\/v2\/posts"}],"about":[{"href":"https:\/\/elmetropolitano.com.gt\/es\/wp-json\/wp\/v2\/types\/post"}],"author":[{"embeddable":true,"href":"https:\/\/elmetropolitano.com.gt\/es\/wp-json\/wp\/v2\/users\/1"}],"replies":[{"embeddable":true,"href":"https:\/\/elmetropolitano.com.gt\/es\/wp-json\/wp\/v2\/comments?post=82368"}],"version-history":[{"count":1,"href":"https:\/\/elmetropolitano.com.gt\/es\/wp-json\/wp\/v2\/posts\/82368\/revisions"}],"predecessor-version":[{"id":82375,"href":"https:\/\/elmetropolitano.com.gt\/es\/wp-json\/wp\/v2\/posts\/82368\/revisions\/82375"}],"wp:featuredmedia":[{"embeddable":true,"href":"https:\/\/elmetropolitano.com.gt\/es\/wp-json\/wp\/v2\/media\/82369"}],"wp:attachment":[{"href":"https:\/\/elmetropolitano.com.gt\/es\/wp-json\/wp\/v2\/media?parent=82368"}],"wp:term":[{"taxonomy":"category","embeddable":true,"href":"https:\/\/elmetropolitano.com.gt\/es\/wp-json\/wp\/v2\/categories?post=82368"},{"taxonomy":"post_tag","embeddable":true,"href":"https:\/\/elmetropolitano.com.gt\/es\/wp-json\/wp\/v2\/tags?post=82368"}],"curies":[{"name":"wp","href":"https:\/\/api.w.org\/{rel}","templated":true}]}}