{"id":82405,"date":"2024-05-05T16:03:39","date_gmt":"2024-05-05T22:03:39","guid":{"rendered":"https:\/\/elmetropolitano.com.gt\/es\/?p=82405"},"modified":"2024-05-05T16:03:40","modified_gmt":"2024-05-05T22:03:40","slug":"ministra-de-comunicaciones-da-seguimiento-a-proyectos-de-izabal","status":"publish","type":"post","link":"https:\/\/elmetropolitano.com.gt\/es\/ministra-de-comunicaciones-da-seguimiento-a-proyectos-de-izabal\/","title":{"rendered":"Ministra de comunicaciones da seguimiento a proyectos de Izabal"},"content":{"rendered":"\n<p>La ministra de Comunicaciones, Infraestructura y Vivienda, Jazm\u00edn de la Vega, junto a alcaldes y diputados llev\u00f3 a cabo una gira de trabajo por el departamento de Izabal.<\/p>\n\n\n\n<p>\u201cFue una gira muy larga de todo el d\u00eda, pero muy significativa. Pudimos supervisar las obras y tomar decisiones para darles continuidad y que est\u00e1s se concluyan.<\/p><div class=\"elmet-contenido\" id=\"elmet-655762782\"><div class=\"elmet-adlabel\">Anuncios<\/div><div style=\"margin-top: 20px;margin-right: 20px;margin-bottom: 20px;margin-left: 20px;\" id=\"elmet-561753829\"><a href=\"https:\/\/www.facebook.com\/arrincuanantigua\/\" aria-label=\"cintillo-arrin-cual\"><img loading=\"lazy\" decoding=\"async\" src=\"https:\/\/elmetropolitano.com.gt\/es\/wp-content\/uploads\/2021\/11\/cintillo-arrin-cual-1.jpg\" alt=\"\"  srcset=\"https:\/\/elmetropolitano.com.gt\/es\/wp-content\/uploads\/2021\/11\/cintillo-arrin-cual-1.jpg 750w, https:\/\/elmetropolitano.com.gt\/es\/wp-content\/uploads\/2021\/11\/cintillo-arrin-cual-1-300x36.jpg 300w, https:\/\/elmetropolitano.com.gt\/es\/wp-content\/uploads\/2021\/11\/cintillo-arrin-cual-1-600x72.jpg 600w\" sizes=\"(max-width: 750px) 100vw, 750px\" width=\"750\" height=\"90\"   \/><\/a><\/div><\/div>\n\n\n\n<p>En el recorrido, la titular del CIV indic\u00f3 que se les dar\u00e1 seguimiento a las obras de infraestructura vial de los municipios de Los Amates, Morales, El Estor y Puerto Barrios\u201d expres\u00f3 la ministra Jazm\u00edn de la Vega.<\/p>\n\n\n\n<p>La supervisi\u00f3n<\/p>\n\n\n\n<p>Durante el s\u00e1bado, la ministra Jazm\u00edn de la Vega efectu\u00f3 una gira de supervisi\u00f3n en varias obras del departamento de Izabal. Una de ellas fue el puente Jubuco, de 48 metros de longitud, que dar\u00e1 acceso a unas 40 comunidades de Los Amates, Izabal.<\/p>\n\n\n\n<p>La ministra junto a la diputada Thelma Ram\u00edrez, alcaldes y consejos de desarrollo recorrieron el proyecto, que tiene 70 % de avance, y verificaron la calidad de la obra.<\/p>\n\n\n\n<p>En la supervisi\u00f3n de proyectos de infraestructura tambi\u00e9n visitaron el puente Switch Quebradas, sobre el r\u00edo Bobos, en Morales donde les acompa\u00f1\u00f3 el alcalde Mynor Portillo . Posteriormente, fueron a conocer el avance del puente T\u00fanico, en El Estor, Izabal, debido a que los trabajos se encuentran paralizados.<\/p>\n\n\n\n<p>La jefa del CIV instruy\u00f3 una exhaustiva revisi\u00f3n del contrato para reactivarlo.<\/p>\n\n\n\n<p>Pr\u00f3xima reuni\u00f3n<\/p>\n\n\n\n<p>Al concluir la supervisi\u00f3n, la ministra, la diputada y los alcaldes de los municipios de Izabal brindaron una conferencia de prensa para informar sobre el tema.<\/p>\n\n\n\n<p>Durante su intervenci\u00f3n, la ministra De la Vega indic\u00f3 \u201cMe siento muy contenta de estar aqu\u00ed en Izabal, con los alcaldes. Conocimos varios proyectos que est\u00e1n suspendidos, pero esperamos que estos se concluyan este a\u00f1o\u201d<\/p>\n\n\n\n<p>Por ello, esta semana se efectuar\u00e1 una reuni\u00f3n con la empresa encargada del proyecto del puente T\u00fanico, para que la empresa concluya el puente en un mes.<\/p>\n\n\n\n<p>Tambi\u00e9n se le dar\u00e1 seguimiento a los trabajos en la ampliaci\u00f3n de cuatro carriles en Puerto Barrios, que ser\u00e1 un tramo de beneficio para la poblaci\u00f3n.<\/p>\n\n\n\n<p>#metroredes <\/p>\n\n\n\n<figure class=\"wp-block-gallery has-nested-images columns-default is-cropped wp-block-gallery-1 is-layout-flex wp-block-gallery-is-layout-flex\">\n<figure class=\"wp-block-image size-large\"><img loading=\"lazy\" decoding=\"async\" width=\"1024\" height=\"769\" data-id=\"82409\" src=\"https:\/\/elmetropolitano.com.gt\/es\/wp-content\/uploads\/2024\/05\/438058813_935380585254692_5300361663255059463_n-1024x769.jpg\" alt=\"\" class=\"wp-image-82409\" srcset=\"https:\/\/elmetropolitano.com.gt\/es\/wp-content\/uploads\/2024\/05\/438058813_935380585254692_5300361663255059463_n-1024x769.jpg 1024w, https:\/\/elmetropolitano.com.gt\/es\/wp-content\/uploads\/2024\/05\/438058813_935380585254692_5300361663255059463_n-300x225.jpg 300w, https:\/\/elmetropolitano.com.gt\/es\/wp-content\/uploads\/2024\/05\/438058813_935380585254692_5300361663255059463_n-768x577.jpg 768w, https:\/\/elmetropolitano.com.gt\/es\/wp-content\/uploads\/2024\/05\/438058813_935380585254692_5300361663255059463_n-1536x1154.jpg 1536w, https:\/\/elmetropolitano.com.gt\/es\/wp-content\/uploads\/2024\/05\/438058813_935380585254692_5300361663255059463_n.jpg 2048w\" sizes=\"auto, (max-width: 1024px) 100vw, 1024px\" \/><\/figure>\n\n\n\n<figure class=\"wp-block-image size-large\"><img loading=\"lazy\" decoding=\"async\" width=\"1024\" height=\"768\" data-id=\"82408\" src=\"https:\/\/elmetropolitano.com.gt\/es\/wp-content\/uploads\/2024\/05\/438059687_935380625254688_9199590089290353462_n-1024x768.jpg\" alt=\"\" class=\"wp-image-82408\" srcset=\"https:\/\/elmetropolitano.com.gt\/es\/wp-content\/uploads\/2024\/05\/438059687_935380625254688_9199590089290353462_n-1024x768.jpg 1024w, https:\/\/elmetropolitano.com.gt\/es\/wp-content\/uploads\/2024\/05\/438059687_935380625254688_9199590089290353462_n-300x225.jpg 300w, https:\/\/elmetropolitano.com.gt\/es\/wp-content\/uploads\/2024\/05\/438059687_935380625254688_9199590089290353462_n-768x576.jpg 768w, https:\/\/elmetropolitano.com.gt\/es\/wp-content\/uploads\/2024\/05\/438059687_935380625254688_9199590089290353462_n-1536x1152.jpg 1536w, https:\/\/elmetropolitano.com.gt\/es\/wp-content\/uploads\/2024\/05\/438059687_935380625254688_9199590089290353462_n.jpg 2048w\" sizes=\"auto, (max-width: 1024px) 100vw, 1024px\" \/><\/figure>\n\n\n\n<figure class=\"wp-block-image size-large\"><img loading=\"lazy\" decoding=\"async\" width=\"1024\" height=\"769\" data-id=\"82407\" src=\"https:\/\/elmetropolitano.com.gt\/es\/wp-content\/uploads\/2024\/05\/439999677_935380605254690_3550216520603279534_n-1024x769.jpg\" alt=\"\" class=\"wp-image-82407\" srcset=\"https:\/\/elmetropolitano.com.gt\/es\/wp-content\/uploads\/2024\/05\/439999677_935380605254690_3550216520603279534_n-1024x769.jpg 1024w, https:\/\/elmetropolitano.com.gt\/es\/wp-content\/uploads\/2024\/05\/439999677_935380605254690_3550216520603279534_n-300x225.jpg 300w, https:\/\/elmetropolitano.com.gt\/es\/wp-content\/uploads\/2024\/05\/439999677_935380605254690_3550216520603279534_n-768x576.jpg 768w, https:\/\/elmetropolitano.com.gt\/es\/wp-content\/uploads\/2024\/05\/439999677_935380605254690_3550216520603279534_n-1536x1153.jpg 1536w, https:\/\/elmetropolitano.com.gt\/es\/wp-content\/uploads\/2024\/05\/439999677_935380605254690_3550216520603279534_n.jpg 2048w\" sizes=\"auto, (max-width: 1024px) 100vw, 1024px\" \/><\/figure>\n<\/figure>\n","protected":false},"excerpt":{"rendered":"<p>La ministra de Comunicaciones, Infraestructura y Vivienda, Jazm\u00edn de la Vega, junto a alcaldes y diputados llev\u00f3 a cabo una gira de trabajo por el departamento de Izabal. \u201cFue una gira muy larga de todo el d\u00eda, pero muy significativa. Pudimos supervisar las obras y tomar decisiones para darles continuidad y que est\u00e1s se concluyan. <a class=\"read-more\" href=\"https:\/\/elmetropolitano.com.gt\/es\/ministra-de-comunicaciones-da-seguimiento-a-proyectos-de-izabal\/\">Leer m\u00e1s<\/a><\/p>\n","protected":false},"author":1,"featured_media":82406,"comment_status":"open","ping_status":"closed","sticky":false,"template":"","format":"standard","meta":{"footnotes":""},"categories":[4],"tags":[13],"class_list":["post-82405","post","type-post","status-publish","format-standard","has-post-thumbnail","hentry","category-departamentales","tag-departamentales"],"_links":{"self":[{"href":"https:\/\/elmetropolitano.com.gt\/es\/wp-json\/wp\/v2\/posts\/82405","targetHints":{"allow":["GET"]}}],"collection":[{"href":"https:\/\/elmetropolitano.com.gt\/es\/wp-json\/wp\/v2\/posts"}],"about":[{"href":"https:\/\/elmetropolitano.com.gt\/es\/wp-json\/wp\/v2\/types\/post"}],"author":[{"embeddable":true,"href":"https:\/\/elmetropolitano.com.gt\/es\/wp-json\/wp\/v2\/users\/1"}],"replies":[{"embeddable":true,"href":"https:\/\/elmetropolitano.com.gt\/es\/wp-json\/wp\/v2\/comments?post=82405"}],"version-history":[{"count":1,"href":"https:\/\/elmetropolitano.com.gt\/es\/wp-json\/wp\/v2\/posts\/82405\/revisions"}],"predecessor-version":[{"id":82410,"href":"https:\/\/elmetropolitano.com.gt\/es\/wp-json\/wp\/v2\/posts\/82405\/revisions\/82410"}],"wp:featuredmedia":[{"embeddable":true,"href":"https:\/\/elmetropolitano.com.gt\/es\/wp-json\/wp\/v2\/media\/82406"}],"wp:attachment":[{"href":"https:\/\/elmetropolitano.com.gt\/es\/wp-json\/wp\/v2\/media?parent=82405"}],"wp:term":[{"taxonomy":"category","embeddable":true,"href":"https:\/\/elmetropolitano.com.gt\/es\/wp-json\/wp\/v2\/categories?post=82405"},{"taxonomy":"post_tag","embeddable":true,"href":"https:\/\/elmetropolitano.com.gt\/es\/wp-json\/wp\/v2\/tags?post=82405"}],"curies":[{"name":"wp","href":"https:\/\/api.w.org\/{rel}","templated":true}]}}