{"id":83571,"date":"2024-05-26T09:33:26","date_gmt":"2024-05-26T15:33:26","guid":{"rendered":"https:\/\/elmetropolitano.com.gt\/es\/?p=83571"},"modified":"2024-05-26T09:33:27","modified_gmt":"2024-05-26T15:33:27","slug":"una-noche-magica-en-el-concierto-de-gaby-moreno","status":"publish","type":"post","link":"https:\/\/elmetropolitano.com.gt\/es\/una-noche-magica-en-el-concierto-de-gaby-moreno\/","title":{"rendered":"Una noche m\u00e1gica en el concierto de Gaby Moreno"},"content":{"rendered":"\n<p>Gaby Moreno brind\u00f3 un espect\u00e1culo de primer nivel en la Gran Sala \u00abEfra\u00edn Recinos\u00bb, del Centro Cultural \u00abMiguel \u00c1ngel Asturias\u00bb, sitio emblem\u00e1tico para su carrera. Lugar en el que record\u00f3 haber tocado a los nueve a\u00f1os frente a un p\u00fablico, hito importante para decidir que se quer\u00eda dedicar a la m\u00fasica por el resto de su vida.<\/p>\n\n\n\n<p><a><\/a>Durante su concierto, hizo un recorrido por sus nueve discos, acompa\u00f1ada de una excelente banda, con Franc Castillejos como invitado especial.<\/p><div class=\"elmet-contenido\" id=\"elmet-2824708778\"><div class=\"elmet-adlabel\">Anuncios<\/div><div style=\"margin-top: 20px;margin-right: 20px;margin-bottom: 20px;margin-left: 20px;\" id=\"elmet-3016984658\"><a href=\"https:\/\/www.facebook.com\/arrincuanantigua\/\" aria-label=\"cintillo-arrin-cual\"><img loading=\"lazy\" decoding=\"async\" src=\"https:\/\/elmetropolitano.com.gt\/es\/wp-content\/uploads\/2021\/11\/cintillo-arrin-cual-1.jpg\" alt=\"\"  srcset=\"https:\/\/elmetropolitano.com.gt\/es\/wp-content\/uploads\/2021\/11\/cintillo-arrin-cual-1.jpg 750w, https:\/\/elmetropolitano.com.gt\/es\/wp-content\/uploads\/2021\/11\/cintillo-arrin-cual-1-300x36.jpg 300w, https:\/\/elmetropolitano.com.gt\/es\/wp-content\/uploads\/2021\/11\/cintillo-arrin-cual-1-600x72.jpg 600w\" sizes=\"(max-width: 750px) 100vw, 750px\" width=\"750\" height=\"90\"   \/><\/a><\/div><\/div>\n\n\n\n<p>Hizo un set ac\u00fastico y otro de sus composiciones para pel\u00edculas. Baj\u00f3 del escenario para acercarse a la gente y tomarse fotos mientras cantaba.<\/p>\n\n\n\n<p>Present\u00f3, como primicia, el proyecto \u00abLamento\u00bb, cortometraje en el que tendr\u00e1 una participaci\u00f3n y que es dirigido por el cineasta guatemalteco Diego Contreras.<\/p>\n\n\n\n<p>El p\u00fablico se emocion\u00f3 y aplaudi\u00f3 de pie a la artista guatemalteca ganadora de dos premios Grammy.<\/p>\n\n\n\n<p><a href=\"https:\/\/www.facebook.com\/hashtag\/culturasaleadelante?__eep__=6&amp;__cft__[0]=AZUoiB5ZJbfBUPKAy5euiR3cZwSvLSNgE014CrqM6y5NdowYo5xj_MfJduVJprnNOLVbDPuQH6em9KgkfgOUN7iKT6fnQ5rIZto7FPpfsX2o4hjco0hHLj4enZaaTi7BcMj4NHeyxvz_peKr05ilQTweJmKE5Cfiysc8Yl7FT0fjG16gz1y_he4HP5zlLnd2RfxU0GT5GAksFtBN2ZJJzamp&amp;__tn__=*NK-R\">#CulturaSaleAdelante<\/a><a href=\"https:\/\/www.facebook.com\/hashtag\/musica?__eep__=6&amp;__cft__[0]=AZUoiB5ZJbfBUPKAy5euiR3cZwSvLSNgE014CrqM6y5NdowYo5xj_MfJduVJprnNOLVbDPuQH6em9KgkfgOUN7iKT6fnQ5rIZto7FPpfsX2o4hjco0hHLj4enZaaTi7BcMj4NHeyxvz_peKr05ilQTweJmKE5Cfiysc8Yl7FT0fjG16gz1y_he4HP5zlLnd2RfxU0GT5GAksFtBN2ZJJzamp&amp;__tn__=*NK-R\">#Musica<\/a><a href=\"https:\/\/www.facebook.com\/hashtag\/metroredes?__eep__=6&amp;__cft__[0]=AZUoiB5ZJbfBUPKAy5euiR3cZwSvLSNgE014CrqM6y5NdowYo5xj_MfJduVJprnNOLVbDPuQH6em9KgkfgOUN7iKT6fnQ5rIZto7FPpfsX2o4hjco0hHLj4enZaaTi7BcMj4NHeyxvz_peKr05ilQTweJmKE5Cfiysc8Yl7FT0fjG16gz1y_he4HP5zlLnd2RfxU0GT5GAksFtBN2ZJJzamp&amp;__tn__=*NK-R\">#metroredes<\/a><a href=\"https:\/\/www.facebook.com\/hashtag\/guatemalasaleadelante?__eep__=6&amp;__cft__[0]=AZUoiB5ZJbfBUPKAy5euiR3cZwSvLSNgE014CrqM6y5NdowYo5xj_MfJduVJprnNOLVbDPuQH6em9KgkfgOUN7iKT6fnQ5rIZto7FPpfsX2o4hjco0hHLj4enZaaTi7BcMj4NHeyxvz_peKr05ilQTweJmKE5Cfiysc8Yl7FT0fjG16gz1y_he4HP5zlLnd2RfxU0GT5GAksFtBN2ZJJzamp&amp;__tn__=*NK-R\">#GuatemalaSaleAdelante<\/a><\/p>\n\n\n\n<figure class=\"wp-block-gallery has-nested-images columns-default is-cropped wp-block-gallery-1 is-layout-flex wp-block-gallery-is-layout-flex\">\n<figure class=\"wp-block-image size-large\"><img loading=\"lazy\" decoding=\"async\" width=\"1024\" height=\"683\" data-id=\"83573\" src=\"https:\/\/elmetropolitano.com.gt\/es\/wp-content\/uploads\/2024\/05\/438165032_949874153805335_7571985308018173614_n-1024x683.jpg\" alt=\"\" class=\"wp-image-83573\" srcset=\"https:\/\/elmetropolitano.com.gt\/es\/wp-content\/uploads\/2024\/05\/438165032_949874153805335_7571985308018173614_n-1024x683.jpg 1024w, https:\/\/elmetropolitano.com.gt\/es\/wp-content\/uploads\/2024\/05\/438165032_949874153805335_7571985308018173614_n-300x200.jpg 300w, https:\/\/elmetropolitano.com.gt\/es\/wp-content\/uploads\/2024\/05\/438165032_949874153805335_7571985308018173614_n-768x512.jpg 768w, https:\/\/elmetropolitano.com.gt\/es\/wp-content\/uploads\/2024\/05\/438165032_949874153805335_7571985308018173614_n-1536x1024.jpg 1536w, https:\/\/elmetropolitano.com.gt\/es\/wp-content\/uploads\/2024\/05\/438165032_949874153805335_7571985308018173614_n.jpg 1600w\" sizes=\"auto, (max-width: 1024px) 100vw, 1024px\" \/><\/figure>\n\n\n\n<figure class=\"wp-block-image size-large\"><img loading=\"lazy\" decoding=\"async\" width=\"1024\" height=\"683\" data-id=\"83574\" src=\"https:\/\/elmetropolitano.com.gt\/es\/wp-content\/uploads\/2024\/05\/441492781_949874193805331_4645588845999510818_n-1024x683.jpg\" alt=\"\" class=\"wp-image-83574\" srcset=\"https:\/\/elmetropolitano.com.gt\/es\/wp-content\/uploads\/2024\/05\/441492781_949874193805331_4645588845999510818_n-1024x683.jpg 1024w, https:\/\/elmetropolitano.com.gt\/es\/wp-content\/uploads\/2024\/05\/441492781_949874193805331_4645588845999510818_n-300x200.jpg 300w, https:\/\/elmetropolitano.com.gt\/es\/wp-content\/uploads\/2024\/05\/441492781_949874193805331_4645588845999510818_n-768x512.jpg 768w, https:\/\/elmetropolitano.com.gt\/es\/wp-content\/uploads\/2024\/05\/441492781_949874193805331_4645588845999510818_n-1536x1024.jpg 1536w, https:\/\/elmetropolitano.com.gt\/es\/wp-content\/uploads\/2024\/05\/441492781_949874193805331_4645588845999510818_n.jpg 1600w\" sizes=\"auto, (max-width: 1024px) 100vw, 1024px\" \/><\/figure>\n\n\n\n<figure class=\"wp-block-image size-large\"><img loading=\"lazy\" decoding=\"async\" width=\"1024\" height=\"683\" data-id=\"83575\" src=\"https:\/\/elmetropolitano.com.gt\/es\/wp-content\/uploads\/2024\/05\/441529353_949874260471991_2343005743867051899_n-1024x683.jpg\" alt=\"\" class=\"wp-image-83575\" srcset=\"https:\/\/elmetropolitano.com.gt\/es\/wp-content\/uploads\/2024\/05\/441529353_949874260471991_2343005743867051899_n-1024x683.jpg 1024w, https:\/\/elmetropolitano.com.gt\/es\/wp-content\/uploads\/2024\/05\/441529353_949874260471991_2343005743867051899_n-300x200.jpg 300w, https:\/\/elmetropolitano.com.gt\/es\/wp-content\/uploads\/2024\/05\/441529353_949874260471991_2343005743867051899_n-768x512.jpg 768w, https:\/\/elmetropolitano.com.gt\/es\/wp-content\/uploads\/2024\/05\/441529353_949874260471991_2343005743867051899_n-1536x1024.jpg 1536w, https:\/\/elmetropolitano.com.gt\/es\/wp-content\/uploads\/2024\/05\/441529353_949874260471991_2343005743867051899_n.jpg 1600w\" sizes=\"auto, (max-width: 1024px) 100vw, 1024px\" \/><\/figure>\n\n\n\n<figure class=\"wp-block-image size-large\"><img loading=\"lazy\" decoding=\"async\" width=\"1024\" height=\"683\" data-id=\"83576\" src=\"https:\/\/elmetropolitano.com.gt\/es\/wp-content\/uploads\/2024\/05\/444469600_949873973805353_3599757754836277277_n-1024x683.jpg\" alt=\"\" class=\"wp-image-83576\" srcset=\"https:\/\/elmetropolitano.com.gt\/es\/wp-content\/uploads\/2024\/05\/444469600_949873973805353_3599757754836277277_n-1024x683.jpg 1024w, https:\/\/elmetropolitano.com.gt\/es\/wp-content\/uploads\/2024\/05\/444469600_949873973805353_3599757754836277277_n-300x200.jpg 300w, https:\/\/elmetropolitano.com.gt\/es\/wp-content\/uploads\/2024\/05\/444469600_949873973805353_3599757754836277277_n-768x512.jpg 768w, https:\/\/elmetropolitano.com.gt\/es\/wp-content\/uploads\/2024\/05\/444469600_949873973805353_3599757754836277277_n-1536x1024.jpg 1536w, https:\/\/elmetropolitano.com.gt\/es\/wp-content\/uploads\/2024\/05\/444469600_949873973805353_3599757754836277277_n.jpg 1600w\" sizes=\"auto, (max-width: 1024px) 100vw, 1024px\" \/><\/figure>\n<\/figure>\n","protected":false},"excerpt":{"rendered":"<p>Gaby Moreno brind\u00f3 un espect\u00e1culo de primer nivel en la Gran Sala \u00abEfra\u00edn Recinos\u00bb, del Centro Cultural \u00abMiguel \u00c1ngel Asturias\u00bb, sitio emblem\u00e1tico para su carrera. Lugar en el que record\u00f3 haber tocado a los nueve a\u00f1os frente a un p\u00fablico, hito importante para decidir que se quer\u00eda dedicar a la m\u00fasica por el resto de <a class=\"read-more\" href=\"https:\/\/elmetropolitano.com.gt\/es\/una-noche-magica-en-el-concierto-de-gaby-moreno\/\">Leer m\u00e1s<\/a><\/p>\n","protected":false},"author":1,"featured_media":83572,"comment_status":"open","ping_status":"closed","sticky":false,"template":"","format":"standard","meta":{"footnotes":""},"categories":[22],"tags":[18],"class_list":["post-83571","post","type-post","status-publish","format-standard","has-post-thumbnail","hentry","category-espectaculos","tag-espectaculos"],"_links":{"self":[{"href":"https:\/\/elmetropolitano.com.gt\/es\/wp-json\/wp\/v2\/posts\/83571","targetHints":{"allow":["GET"]}}],"collection":[{"href":"https:\/\/elmetropolitano.com.gt\/es\/wp-json\/wp\/v2\/posts"}],"about":[{"href":"https:\/\/elmetropolitano.com.gt\/es\/wp-json\/wp\/v2\/types\/post"}],"author":[{"embeddable":true,"href":"https:\/\/elmetropolitano.com.gt\/es\/wp-json\/wp\/v2\/users\/1"}],"replies":[{"embeddable":true,"href":"https:\/\/elmetropolitano.com.gt\/es\/wp-json\/wp\/v2\/comments?post=83571"}],"version-history":[{"count":1,"href":"https:\/\/elmetropolitano.com.gt\/es\/wp-json\/wp\/v2\/posts\/83571\/revisions"}],"predecessor-version":[{"id":83577,"href":"https:\/\/elmetropolitano.com.gt\/es\/wp-json\/wp\/v2\/posts\/83571\/revisions\/83577"}],"wp:featuredmedia":[{"embeddable":true,"href":"https:\/\/elmetropolitano.com.gt\/es\/wp-json\/wp\/v2\/media\/83572"}],"wp:attachment":[{"href":"https:\/\/elmetropolitano.com.gt\/es\/wp-json\/wp\/v2\/media?parent=83571"}],"wp:term":[{"taxonomy":"category","embeddable":true,"href":"https:\/\/elmetropolitano.com.gt\/es\/wp-json\/wp\/v2\/categories?post=83571"},{"taxonomy":"post_tag","embeddable":true,"href":"https:\/\/elmetropolitano.com.gt\/es\/wp-json\/wp\/v2\/tags?post=83571"}],"curies":[{"name":"wp","href":"https:\/\/api.w.org\/{rel}","templated":true}]}}