{"id":83873,"date":"2024-05-30T19:17:56","date_gmt":"2024-05-31T01:17:56","guid":{"rendered":"https:\/\/elmetropolitano.com.gt\/es\/?p=83873"},"modified":"2024-05-30T19:17:56","modified_gmt":"2024-05-31T01:17:56","slug":"embajador-de-guatemala-en-india-presenta-cartas-credenciales-como-embajador-concurrente-en-banglades","status":"publish","type":"post","link":"https:\/\/elmetropolitano.com.gt\/es\/embajador-de-guatemala-en-india-presenta-cartas-credenciales-como-embajador-concurrente-en-banglades\/","title":{"rendered":"Embajador de Guatemala en India presenta cartas credenciales como embajador concurrente en Banglad\u00e9s"},"content":{"rendered":"\n<p>GEl Ministerio de Relaciones Exteriores (Minex) inform\u00f3 que el embajador de Guatemala en India, Omar Casta\u00f1eda Solares, present\u00f3 cartas credenciales al Presidente de la Rep\u00fablica Popular de Banglad\u00e9s, Mohammed Shahabuddin, el pasado 28 de mayo.<\/p>\n\n\n\n<p>\u201cDurante la ceremonia, el embajador Casta\u00f1eda Solares present\u00f3 un saludo al presidente de Banglad\u00e9s en nombre del presidente Bernardo Ar\u00e9valo de Le\u00f3n y del ministro de Relaciones Exteriores, Carlos Ramiro Mart\u00ednez.<\/p><div class=\"elmet-contenido\" id=\"elmet-3048832138\"><div class=\"elmet-adlabel\">Anuncios<\/div><div style=\"margin-top: 20px;margin-right: 20px;margin-bottom: 20px;margin-left: 20px;\" id=\"elmet-3160795424\"><a href=\"https:\/\/www.facebook.com\/arrincuanantigua\/\" aria-label=\"cintillo-arrin-cual\"><img loading=\"lazy\" decoding=\"async\" src=\"https:\/\/elmetropolitano.com.gt\/es\/wp-content\/uploads\/2021\/11\/cintillo-arrin-cual-1.jpg\" alt=\"\"  srcset=\"https:\/\/elmetropolitano.com.gt\/es\/wp-content\/uploads\/2021\/11\/cintillo-arrin-cual-1.jpg 750w, https:\/\/elmetropolitano.com.gt\/es\/wp-content\/uploads\/2021\/11\/cintillo-arrin-cual-1-300x36.jpg 300w, https:\/\/elmetropolitano.com.gt\/es\/wp-content\/uploads\/2021\/11\/cintillo-arrin-cual-1-600x72.jpg 600w\" sizes=\"(max-width: 750px) 100vw, 750px\" width=\"750\" height=\"90\"   \/><\/a><\/div><\/div>\n\n\n\n<p>Posteriormente fue acreditado como embajador concurrente ante la Rep\u00fablica de Banglad\u00e9s, con residencia en la Rep\u00fablica de India\u201d expres\u00f3 la canciller\u00eda en un comunicado<\/p>\n\n\n\n<p>Fortalece cooperaci\u00f3n<\/p>\n\n\n\n<p>Durante su visita a la ciudad de Dhaka, el embajador Casta\u00f1eda Solares tambi\u00e9n se reuni\u00f3 con el se\u00f1or Masud Bin Momen, secretario de Estado del Ministerio de Relaciones Exteriores de Banglad\u00e9s.<\/p>\n\n\n\n<p>En la reuni\u00f3n se tuvo la oportunidad para dialogar sobre el fortalecimiento de las relaciones bilaterales entre ambos Estados. Particularmente, sobre temas comerciales y el apoyo en candidaturas ante la Organizaci\u00f3n de las Naciones Unidas.<\/p>\n\n\n\n<p>Con la acreditaci\u00f3n del embajador Casta\u00f1eda Solares se fortalecen las relaciones bilaterales entre Guatemala y Banglad\u00e9s, particularmente en materia multilateral, bilateral, comercial y cultural.<\/p>\n\n\n\n<p>Asimismo, con la labor de representaci\u00f3n del c\u00f3nsul honorario de Guatemala en Banglad\u00e9s, Zulfikar Al\u00ed, en conjunto con la embajada de Guatemala en India, concurrente ante Banglad\u00e9s, se permite una mayor proyecci\u00f3n de nuestro pa\u00eds en Banglad\u00e9s y en la regi\u00f3n.<\/p>\n\n\n\n<p>Relaciones bilaterales<\/p>\n\n\n\n<p>La Rep\u00fablica de Guatemala y la Rep\u00fablica Popular de Banglad\u00e9s establecieron relaciones bilaterales el 7 de octubre de 1983. Ambos Estados mantienen relaciones cordiales, siendo miembros del Movimiento de los Pa\u00edses No Alineados y del G77.<\/p>\n\n\n\n<p>Cabe resaltar que Guatemala y Banglad\u00e9s convergen en posiciones importantes ante foros multilaterales.<\/p>\n\n\n\n<p>Particularmente, en posturas relacionadas con la contribuci\u00f3n a las operaciones de mantenimiento de la paz de las Naciones Unidas, el fortalecimiento y conocimiento de las lenguas maternas, la protecci\u00f3n al medio ambiente y la promoci\u00f3n del desarrollo sostenible<\/p>\n\n\n\n<p>Texto: Brenda Larios<\/p>\n\n\n\n<p>#india #metroredes #diplomacia<\/p>\n\n\n\n<figure class=\"wp-block-gallery has-nested-images columns-default is-cropped wp-block-gallery-1 is-layout-flex wp-block-gallery-is-layout-flex\">\n<figure class=\"wp-block-image size-large\"><img loading=\"lazy\" decoding=\"async\" width=\"532\" height=\"680\" data-id=\"83875\" src=\"https:\/\/elmetropolitano.com.gt\/es\/wp-content\/uploads\/2024\/05\/442446498_952783556847728_7247121957901847740_n.jpg\" alt=\"\" class=\"wp-image-83875\" srcset=\"https:\/\/elmetropolitano.com.gt\/es\/wp-content\/uploads\/2024\/05\/442446498_952783556847728_7247121957901847740_n.jpg 532w, https:\/\/elmetropolitano.com.gt\/es\/wp-content\/uploads\/2024\/05\/442446498_952783556847728_7247121957901847740_n-235x300.jpg 235w\" sizes=\"auto, (max-width: 532px) 100vw, 532px\" \/><\/figure>\n<\/figure>\n","protected":false},"excerpt":{"rendered":"<p>GEl Ministerio de Relaciones Exteriores (Minex) inform\u00f3 que el embajador de Guatemala en India, Omar Casta\u00f1eda Solares, present\u00f3 cartas credenciales al Presidente de la Rep\u00fablica Popular de Banglad\u00e9s, Mohammed Shahabuddin, el pasado 28 de mayo. \u201cDurante la ceremonia, el embajador Casta\u00f1eda Solares present\u00f3 un saludo al presidente de Banglad\u00e9s en nombre del presidente Bernardo Ar\u00e9valo <a class=\"read-more\" href=\"https:\/\/elmetropolitano.com.gt\/es\/embajador-de-guatemala-en-india-presenta-cartas-credenciales-como-embajador-concurrente-en-banglades\/\">Leer m\u00e1s<\/a><\/p>\n","protected":false},"author":1,"featured_media":83874,"comment_status":"open","ping_status":"closed","sticky":false,"template":"","format":"standard","meta":{"footnotes":""},"categories":[2],"tags":[12],"class_list":["post-83873","post","type-post","status-publish","format-standard","has-post-thumbnail","hentry","category-nacionales","tag-nacionales"],"_links":{"self":[{"href":"https:\/\/elmetropolitano.com.gt\/es\/wp-json\/wp\/v2\/posts\/83873","targetHints":{"allow":["GET"]}}],"collection":[{"href":"https:\/\/elmetropolitano.com.gt\/es\/wp-json\/wp\/v2\/posts"}],"about":[{"href":"https:\/\/elmetropolitano.com.gt\/es\/wp-json\/wp\/v2\/types\/post"}],"author":[{"embeddable":true,"href":"https:\/\/elmetropolitano.com.gt\/es\/wp-json\/wp\/v2\/users\/1"}],"replies":[{"embeddable":true,"href":"https:\/\/elmetropolitano.com.gt\/es\/wp-json\/wp\/v2\/comments?post=83873"}],"version-history":[{"count":1,"href":"https:\/\/elmetropolitano.com.gt\/es\/wp-json\/wp\/v2\/posts\/83873\/revisions"}],"predecessor-version":[{"id":83876,"href":"https:\/\/elmetropolitano.com.gt\/es\/wp-json\/wp\/v2\/posts\/83873\/revisions\/83876"}],"wp:featuredmedia":[{"embeddable":true,"href":"https:\/\/elmetropolitano.com.gt\/es\/wp-json\/wp\/v2\/media\/83874"}],"wp:attachment":[{"href":"https:\/\/elmetropolitano.com.gt\/es\/wp-json\/wp\/v2\/media?parent=83873"}],"wp:term":[{"taxonomy":"category","embeddable":true,"href":"https:\/\/elmetropolitano.com.gt\/es\/wp-json\/wp\/v2\/categories?post=83873"},{"taxonomy":"post_tag","embeddable":true,"href":"https:\/\/elmetropolitano.com.gt\/es\/wp-json\/wp\/v2\/tags?post=83873"}],"curies":[{"name":"wp","href":"https:\/\/api.w.org\/{rel}","templated":true}]}}