{"id":83941,"date":"2024-06-01T08:18:22","date_gmt":"2024-06-01T14:18:22","guid":{"rendered":"https:\/\/elmetropolitano.com.gt\/es\/?p=83941"},"modified":"2024-06-01T08:18:23","modified_gmt":"2024-06-01T14:18:23","slug":"productos-de-la-canasta-basica-presentaran-rebajas-en-precios","status":"publish","type":"post","link":"https:\/\/elmetropolitano.com.gt\/es\/productos-de-la-canasta-basica-presentaran-rebajas-en-precios\/","title":{"rendered":"Productos de la canasta b\u00e1sica presentar\u00e1n rebajas en precios"},"content":{"rendered":"\n<p>Pensando en acciones para aliviar el bolsillo de los guatemaltecos, el presidente de la Rep\u00fablica, Bernardo Ar\u00e9valo, inform\u00f3 sobre la implementaci\u00f3n de una medida que contribuir\u00eda a la reducci\u00f3n de los costos de la canasta b\u00e1sica.<\/p>\n\n\n\n<p>En conferencia de prensa, el mandatario, junto a la ministra de Econom\u00eda, Gabriela Garc\u00eda, explicaron que este plan ya se puso en marcha. Consiste en asegurar el ingreso de granos b\u00e1sicos <a><\/a>esenciales como arroz, frijol y ma\u00edz para tener suficiente producto en el mercado a fin de que los precios bajen.<\/p><div class=\"elmet-contenido\" id=\"elmet-3361761442\"><div class=\"elmet-adlabel\">Anuncios<\/div><div style=\"margin-top: 20px;margin-right: 20px;margin-bottom: 20px;margin-left: 20px;\" id=\"elmet-1424613083\"><a href=\"https:\/\/www.facebook.com\/arrincuanantigua\/\" aria-label=\"cintillo-arrin-cual\"><img loading=\"lazy\" decoding=\"async\" src=\"https:\/\/elmetropolitano.com.gt\/es\/wp-content\/uploads\/2021\/11\/cintillo-arrin-cual-1.jpg\" alt=\"\"  srcset=\"https:\/\/elmetropolitano.com.gt\/es\/wp-content\/uploads\/2021\/11\/cintillo-arrin-cual-1.jpg 750w, https:\/\/elmetropolitano.com.gt\/es\/wp-content\/uploads\/2021\/11\/cintillo-arrin-cual-1-300x36.jpg 300w, https:\/\/elmetropolitano.com.gt\/es\/wp-content\/uploads\/2021\/11\/cintillo-arrin-cual-1-600x72.jpg 600w\" sizes=\"(max-width: 750px) 100vw, 750px\" width=\"750\" height=\"90\"   \/><\/a><\/div><\/div>\n\n\n\n<p>De esa cuenta, la ministra Garc\u00eda explic\u00f3 que lo primero es reforzar la campa\u00f1a de monitoreo que se desarrolla de la mano con la Direcci\u00f3n de Atenci\u00f3n y Asistencia al Consumidor (Diaco). Con ello se verificar\u00e1 que no aumenten los precios de los productos de la canasta b\u00e1sica los cuales son los m\u00e1s consume la poblaci\u00f3n.<\/p>\n\n\n\n<p>El pueblo es el mejor aliado<\/p>\n\n\n\n<p>Ante la medida y ante la cuesti\u00f3n sobre la especulaci\u00f3n en los precios, el presidente Ar\u00e9valo hizo un llamado a la poblaci\u00f3n a poner atenci\u00f3n a la informaci\u00f3n que se brinda referente al tema, para evitar caer en la compra de alimentos con precios elevados.<\/p>\n\n\n\n<p>Hay otras cosas que pueden hacer los ciudadanos como consumidores y es en atenci\u00f3n a esa informaci\u00f3n que se les va a poner delante de sus ojos, tomar las decisiones a manera de ir favoreciendo a quienes est\u00e1n ofreciendo los mejores precios y eso va a evitar que haya quien intente especular y vaya a subir los precios.<\/p>\n\n\n\n<p>Contingentes arancelarios<\/p>\n\n\n\n<p>La ministra de Econom\u00eda se\u00f1al\u00f3 que actualmente el porcentaje de aprovechamiento de ma\u00edz y frijol a\u00fan est\u00e1 por debajo del 50 %. Estos dos granos son los m\u00e1s utilizados.<\/p>\n\n\n\n<p>En ese sentido, el Mineco detalla que del 1 de enero al 24 de mayo, de ma\u00edz amarillo se activ\u00f3 un contingente de 750 mil toneladas m\u00e9tricas, de las cuales se han utilizado 254 mil 615.72 toneladas m\u00e9tricas.<\/p>\n\n\n\n<p>En cuanto al frijol negro, explic\u00f3 que est\u00e1 vigente un contingente de 15 mil toneladas m\u00e9tricas, de las cuales se ha utilizado un 12.28 %, que representa mil 841.56 toneladas m\u00e9tricas.<\/p>\n\n\n\n<figure class=\"wp-block-gallery has-nested-images columns-default is-cropped wp-block-gallery-1 is-layout-flex wp-block-gallery-is-layout-flex\">\n<figure class=\"wp-block-image size-large\"><img loading=\"lazy\" decoding=\"async\" width=\"679\" height=\"453\" data-id=\"83944\" src=\"https:\/\/elmetropolitano.com.gt\/es\/wp-content\/uploads\/2024\/06\/436257792_953516403441110_5958225326509311166_n.jpg\" alt=\"\" class=\"wp-image-83944\" srcset=\"https:\/\/elmetropolitano.com.gt\/es\/wp-content\/uploads\/2024\/06\/436257792_953516403441110_5958225326509311166_n.jpg 679w, https:\/\/elmetropolitano.com.gt\/es\/wp-content\/uploads\/2024\/06\/436257792_953516403441110_5958225326509311166_n-300x200.jpg 300w\" sizes=\"auto, (max-width: 679px) 100vw, 679px\" \/><\/figure>\n\n\n\n<figure class=\"wp-block-image size-large\"><img loading=\"lazy\" decoding=\"async\" width=\"1024\" height=\"949\" data-id=\"83943\" src=\"https:\/\/elmetropolitano.com.gt\/es\/wp-content\/uploads\/2024\/06\/444946932_953518560107561_8743932389250380519_n-1024x949.jpg\" alt=\"\" class=\"wp-image-83943\" srcset=\"https:\/\/elmetropolitano.com.gt\/es\/wp-content\/uploads\/2024\/06\/444946932_953518560107561_8743932389250380519_n-1024x949.jpg 1024w, https:\/\/elmetropolitano.com.gt\/es\/wp-content\/uploads\/2024\/06\/444946932_953518560107561_8743932389250380519_n-300x278.jpg 300w, https:\/\/elmetropolitano.com.gt\/es\/wp-content\/uploads\/2024\/06\/444946932_953518560107561_8743932389250380519_n-768x712.jpg 768w, https:\/\/elmetropolitano.com.gt\/es\/wp-content\/uploads\/2024\/06\/444946932_953518560107561_8743932389250380519_n.jpg 1280w\" sizes=\"auto, (max-width: 1024px) 100vw, 1024px\" \/><\/figure>\n<\/figure>\n","protected":false},"excerpt":{"rendered":"<p>Pensando en acciones para aliviar el bolsillo de los guatemaltecos, el presidente de la Rep\u00fablica, Bernardo Ar\u00e9valo, inform\u00f3 sobre la implementaci\u00f3n de una medida que contribuir\u00eda a la reducci\u00f3n de los costos de la canasta b\u00e1sica. En conferencia de prensa, el mandatario, junto a la ministra de Econom\u00eda, Gabriela Garc\u00eda, explicaron que este plan ya <a class=\"read-more\" href=\"https:\/\/elmetropolitano.com.gt\/es\/productos-de-la-canasta-basica-presentaran-rebajas-en-precios\/\">Leer m\u00e1s<\/a><\/p>\n","protected":false},"author":1,"featured_media":83942,"comment_status":"open","ping_status":"closed","sticky":false,"template":"","format":"standard","meta":{"footnotes":""},"categories":[2],"tags":[12],"class_list":["post-83941","post","type-post","status-publish","format-standard","has-post-thumbnail","hentry","category-nacionales","tag-nacionales"],"_links":{"self":[{"href":"https:\/\/elmetropolitano.com.gt\/es\/wp-json\/wp\/v2\/posts\/83941","targetHints":{"allow":["GET"]}}],"collection":[{"href":"https:\/\/elmetropolitano.com.gt\/es\/wp-json\/wp\/v2\/posts"}],"about":[{"href":"https:\/\/elmetropolitano.com.gt\/es\/wp-json\/wp\/v2\/types\/post"}],"author":[{"embeddable":true,"href":"https:\/\/elmetropolitano.com.gt\/es\/wp-json\/wp\/v2\/users\/1"}],"replies":[{"embeddable":true,"href":"https:\/\/elmetropolitano.com.gt\/es\/wp-json\/wp\/v2\/comments?post=83941"}],"version-history":[{"count":1,"href":"https:\/\/elmetropolitano.com.gt\/es\/wp-json\/wp\/v2\/posts\/83941\/revisions"}],"predecessor-version":[{"id":83945,"href":"https:\/\/elmetropolitano.com.gt\/es\/wp-json\/wp\/v2\/posts\/83941\/revisions\/83945"}],"wp:featuredmedia":[{"embeddable":true,"href":"https:\/\/elmetropolitano.com.gt\/es\/wp-json\/wp\/v2\/media\/83942"}],"wp:attachment":[{"href":"https:\/\/elmetropolitano.com.gt\/es\/wp-json\/wp\/v2\/media?parent=83941"}],"wp:term":[{"taxonomy":"category","embeddable":true,"href":"https:\/\/elmetropolitano.com.gt\/es\/wp-json\/wp\/v2\/categories?post=83941"},{"taxonomy":"post_tag","embeddable":true,"href":"https:\/\/elmetropolitano.com.gt\/es\/wp-json\/wp\/v2\/tags?post=83941"}],"curies":[{"name":"wp","href":"https:\/\/api.w.org\/{rel}","templated":true}]}}