{"id":83951,"date":"2024-06-01T08:21:43","date_gmt":"2024-06-01T14:21:43","guid":{"rendered":"https:\/\/elmetropolitano.com.gt\/es\/?p=83951"},"modified":"2024-06-01T08:21:44","modified_gmt":"2024-06-01T14:21:44","slug":"prorrogan-la-situacion-de-emergencia-del-sistema-nacional-interconectado","status":"publish","type":"post","link":"https:\/\/elmetropolitano.com.gt\/es\/prorrogan-la-situacion-de-emergencia-del-sistema-nacional-interconectado\/","title":{"rendered":"Prorrogan la situaci\u00f3n de emergencia del Sistema Nacional Interconectado"},"content":{"rendered":"\n<p>El Ministerio de Energ\u00eda y Minas (MEM) decidi\u00f3 prorrogar por 30 d\u00edas m\u00e1s la situaci\u00f3n de emergencia del Sistema Nacional Interconectado de la energ\u00eda el\u00e9ctrica, hasta el 30 de junio.<\/p>\n\n\n\n<p>El MEM hizo p\u00fablica esta disposici\u00f3n por medio del Acuerdo Ministerial 132-2024\/SG en la edici\u00f3n legal del Diario de Centro Am\u00e9rica.<\/p><div class=\"elmet-contenido\" id=\"elmet-4068437945\"><div class=\"elmet-adlabel\">Anuncios<\/div><div style=\"margin-top: 20px;margin-right: 20px;margin-bottom: 20px;margin-left: 20px;\" id=\"elmet-3190893546\"><a href=\"https:\/\/www.facebook.com\/arrincuanantigua\/\" aria-label=\"cintillo-arrin-cual\"><img loading=\"lazy\" decoding=\"async\" src=\"https:\/\/elmetropolitano.com.gt\/es\/wp-content\/uploads\/2021\/11\/cintillo-arrin-cual-1.jpg\" alt=\"\"  srcset=\"https:\/\/elmetropolitano.com.gt\/es\/wp-content\/uploads\/2021\/11\/cintillo-arrin-cual-1.jpg 750w, https:\/\/elmetropolitano.com.gt\/es\/wp-content\/uploads\/2021\/11\/cintillo-arrin-cual-1-300x36.jpg 300w, https:\/\/elmetropolitano.com.gt\/es\/wp-content\/uploads\/2021\/11\/cintillo-arrin-cual-1-600x72.jpg 600w\" sizes=\"(max-width: 750px) 100vw, 750px\" width=\"750\" height=\"90\"   \/><\/a><\/div><\/div>\n\n\n\n<p>A <a><\/a>mediados del pasado marzo, el MEM declar\u00f3 la situaci\u00f3n de emergencia del sistema legal interconectado con el objetivo de facultar al Administrador del Mercado Mayorista (AMM) para tomar las medidas excepcionales que permitan garantizar la seguridad y abastecimiento de energ\u00eda el\u00e9ctrica.<\/p>\n\n\n\n<p>El acuerdo tambi\u00e9n establece que el plazo se podr\u00e1 prorrogar si persisten las medidas que originaron la declaraci\u00f3n de emergencia.<\/p>\n\n\n\n<p>Sin embargo, se\u00f1ala que ello ocurrir\u00e1 solo si el Administrador del Mercado Mayorista lo solicita y lo fundamenta por medio de un an\u00e1lisis t\u00e9cnico-econ\u00f3mico.<\/p>\n\n\n\n<p>El Acuerdo Ministerial 75-2024\/SG, del pasado 14 de marzo, establec\u00eda que la situaci\u00f3n de emergencia tendr\u00eda vigencia hasta este 31 de mayo. Sin embargo, con el nuevo acuerdo, esta medida continuar\u00e1 al menos hasta el 30 de junio pr\u00f3ximo.<\/p>\n\n\n\n<p>Objetivo<\/p>\n\n\n\n<p>La medida tiene el objetivo de que el AMM adopte todas las acciones que permitan garantizar la continuidad de la operaci\u00f3n del sistema de electricidad.<\/p>\n\n\n\n<p>Asimismo, debe coordinar el despacho de las centrales hidroel\u00e9ctricas para garantizar la generaci\u00f3n de electricidad.<\/p>\n\n\n\n<p>Adicionalmente, entre las medidas, el AMM debe indicar las acciones que se desarrollan para prever riesgos de desabastecimiento. Adem\u00e1s, cada semana debe especificar el inventario estimado de combustible que requiere cada generador.<\/p>\n\n\n\n<p>Tambi\u00e9n deber\u00e1, al finalizar la emergencia, rendir un informe CNEE sobre las acciones operativas que se adoptaron para reducir los efectos sobre el sistema nacional interconectado.<\/p>\n\n\n\n<p>Entretanto, la CNEE deber\u00e1 informar al MEM sobre las verificaciones y fiscalizaciones a las acciones del AMM. Tambi\u00e9n sobre los hallazgos y acciones correctivas que haya sido necesario tomar.<\/p>\n\n\n\n<p>Con la implementaci\u00f3n de esta medida, el Ministerio de Energ\u00eda y Minas busca tomar las acciones necesarias para garantizar el abastecimiento del suministro de energ\u00eda el\u00e9ctrica en el pa\u00eds.<\/p>\n\n\n\n<p><\/p>\n","protected":false},"excerpt":{"rendered":"<p>El Ministerio de Energ\u00eda y Minas (MEM) decidi\u00f3 prorrogar por 30 d\u00edas m\u00e1s la situaci\u00f3n de emergencia del Sistema Nacional Interconectado de la energ\u00eda el\u00e9ctrica, hasta el 30 de junio. El MEM hizo p\u00fablica esta disposici\u00f3n por medio del Acuerdo Ministerial 132-2024\/SG en la edici\u00f3n legal del Diario de Centro Am\u00e9rica. A mediados del pasado <a class=\"read-more\" href=\"https:\/\/elmetropolitano.com.gt\/es\/prorrogan-la-situacion-de-emergencia-del-sistema-nacional-interconectado\/\">Leer m\u00e1s<\/a><\/p>\n","protected":false},"author":1,"featured_media":83952,"comment_status":"open","ping_status":"closed","sticky":false,"template":"","format":"standard","meta":{"footnotes":""},"categories":[2],"tags":[12],"class_list":["post-83951","post","type-post","status-publish","format-standard","has-post-thumbnail","hentry","category-nacionales","tag-nacionales"],"_links":{"self":[{"href":"https:\/\/elmetropolitano.com.gt\/es\/wp-json\/wp\/v2\/posts\/83951","targetHints":{"allow":["GET"]}}],"collection":[{"href":"https:\/\/elmetropolitano.com.gt\/es\/wp-json\/wp\/v2\/posts"}],"about":[{"href":"https:\/\/elmetropolitano.com.gt\/es\/wp-json\/wp\/v2\/types\/post"}],"author":[{"embeddable":true,"href":"https:\/\/elmetropolitano.com.gt\/es\/wp-json\/wp\/v2\/users\/1"}],"replies":[{"embeddable":true,"href":"https:\/\/elmetropolitano.com.gt\/es\/wp-json\/wp\/v2\/comments?post=83951"}],"version-history":[{"count":1,"href":"https:\/\/elmetropolitano.com.gt\/es\/wp-json\/wp\/v2\/posts\/83951\/revisions"}],"predecessor-version":[{"id":83953,"href":"https:\/\/elmetropolitano.com.gt\/es\/wp-json\/wp\/v2\/posts\/83951\/revisions\/83953"}],"wp:featuredmedia":[{"embeddable":true,"href":"https:\/\/elmetropolitano.com.gt\/es\/wp-json\/wp\/v2\/media\/83952"}],"wp:attachment":[{"href":"https:\/\/elmetropolitano.com.gt\/es\/wp-json\/wp\/v2\/media?parent=83951"}],"wp:term":[{"taxonomy":"category","embeddable":true,"href":"https:\/\/elmetropolitano.com.gt\/es\/wp-json\/wp\/v2\/categories?post=83951"},{"taxonomy":"post_tag","embeddable":true,"href":"https:\/\/elmetropolitano.com.gt\/es\/wp-json\/wp\/v2\/tags?post=83951"}],"curies":[{"name":"wp","href":"https:\/\/api.w.org\/{rel}","templated":true}]}}