{"id":83954,"date":"2024-06-01T08:23:25","date_gmt":"2024-06-01T14:23:25","guid":{"rendered":"https:\/\/elmetropolitano.com.gt\/es\/?p=83954"},"modified":"2024-06-01T08:23:26","modified_gmt":"2024-06-01T14:23:26","slug":"como-funcionara-el-aporte-a-la-tarifa-social-para-la-electricidad-en-guatemala","status":"publish","type":"post","link":"https:\/\/elmetropolitano.com.gt\/es\/como-funcionara-el-aporte-a-la-tarifa-social-para-la-electricidad-en-guatemala\/","title":{"rendered":"C\u00f3mo funcionar\u00e1 el aporte a la tarifa social para la electricidad en Guatemala"},"content":{"rendered":"\n<p>A partir de este 1 de junio, los guatemaltecos que consuman no m\u00e1s de 100 kilovatios hora al mes se beneficiar\u00e1n con un aporte para la tarifa social por parte del Ejecutivo, el cual se otorga debido al alza de precios de los productos derivados del petr\u00f3leo a nivel mundial.<\/p>\n\n\n\n<p>En conferencia de prensa en el Palacio Nacional de la Cultura, el titular del Ministerio de Energ\u00eda y Minas (MEM), V\u00edctor Hugo <a><\/a>Ventura, indic\u00f3 que la \u201c tarifa social surgi\u00f3 precisamente como una necesidad de alivio en el gasto de energ\u00eda para las familias de menores ingresos\u201d<\/p><div class=\"elmet-contenido\" id=\"elmet-525032731\"><div class=\"elmet-adlabel\">Anuncios<\/div><div style=\"margin-top: 20px;margin-right: 20px;margin-bottom: 20px;margin-left: 20px;\" id=\"elmet-664232039\"><a href=\"https:\/\/www.facebook.com\/arrincuanantigua\/\" aria-label=\"cintillo-arrin-cual\"><img loading=\"lazy\" decoding=\"async\" src=\"https:\/\/elmetropolitano.com.gt\/es\/wp-content\/uploads\/2021\/11\/cintillo-arrin-cual-1.jpg\" alt=\"\"  srcset=\"https:\/\/elmetropolitano.com.gt\/es\/wp-content\/uploads\/2021\/11\/cintillo-arrin-cual-1.jpg 750w, https:\/\/elmetropolitano.com.gt\/es\/wp-content\/uploads\/2021\/11\/cintillo-arrin-cual-1-300x36.jpg 300w, https:\/\/elmetropolitano.com.gt\/es\/wp-content\/uploads\/2021\/11\/cintillo-arrin-cual-1-600x72.jpg 600w\" sizes=\"(max-width: 750px) 100vw, 750px\" width=\"750\" height=\"90\"   \/><\/a><\/div><\/div>\n\n\n\n<p>Explixando que el l\u00edmite consta de las personas que consumen de 89 hasta el 99 kilovatios hora al mes, en energ\u00eda el\u00e9ctrica, que son alrededor de 300 mil usuarios nuevos con esta nueva franja.<\/p>\n\n\n\n<p>A partir de junio<\/p>\n\n\n\n<p>Esta atenci\u00f3n se har\u00e1 efectiva de junio a diciembre de este a\u00f1o, y beneficiar\u00e1 a cerca de 3 millones de hogares que consuman menos de 100 kilovatios.<\/p>\n\n\n\n<p>\u201c Ellos podr\u00e1n percibir hasta el 80 por ciento en la reducci\u00f3n de su factura de energ\u00eda el\u00e9ctrica\u201d explic\u00f3 el titular de energ\u00eda y minas<\/p>\n\n\n\n<p>Este aporte a la tarifa social se espera que beneficie directamente a al menos 15 millones de personas, que consuman menos de 100 kilovatios hora mensualmente.<\/p>\n\n\n\n<p>El presupuesto<\/p>\n\n\n\n<p>En tanto, el ministro Ventura indic\u00f3 que esta tarifa social se otorgar\u00e1 con fondos del presupuesto designado para el MEM.<\/p>\n\n\n\n<p>\u201cSe espera financiar con prepuesto del Gobierno central que ser\u00e1 de alrededor de 135 millones de quetzales al a\u00f1o y unos 10 a 12 millones de quetzales mensuales\u201d indic\u00f3 recordando que estos fondos se asignaban anteriormente para el subsidio del al gas licuado del petr\u00f3leo (GLP).<\/p>\n\n\n\n<p>El funcionario del MEM indic\u00f3 que la tarifa social la publicar\u00e1 la Comisi\u00f3n Nacional de Energ\u00eda El\u00e9ctrica.<\/p>\n\n\n\n<p>Tarifa social<\/p>\n\n\n\n<p>En 1999 se inici\u00f3 con el aporte del INDE a la tarifa social. Este programa consiste en brindar un aporte para cubrir el pago de la factura el\u00e9ctrica. Por lo que representa una ayuda directa para la poblaci\u00f3n guatemalteca.<\/p>\n\n\n\n<p>Los usuarios beneficiados con este aporte son los que reciben el servicio de energ\u00eda el\u00e9ctrica de empresas distribuidoras: Deocsa, Deorsa y EEGSA.<\/p>\n\n\n\n<p>Este beneficio se brinda a usuarios residenciales. No aplica para personas individuales que posean negocios como tiendas, abarroter\u00edas, salones de belleza, carpinter\u00edas y cualquier otra actividad mercantil y\/o comercial, y oficinas profesionales.<\/p>\n\n\n\n<p>Texto: Brenda Larios<\/p>\n\n\n\n<p><a href=\"https:\/\/www.facebook.com\/hashtag\/tarifasocial?__eep__=6&amp;__cft__[0]=AZU_YH6vMZLHOoBMaUgfmYxLe-wSgBPfM4eavwpFRVDL_ja54-dNITXurS9MURE5-MiPP_E9yIOcLmPx2L28A0Jpf_eMcC-w-ADUqvM5BblALLMPZDg1JNDDpJtOYdiRzJ8Gop_rNQVeQRPR3Z7O-8miM9YUD3UkT65kp3FyQxM3qUc7_MeTJo0FX4G3y6qJu-Tz6zD1tDM78BshgBGnjnZQ&amp;__tn__=*NK-R\">#TarifaSocial<\/a><a href=\"https:\/\/www.facebook.com\/hashtag\/metroredes?__eep__=6&amp;__cft__[0]=AZU_YH6vMZLHOoBMaUgfmYxLe-wSgBPfM4eavwpFRVDL_ja54-dNITXurS9MURE5-MiPP_E9yIOcLmPx2L28A0Jpf_eMcC-w-ADUqvM5BblALLMPZDg1JNDDpJtOYdiRzJ8Gop_rNQVeQRPR3Z7O-8miM9YUD3UkT65kp3FyQxM3qUc7_MeTJo0FX4G3y6qJu-Tz6zD1tDM78BshgBGnjnZQ&amp;__tn__=*NK-R\">#metroredes<\/a><a href=\"https:\/\/www.facebook.com\/hashtag\/electricidad?__eep__=6&amp;__cft__[0]=AZU_YH6vMZLHOoBMaUgfmYxLe-wSgBPfM4eavwpFRVDL_ja54-dNITXurS9MURE5-MiPP_E9yIOcLmPx2L28A0Jpf_eMcC-w-ADUqvM5BblALLMPZDg1JNDDpJtOYdiRzJ8Gop_rNQVeQRPR3Z7O-8miM9YUD3UkT65kp3FyQxM3qUc7_MeTJo0FX4G3y6qJu-Tz6zD1tDM78BshgBGnjnZQ&amp;__tn__=*NK-R\">#Electricidad<\/a><\/p>\n\n\n\n<p><\/p>\n","protected":false},"excerpt":{"rendered":"<p>A partir de este 1 de junio, los guatemaltecos que consuman no m\u00e1s de 100 kilovatios hora al mes se beneficiar\u00e1n con un aporte para la tarifa social por parte del Ejecutivo, el cual se otorga debido al alza de precios de los productos derivados del petr\u00f3leo a nivel mundial. En conferencia de prensa en <a class=\"read-more\" href=\"https:\/\/elmetropolitano.com.gt\/es\/como-funcionara-el-aporte-a-la-tarifa-social-para-la-electricidad-en-guatemala\/\">Leer m\u00e1s<\/a><\/p>\n","protected":false},"author":1,"featured_media":83955,"comment_status":"open","ping_status":"closed","sticky":false,"template":"","format":"standard","meta":{"footnotes":""},"categories":[2],"tags":[12],"class_list":["post-83954","post","type-post","status-publish","format-standard","has-post-thumbnail","hentry","category-nacionales","tag-nacionales"],"_links":{"self":[{"href":"https:\/\/elmetropolitano.com.gt\/es\/wp-json\/wp\/v2\/posts\/83954","targetHints":{"allow":["GET"]}}],"collection":[{"href":"https:\/\/elmetropolitano.com.gt\/es\/wp-json\/wp\/v2\/posts"}],"about":[{"href":"https:\/\/elmetropolitano.com.gt\/es\/wp-json\/wp\/v2\/types\/post"}],"author":[{"embeddable":true,"href":"https:\/\/elmetropolitano.com.gt\/es\/wp-json\/wp\/v2\/users\/1"}],"replies":[{"embeddable":true,"href":"https:\/\/elmetropolitano.com.gt\/es\/wp-json\/wp\/v2\/comments?post=83954"}],"version-history":[{"count":1,"href":"https:\/\/elmetropolitano.com.gt\/es\/wp-json\/wp\/v2\/posts\/83954\/revisions"}],"predecessor-version":[{"id":83956,"href":"https:\/\/elmetropolitano.com.gt\/es\/wp-json\/wp\/v2\/posts\/83954\/revisions\/83956"}],"wp:featuredmedia":[{"embeddable":true,"href":"https:\/\/elmetropolitano.com.gt\/es\/wp-json\/wp\/v2\/media\/83955"}],"wp:attachment":[{"href":"https:\/\/elmetropolitano.com.gt\/es\/wp-json\/wp\/v2\/media?parent=83954"}],"wp:term":[{"taxonomy":"category","embeddable":true,"href":"https:\/\/elmetropolitano.com.gt\/es\/wp-json\/wp\/v2\/categories?post=83954"},{"taxonomy":"post_tag","embeddable":true,"href":"https:\/\/elmetropolitano.com.gt\/es\/wp-json\/wp\/v2\/tags?post=83954"}],"curies":[{"name":"wp","href":"https:\/\/api.w.org\/{rel}","templated":true}]}}