{"id":84239,"date":"2024-06-06T18:34:49","date_gmt":"2024-06-07T00:34:49","guid":{"rendered":"https:\/\/elmetropolitano.com.gt\/es\/?p=84239"},"modified":"2024-06-06T18:34:50","modified_gmt":"2024-06-07T00:34:50","slug":"congreso-busca-aliviar-carga-economica-extendiendo-plazo-para-pago-de-impuesto-vehicular","status":"publish","type":"post","link":"https:\/\/elmetropolitano.com.gt\/es\/congreso-busca-aliviar-carga-economica-extendiendo-plazo-para-pago-de-impuesto-vehicular\/","title":{"rendered":"Congreso busca aliviar carga econ\u00f3mica extendiendo plazo para pago de impuesto vehicular"},"content":{"rendered":"\n<p>El Congreso de la Rep\u00fablica de Guatemala ha remitido a la Comisi\u00f3n de Finanzas la iniciativa 64-02, conocida como la Ley Temporal para Ampliar el Plazo del Pago de Impuesto de Circulaci\u00f3n de Veh\u00edculos Terrestres, con el fin de que sea dictaminada. <\/p>\n\n\n\n<p>Esta medida busca aliviar la carga econ\u00f3mica de los ciudadanos guatemaltecos, extendiendo el plazo de pago hasta el 30 de septiembre. El prop\u00f3sito principal de esta iniciativa es brindar un respiro econ\u00f3mico a las familias guatemaltecas. Al extender la fecha l\u00edmite para el pago del impuesto de circulaci\u00f3n vehicular, se busca evitar que las familias se vean afectadas por el pago de mora. <\/p><div class=\"elmet-contenido\" id=\"elmet-3952485096\"><div class=\"elmet-adlabel\">Anuncios<\/div><div style=\"margin-top: 20px;margin-right: 20px;margin-bottom: 20px;margin-left: 20px;\" id=\"elmet-4269104715\"><a href=\"https:\/\/www.facebook.com\/arrincuanantigua\/\" aria-label=\"cintillo-arrin-cual\"><img loading=\"lazy\" decoding=\"async\" src=\"https:\/\/elmetropolitano.com.gt\/es\/wp-content\/uploads\/2021\/11\/cintillo-arrin-cual-1.jpg\" alt=\"\"  srcset=\"https:\/\/elmetropolitano.com.gt\/es\/wp-content\/uploads\/2021\/11\/cintillo-arrin-cual-1.jpg 750w, https:\/\/elmetropolitano.com.gt\/es\/wp-content\/uploads\/2021\/11\/cintillo-arrin-cual-1-300x36.jpg 300w, https:\/\/elmetropolitano.com.gt\/es\/wp-content\/uploads\/2021\/11\/cintillo-arrin-cual-1-600x72.jpg 600w\" sizes=\"(max-width: 750px) 100vw, 750px\" width=\"750\" height=\"90\"   \/><\/a><\/div><\/div>\n\n\n\n<p>Uno de los argumentos centrales para la aprobaci\u00f3n de esta ley es la falta de un sistema de transporte p\u00fablico eficiente y digno en el pa\u00eds. En Guatemala, el veh\u00edculo terrestre motorizado se ha convertido en una necesidad esencial para la vida cotidiana. <\/p>\n\n\n\n<p>Sin un transporte p\u00fablico adecuado, los ciudadanos dependen en gran medida de sus veh\u00edculos particulares para desplazarse a sus lugares de trabajo y estudio. Esto convierte el uso del autom\u00f3vil en una parte fundamental de la rutina diaria de las familias. <\/p>\n\n\n\n<p>Fecha l\u00edmite El impuesto sobre circulaci\u00f3n de veh\u00edculos, cuyo vencimiento original est\u00e1 fijado para el 31 de julio, ahora busca una extensi\u00f3n hasta el 30 de septiembre. Esta ampliaci\u00f3n se plantea como una medida temporal, pero necesaria para aliviar la presi\u00f3n financiera sobre los ciudadanos y evitar el cobro de multas o moras por incumplimiento del pago. <\/p>\n\n\n\n<p>La pr\u00f3rroga para el pago del impuesto de circulaci\u00f3n busca evitar el pago de multas, y proporcionar un margen de tiempo adicional para que los ciudadanos puedan reorganizar sus finanzas. Esta medida es particularmente importante para aquellos que dependen de su veh\u00edculo para generar ingresos, como los trabajadores independientes y peque\u00f1os empresarios que utilizan sus autom\u00f3viles como herramienta de trabajo. <\/p>\n\n\n\n<p>Esta medida podr\u00eda ser un incentivo para que m\u00e1s ciudadanos regularicen su situaci\u00f3n fiscal, aprovechando el plazo extendido para cumplir con sus obligaciones sin incurrir en sanciones.<\/p>\n\n\n\n<p>Texto: Lincy Rodr\u00edguez<\/p>\n\n\n\n<p> <a href=\"https:\/\/x.com\/hashtag\/metroredes?src=hashtag_click\">#metroredes<\/a> <a href=\"https:\/\/x.com\/hashtag\/CongresoGT?src=hashtag_click\">#CongresoGT<\/a> <a href=\"https:\/\/x.com\/hashtag\/ImpuestoCirculacionDeVehiculos?src=hashtag_click\">#ImpuestoCirculacionDeVehiculos<\/a><\/p>\n\n\n\n<p><\/p>\n\n\n\n<figure class=\"wp-block-gallery has-nested-images columns-default is-cropped wp-block-gallery-1 is-layout-flex wp-block-gallery-is-layout-flex\">\n<figure class=\"wp-block-image size-large\"><img loading=\"lazy\" decoding=\"async\" width=\"1024\" height=\"682\" data-id=\"84241\" src=\"https:\/\/elmetropolitano.com.gt\/es\/wp-content\/uploads\/2024\/06\/441494448_941041468021937_6958749277099385693_n-1024x682.jpg\" alt=\"\" class=\"wp-image-84241\" srcset=\"https:\/\/elmetropolitano.com.gt\/es\/wp-content\/uploads\/2024\/06\/441494448_941041468021937_6958749277099385693_n-1024x682.jpg 1024w, https:\/\/elmetropolitano.com.gt\/es\/wp-content\/uploads\/2024\/06\/441494448_941041468021937_6958749277099385693_n-300x200.jpg 300w, https:\/\/elmetropolitano.com.gt\/es\/wp-content\/uploads\/2024\/06\/441494448_941041468021937_6958749277099385693_n-768x511.jpg 768w, https:\/\/elmetropolitano.com.gt\/es\/wp-content\/uploads\/2024\/06\/441494448_941041468021937_6958749277099385693_n-1536x1022.jpg 1536w, https:\/\/elmetropolitano.com.gt\/es\/wp-content\/uploads\/2024\/06\/441494448_941041468021937_6958749277099385693_n.jpg 2048w\" sizes=\"auto, (max-width: 1024px) 100vw, 1024px\" \/><\/figure>\n\n\n\n<figure class=\"wp-block-image size-large\"><img loading=\"lazy\" decoding=\"async\" width=\"800\" height=\"445\" data-id=\"84242\" src=\"https:\/\/elmetropolitano.com.gt\/es\/wp-content\/uploads\/2024\/06\/circulacion-de-vehiculos.jpg\" alt=\"\" class=\"wp-image-84242\" srcset=\"https:\/\/elmetropolitano.com.gt\/es\/wp-content\/uploads\/2024\/06\/circulacion-de-vehiculos.jpg 800w, https:\/\/elmetropolitano.com.gt\/es\/wp-content\/uploads\/2024\/06\/circulacion-de-vehiculos-300x167.jpg 300w, https:\/\/elmetropolitano.com.gt\/es\/wp-content\/uploads\/2024\/06\/circulacion-de-vehiculos-768x427.jpg 768w\" sizes=\"auto, (max-width: 800px) 100vw, 800px\" \/><\/figure>\n<\/figure>\n","protected":false},"excerpt":{"rendered":"<p>El Congreso de la Rep\u00fablica de Guatemala ha remitido a la Comisi\u00f3n de Finanzas la iniciativa 64-02, conocida como la Ley Temporal para Ampliar el Plazo del Pago de Impuesto de Circulaci\u00f3n de Veh\u00edculos Terrestres, con el fin de que sea dictaminada. Esta medida busca aliviar la carga econ\u00f3mica de los ciudadanos guatemaltecos, extendiendo el <a class=\"read-more\" href=\"https:\/\/elmetropolitano.com.gt\/es\/congreso-busca-aliviar-carga-economica-extendiendo-plazo-para-pago-de-impuesto-vehicular\/\">Leer m\u00e1s<\/a><\/p>\n","protected":false},"author":1,"featured_media":84240,"comment_status":"open","ping_status":"closed","sticky":false,"template":"","format":"standard","meta":{"footnotes":""},"categories":[2],"tags":[12],"class_list":["post-84239","post","type-post","status-publish","format-standard","has-post-thumbnail","hentry","category-nacionales","tag-nacionales"],"_links":{"self":[{"href":"https:\/\/elmetropolitano.com.gt\/es\/wp-json\/wp\/v2\/posts\/84239","targetHints":{"allow":["GET"]}}],"collection":[{"href":"https:\/\/elmetropolitano.com.gt\/es\/wp-json\/wp\/v2\/posts"}],"about":[{"href":"https:\/\/elmetropolitano.com.gt\/es\/wp-json\/wp\/v2\/types\/post"}],"author":[{"embeddable":true,"href":"https:\/\/elmetropolitano.com.gt\/es\/wp-json\/wp\/v2\/users\/1"}],"replies":[{"embeddable":true,"href":"https:\/\/elmetropolitano.com.gt\/es\/wp-json\/wp\/v2\/comments?post=84239"}],"version-history":[{"count":1,"href":"https:\/\/elmetropolitano.com.gt\/es\/wp-json\/wp\/v2\/posts\/84239\/revisions"}],"predecessor-version":[{"id":84243,"href":"https:\/\/elmetropolitano.com.gt\/es\/wp-json\/wp\/v2\/posts\/84239\/revisions\/84243"}],"wp:featuredmedia":[{"embeddable":true,"href":"https:\/\/elmetropolitano.com.gt\/es\/wp-json\/wp\/v2\/media\/84240"}],"wp:attachment":[{"href":"https:\/\/elmetropolitano.com.gt\/es\/wp-json\/wp\/v2\/media?parent=84239"}],"wp:term":[{"taxonomy":"category","embeddable":true,"href":"https:\/\/elmetropolitano.com.gt\/es\/wp-json\/wp\/v2\/categories?post=84239"},{"taxonomy":"post_tag","embeddable":true,"href":"https:\/\/elmetropolitano.com.gt\/es\/wp-json\/wp\/v2\/tags?post=84239"}],"curies":[{"name":"wp","href":"https:\/\/api.w.org\/{rel}","templated":true}]}}