{"id":84257,"date":"2024-06-07T11:21:05","date_gmt":"2024-06-07T17:21:05","guid":{"rendered":"https:\/\/elmetropolitano.com.gt\/es\/?p=84257"},"modified":"2024-06-07T11:21:05","modified_gmt":"2024-06-07T17:21:05","slug":"diputados-ahora-se-unen-para-proteger-la-libertad-de-religion","status":"publish","type":"post","link":"https:\/\/elmetropolitano.com.gt\/es\/diputados-ahora-se-unen-para-proteger-la-libertad-de-religion\/","title":{"rendered":"Diputados ahora se unen para proteger la Libertad de Religi\u00f3n"},"content":{"rendered":"\n<p>Los diputados de los bloques Elefante, Vamos, Valor, Une, Cambio y Viva informaron en conferencia de prensa la conformaci\u00f3n del Frente Parlamentario para la Protecci\u00f3n de la Libertad de Religi\u00f3n.<\/p>\n\n\n\n<p>Al respecto el legislador Rodrigo Pellecer, subjefe del bloque Elefante indic\u00f3 que la vida no puede concebirse sin una dimensi\u00f3n religiosa, a trav\u00e9s de ella es posible analizar el estatus moral que rige una sociedad, lo que brinda una identidad \u00fanica a los habitantes que en ella residen.<\/p><div class=\"elmet-contenido\" id=\"elmet-3914517211\"><div class=\"elmet-adlabel\">Anuncios<\/div><div style=\"margin-top: 20px;margin-right: 20px;margin-bottom: 20px;margin-left: 20px;\" id=\"elmet-1657656816\"><a href=\"https:\/\/www.facebook.com\/arrincuanantigua\/\" aria-label=\"cintillo-arrin-cual\"><img loading=\"lazy\" decoding=\"async\" src=\"https:\/\/elmetropolitano.com.gt\/es\/wp-content\/uploads\/2021\/11\/cintillo-arrin-cual-1.jpg\" alt=\"\"  srcset=\"https:\/\/elmetropolitano.com.gt\/es\/wp-content\/uploads\/2021\/11\/cintillo-arrin-cual-1.jpg 750w, https:\/\/elmetropolitano.com.gt\/es\/wp-content\/uploads\/2021\/11\/cintillo-arrin-cual-1-300x36.jpg 300w, https:\/\/elmetropolitano.com.gt\/es\/wp-content\/uploads\/2021\/11\/cintillo-arrin-cual-1-600x72.jpg 600w\" sizes=\"(max-width: 750px) 100vw, 750px\" width=\"750\" height=\"90\"   \/><\/a><\/div><\/div>\n\n\n\n<p>El frente conformado este jueves fue criticado, cuestionado en las redes sociales como el sacerdote V\u00edctor Ruano que indic\u00f3 en las redes sociales en forma de acr\u00f3stico que \u201cDel dios que profesan estos diputados me declaro ateo. No Vamos con el dios que los Une, porque no tiene Valor ni sirve para el Cambio ni para que el ser humano Viva. Su dios es como un Elefante en la casa de un pobre al que manipulan, enga\u00f1an y mienten. Su Unionismo los delata\u201d<\/p>\n\n\n\n<p>#CongresoGT #Religion<\/p>\n\n\n\n<p><\/p>\n","protected":false},"excerpt":{"rendered":"<p>Los diputados de los bloques Elefante, Vamos, Valor, Une, Cambio y Viva informaron en conferencia de prensa la conformaci\u00f3n del Frente Parlamentario para la Protecci\u00f3n de la Libertad de Religi\u00f3n. Al respecto el legislador Rodrigo Pellecer, subjefe del bloque Elefante indic\u00f3 que la vida no puede concebirse sin una dimensi\u00f3n religiosa, a trav\u00e9s de ella <a class=\"read-more\" href=\"https:\/\/elmetropolitano.com.gt\/es\/diputados-ahora-se-unen-para-proteger-la-libertad-de-religion\/\">Leer m\u00e1s<\/a><\/p>\n","protected":false},"author":1,"featured_media":84258,"comment_status":"open","ping_status":"closed","sticky":false,"template":"","format":"standard","meta":{"footnotes":""},"categories":[2],"tags":[12],"class_list":["post-84257","post","type-post","status-publish","format-standard","has-post-thumbnail","hentry","category-nacionales","tag-nacionales"],"_links":{"self":[{"href":"https:\/\/elmetropolitano.com.gt\/es\/wp-json\/wp\/v2\/posts\/84257","targetHints":{"allow":["GET"]}}],"collection":[{"href":"https:\/\/elmetropolitano.com.gt\/es\/wp-json\/wp\/v2\/posts"}],"about":[{"href":"https:\/\/elmetropolitano.com.gt\/es\/wp-json\/wp\/v2\/types\/post"}],"author":[{"embeddable":true,"href":"https:\/\/elmetropolitano.com.gt\/es\/wp-json\/wp\/v2\/users\/1"}],"replies":[{"embeddable":true,"href":"https:\/\/elmetropolitano.com.gt\/es\/wp-json\/wp\/v2\/comments?post=84257"}],"version-history":[{"count":1,"href":"https:\/\/elmetropolitano.com.gt\/es\/wp-json\/wp\/v2\/posts\/84257\/revisions"}],"predecessor-version":[{"id":84259,"href":"https:\/\/elmetropolitano.com.gt\/es\/wp-json\/wp\/v2\/posts\/84257\/revisions\/84259"}],"wp:featuredmedia":[{"embeddable":true,"href":"https:\/\/elmetropolitano.com.gt\/es\/wp-json\/wp\/v2\/media\/84258"}],"wp:attachment":[{"href":"https:\/\/elmetropolitano.com.gt\/es\/wp-json\/wp\/v2\/media?parent=84257"}],"wp:term":[{"taxonomy":"category","embeddable":true,"href":"https:\/\/elmetropolitano.com.gt\/es\/wp-json\/wp\/v2\/categories?post=84257"},{"taxonomy":"post_tag","embeddable":true,"href":"https:\/\/elmetropolitano.com.gt\/es\/wp-json\/wp\/v2\/tags?post=84257"}],"curies":[{"name":"wp","href":"https:\/\/api.w.org\/{rel}","templated":true}]}}