{"id":84260,"date":"2024-06-07T11:27:39","date_gmt":"2024-06-07T17:27:39","guid":{"rendered":"https:\/\/elmetropolitano.com.gt\/es\/?p=84260"},"modified":"2024-06-07T11:27:39","modified_gmt":"2024-06-07T17:27:39","slug":"reina-letizia-finaliza-viaje-a-guatemala-con-visita-al-centro-iberoamericano-de-formacion-en-la-antigua","status":"publish","type":"post","link":"https:\/\/elmetropolitano.com.gt\/es\/reina-letizia-finaliza-viaje-a-guatemala-con-visita-al-centro-iberoamericano-de-formacion-en-la-antigua\/","title":{"rendered":"Reina Letizia finaliza viaje a Guatemala con visita al Centro Iberoamericano de Formaci\u00f3n en La Antigua"},"content":{"rendered":"\n<p>La reina Letizia de Espa\u00f1a visit\u00f3 el jueves las instalaciones del Centro Iberoamericano de Formaci\u00f3n de La Antigua en Guatemala junto a representantes de la cooperaci\u00f3n espa\u00f1ola en el pa\u00eds y la recibi\u00f3 el jefe del ayuntamiento Juan Manuel Asturias.<\/p>\n\n\n\n<p>Con esta actividad, la reina de Espa\u00f1a finaliz\u00f3 un viaje de tres d\u00edas por Guatemala para conocer proyectos que apoya la Agencia Espa\u00f1ola de Cooperaci\u00f3n Internacional para el Desarrollo (AECID).<\/p><div class=\"elmet-contenido\" id=\"elmet-322949589\"><div class=\"elmet-adlabel\">Anuncios<\/div><div style=\"margin-top: 20px;margin-right: 20px;margin-bottom: 20px;margin-left: 20px;\" id=\"elmet-4038792276\"><a href=\"https:\/\/www.facebook.com\/arrincuanantigua\/\" aria-label=\"cintillo-arrin-cual\"><img loading=\"lazy\" decoding=\"async\" src=\"https:\/\/elmetropolitano.com.gt\/es\/wp-content\/uploads\/2021\/11\/cintillo-arrin-cual-1.jpg\" alt=\"\"  srcset=\"https:\/\/elmetropolitano.com.gt\/es\/wp-content\/uploads\/2021\/11\/cintillo-arrin-cual-1.jpg 750w, https:\/\/elmetropolitano.com.gt\/es\/wp-content\/uploads\/2021\/11\/cintillo-arrin-cual-1-300x36.jpg 300w, https:\/\/elmetropolitano.com.gt\/es\/wp-content\/uploads\/2021\/11\/cintillo-arrin-cual-1-600x72.jpg 600w\" sizes=\"(max-width: 750px) 100vw, 750px\" width=\"750\" height=\"90\"   \/><\/a><\/div><\/div>\n\n\n\n<p>Antes de su llegada a , la monarca visit\u00f3 el Centro de Apoyo Integral para Mujeres Sobrevivientes de Violencia (Caimus), en Chimaltenango, donde se les ofrece asistencia m\u00e9dica, psicol\u00f3gica y legal y se las capacita para que puedan tener independencia econ\u00f3mica mediante el emprendimiento.<\/p>\n\n\n\n<p>La presencia de la reina Letizia en este recinto responde a una de las prioridades de la cooperaci\u00f3n espa\u00f1ola, como es la lucha contra la violencia machista y la generaci\u00f3n de oportunidades para sus v\u00edctimas.<\/p>\n\n\n\n<p>En el Caimus, la reina Letizia recorri\u00f3 las instalaciones y mantuvo una charla con algunas de las afectadas.<\/p>\n\n\n\n<p>La mayor\u00eda de las mujeres que reciben apoyo fueron v\u00edctimas de maltrato o de violaciones y algunas de ellas ven como sus familias justifican las agresiones, por lo que quedan sin desamparo.<\/p>\n\n\n\n<p>Trabajo intenso<\/p>\n\n\n\n<p>La soberana espa\u00f1ola tambi\u00e9n estuvo horas antes en San Jos\u00e9 Chacay\u00e1, Solol\u00e1, donde se reuni\u00f3 con un grupo de mujeres ind\u00edgenas para conocer la lucha que han decidido emprender para erradicar el machismo y la discriminaci\u00f3n, prevenir la violencia y convencer a las nuevas generaciones de la necesidad de que haya igualdad de derechos.<\/p>\n\n\n\n<p>La reina lleg\u00f3 a Guatemala el martes por la noche para una visita de tres d\u00edas para conocer los proyectos que apoya la Cooperaci\u00f3n Espa\u00f1ola.<\/p>\n\n\n\n<p>El mi\u00e9rcoles, la reina sostuvo un desayuno de trabajo con la primera dama de la Naci\u00f3n, doctora Lucrecia Peinado.<\/p>\n\n\n\n<p>Poco despu\u00e9s, Letizia sostuvo una reuni\u00f3n de trabajo con la doctora Peinado, ministros de Estado y otros funcionarios. Durante el encuentro, en el que participaron algunos ministros de Estado y otros funcionarios, se conocieron los avances de los proyectos de la Cooperaci\u00f3n Espa\u00f1ola en el pa\u00eds.<\/p>\n\n\n\n<p>El tema principal de este encuentro fue el cuidado de la salud mental. Tambi\u00e9n se establecieron acciones que permitan atender a la poblaci\u00f3n para el desarrollo de sus habilidades, teniendo estabilidad mental y llevando una vida plena mejorando la integridad emocional, f\u00edsica y social.<\/p>\n\n\n\n<p>Posteriormente, la primera dama condujo un recorrido por sitios del Centro Hist\u00f3rico de Guatemala junto a la reina Letizia de Espa\u00f1a, quien visti\u00f3 el llamativo chaleco de color rojo que distingue al personal de la AECID.<\/p>\n\n\n\n<p>Luego de ello la distinguida visitante se reuni\u00f3 con personal de la agencia de cooperaci\u00f3n espa\u00f1ola en el Centro Espa\u00f1ol en Guatemala. Seguidamente se dirigi\u00f3 a la zona 18 de la capital, donde conoci\u00f3 la futura Escuela Taller Norte, donde los j\u00f3venes aprenden un oficio que les brinda una manera de ganarse la vida y alejarse de las pandillas.<\/p>\n\n\n\n<p>#ViajeReal #Espa\u00f1a #antiguaguatemala<\/p>\n\n\n\n<figure class=\"wp-block-gallery has-nested-images columns-default is-cropped wp-block-gallery-1 is-layout-flex wp-block-gallery-is-layout-flex\">\n<figure class=\"wp-block-image size-large\"><img loading=\"lazy\" decoding=\"async\" width=\"1024\" height=\"819\" data-id=\"84262\" src=\"https:\/\/elmetropolitano.com.gt\/es\/wp-content\/uploads\/2024\/06\/444976075_957899819669435_6754439811103728251_n-1024x819.jpg\" alt=\"\" class=\"wp-image-84262\" srcset=\"https:\/\/elmetropolitano.com.gt\/es\/wp-content\/uploads\/2024\/06\/444976075_957899819669435_6754439811103728251_n-1024x819.jpg 1024w, https:\/\/elmetropolitano.com.gt\/es\/wp-content\/uploads\/2024\/06\/444976075_957899819669435_6754439811103728251_n-300x240.jpg 300w, https:\/\/elmetropolitano.com.gt\/es\/wp-content\/uploads\/2024\/06\/444976075_957899819669435_6754439811103728251_n-768x614.jpg 768w, https:\/\/elmetropolitano.com.gt\/es\/wp-content\/uploads\/2024\/06\/444976075_957899819669435_6754439811103728251_n.jpg 1200w\" sizes=\"auto, (max-width: 1024px) 100vw, 1024px\" \/><\/figure>\n\n\n\n<figure class=\"wp-block-image size-large\"><img loading=\"lazy\" decoding=\"async\" width=\"960\" height=\"768\" data-id=\"84263\" src=\"https:\/\/elmetropolitano.com.gt\/es\/wp-content\/uploads\/2024\/06\/445034279_957898103002940_1488197937749582501_n.jpg\" alt=\"\" class=\"wp-image-84263\" srcset=\"https:\/\/elmetropolitano.com.gt\/es\/wp-content\/uploads\/2024\/06\/445034279_957898103002940_1488197937749582501_n.jpg 960w, https:\/\/elmetropolitano.com.gt\/es\/wp-content\/uploads\/2024\/06\/445034279_957898103002940_1488197937749582501_n-300x240.jpg 300w, https:\/\/elmetropolitano.com.gt\/es\/wp-content\/uploads\/2024\/06\/445034279_957898103002940_1488197937749582501_n-768x614.jpg 768w\" sizes=\"auto, (max-width: 960px) 100vw, 960px\" \/><\/figure>\n\n\n\n<figure class=\"wp-block-image size-large\"><img loading=\"lazy\" decoding=\"async\" width=\"1024\" height=\"819\" data-id=\"84265\" src=\"https:\/\/elmetropolitano.com.gt\/es\/wp-content\/uploads\/2024\/06\/447272664_957899809669436_5779817011562748201_n-1024x819.jpg\" alt=\"\" class=\"wp-image-84265\" srcset=\"https:\/\/elmetropolitano.com.gt\/es\/wp-content\/uploads\/2024\/06\/447272664_957899809669436_5779817011562748201_n-1024x819.jpg 1024w, https:\/\/elmetropolitano.com.gt\/es\/wp-content\/uploads\/2024\/06\/447272664_957899809669436_5779817011562748201_n-300x240.jpg 300w, https:\/\/elmetropolitano.com.gt\/es\/wp-content\/uploads\/2024\/06\/447272664_957899809669436_5779817011562748201_n-768x614.jpg 768w, https:\/\/elmetropolitano.com.gt\/es\/wp-content\/uploads\/2024\/06\/447272664_957899809669436_5779817011562748201_n.jpg 1200w\" sizes=\"auto, (max-width: 1024px) 100vw, 1024px\" \/><\/figure>\n\n\n\n<figure class=\"wp-block-image size-large\"><img loading=\"lazy\" decoding=\"async\" width=\"1024\" height=\"819\" data-id=\"84266\" src=\"https:\/\/elmetropolitano.com.gt\/es\/wp-content\/uploads\/2024\/06\/447286201_957899796336104_2615949258388551643_n-1024x819.jpg\" alt=\"\" class=\"wp-image-84266\" srcset=\"https:\/\/elmetropolitano.com.gt\/es\/wp-content\/uploads\/2024\/06\/447286201_957899796336104_2615949258388551643_n-1024x819.jpg 1024w, https:\/\/elmetropolitano.com.gt\/es\/wp-content\/uploads\/2024\/06\/447286201_957899796336104_2615949258388551643_n-300x240.jpg 300w, https:\/\/elmetropolitano.com.gt\/es\/wp-content\/uploads\/2024\/06\/447286201_957899796336104_2615949258388551643_n-768x614.jpg 768w, https:\/\/elmetropolitano.com.gt\/es\/wp-content\/uploads\/2024\/06\/447286201_957899796336104_2615949258388551643_n.jpg 1200w\" sizes=\"auto, (max-width: 1024px) 100vw, 1024px\" \/><\/figure>\n\n\n\n<figure class=\"wp-block-image size-large\"><img loading=\"lazy\" decoding=\"async\" width=\"900\" height=\"570\" data-id=\"84264\" src=\"https:\/\/elmetropolitano.com.gt\/es\/wp-content\/uploads\/2024\/06\/447292587_957898029669614_7445461888324493304_n.jpg\" alt=\"\" class=\"wp-image-84264\" srcset=\"https:\/\/elmetropolitano.com.gt\/es\/wp-content\/uploads\/2024\/06\/447292587_957898029669614_7445461888324493304_n.jpg 900w, https:\/\/elmetropolitano.com.gt\/es\/wp-content\/uploads\/2024\/06\/447292587_957898029669614_7445461888324493304_n-300x190.jpg 300w, https:\/\/elmetropolitano.com.gt\/es\/wp-content\/uploads\/2024\/06\/447292587_957898029669614_7445461888324493304_n-768x486.jpg 768w\" sizes=\"auto, (max-width: 900px) 100vw, 900px\" \/><\/figure>\n<\/figure>\n","protected":false},"excerpt":{"rendered":"<p>La reina Letizia de Espa\u00f1a visit\u00f3 el jueves las instalaciones del Centro Iberoamericano de Formaci\u00f3n de La Antigua en Guatemala junto a representantes de la cooperaci\u00f3n espa\u00f1ola en el pa\u00eds y la recibi\u00f3 el jefe del ayuntamiento Juan Manuel Asturias. Con esta actividad, la reina de Espa\u00f1a finaliz\u00f3 un viaje de tres d\u00edas por Guatemala <a class=\"read-more\" href=\"https:\/\/elmetropolitano.com.gt\/es\/reina-letizia-finaliza-viaje-a-guatemala-con-visita-al-centro-iberoamericano-de-formacion-en-la-antigua\/\">Leer m\u00e1s<\/a><\/p>\n","protected":false},"author":1,"featured_media":84261,"comment_status":"open","ping_status":"closed","sticky":false,"template":"","format":"standard","meta":{"footnotes":""},"categories":[2],"tags":[12],"class_list":["post-84260","post","type-post","status-publish","format-standard","has-post-thumbnail","hentry","category-nacionales","tag-nacionales"],"_links":{"self":[{"href":"https:\/\/elmetropolitano.com.gt\/es\/wp-json\/wp\/v2\/posts\/84260","targetHints":{"allow":["GET"]}}],"collection":[{"href":"https:\/\/elmetropolitano.com.gt\/es\/wp-json\/wp\/v2\/posts"}],"about":[{"href":"https:\/\/elmetropolitano.com.gt\/es\/wp-json\/wp\/v2\/types\/post"}],"author":[{"embeddable":true,"href":"https:\/\/elmetropolitano.com.gt\/es\/wp-json\/wp\/v2\/users\/1"}],"replies":[{"embeddable":true,"href":"https:\/\/elmetropolitano.com.gt\/es\/wp-json\/wp\/v2\/comments?post=84260"}],"version-history":[{"count":1,"href":"https:\/\/elmetropolitano.com.gt\/es\/wp-json\/wp\/v2\/posts\/84260\/revisions"}],"predecessor-version":[{"id":84267,"href":"https:\/\/elmetropolitano.com.gt\/es\/wp-json\/wp\/v2\/posts\/84260\/revisions\/84267"}],"wp:featuredmedia":[{"embeddable":true,"href":"https:\/\/elmetropolitano.com.gt\/es\/wp-json\/wp\/v2\/media\/84261"}],"wp:attachment":[{"href":"https:\/\/elmetropolitano.com.gt\/es\/wp-json\/wp\/v2\/media?parent=84260"}],"wp:term":[{"taxonomy":"category","embeddable":true,"href":"https:\/\/elmetropolitano.com.gt\/es\/wp-json\/wp\/v2\/categories?post=84260"},{"taxonomy":"post_tag","embeddable":true,"href":"https:\/\/elmetropolitano.com.gt\/es\/wp-json\/wp\/v2\/tags?post=84260"}],"curies":[{"name":"wp","href":"https:\/\/api.w.org\/{rel}","templated":true}]}}