{"id":84275,"date":"2024-06-07T17:41:00","date_gmt":"2024-06-07T23:41:00","guid":{"rendered":"https:\/\/elmetropolitano.com.gt\/es\/?p=84275"},"modified":"2024-06-07T17:41:01","modified_gmt":"2024-06-07T23:41:01","slug":"capturan-a-alias-tartajo-otro-de-los-extraditables-mas-buscados-en-el-pais","status":"publish","type":"post","link":"https:\/\/elmetropolitano.com.gt\/es\/capturan-a-alias-tartajo-otro-de-los-extraditables-mas-buscados-en-el-pais\/","title":{"rendered":"Capturan a alias \u201cTartajo\u201d, otro de los extraditables m\u00e1s buscados en el pa\u00eds"},"content":{"rendered":"\n<p>El ministro de Gobernaci\u00f3n, Francisco Jim\u00e9nez, inform\u00f3 esta ma\u00f1ana en una actividad p\u00fablica sobre la captura de otro extraditable a Estados Unidos.<\/p>\n\n\n\n<p>Durante su participaci\u00f3n en el Aeropuerto Internacional La Aurora, en una conferencia sobre seguridad aeroportuaria, Jim\u00e9nez expuso acerca de la captura de otro sujeto con v\u00edas de extradici\u00f3n.<\/p><div class=\"elmet-contenido\" id=\"elmet-1793424836\"><div class=\"elmet-adlabel\">Anuncios<\/div><div style=\"margin-top: 20px;margin-right: 20px;margin-bottom: 20px;margin-left: 20px;\" id=\"elmet-586195441\"><a href=\"https:\/\/www.facebook.com\/arrincuanantigua\/\" aria-label=\"cintillo-arrin-cual\"><img loading=\"lazy\" decoding=\"async\" src=\"https:\/\/elmetropolitano.com.gt\/es\/wp-content\/uploads\/2021\/11\/cintillo-arrin-cual-1.jpg\" alt=\"\"  srcset=\"https:\/\/elmetropolitano.com.gt\/es\/wp-content\/uploads\/2021\/11\/cintillo-arrin-cual-1.jpg 750w, https:\/\/elmetropolitano.com.gt\/es\/wp-content\/uploads\/2021\/11\/cintillo-arrin-cual-1-300x36.jpg 300w, https:\/\/elmetropolitano.com.gt\/es\/wp-content\/uploads\/2021\/11\/cintillo-arrin-cual-1-600x72.jpg 600w\" sizes=\"(max-width: 750px) 100vw, 750px\" width=\"750\" height=\"90\"   \/><\/a><\/div><\/div>\n\n\n\n<p>\u201cQuiero anunciarle al pa\u00eds que hace unos minutos en Teculut\u00e1n, Zacapa, fue capturado alias \u2018Tartajo\u2019, uno de los extraditables m\u00e1s buscados del pa\u00eds. Un enorme trabajo de SGAIA y de inteligencia que sigue dando resultados\u201d indic\u00f3 el ministro Jim\u00e9nez<\/p>\n\n\n\n<p>Con este, sumar\u00edan seis los extraditables capturados este a\u00f1o en el pa\u00eds de enero a junio de 2024.<\/p>\n\n\n\n<p>La SGAIA inform\u00f3 de la aprehensi\u00f3n de Juan Jos\u00e9 Cord\u00f3n Salas, de 39 a\u00f1os, alias Tartajo en Teculut\u00e1n, Zacapa. Tiene orden de captura con fines de extradici\u00f3n hacia los Estados Unidos por los delitos de conspiraci\u00f3n para distribuir cinco kilogramos o m\u00e1s de una mezcla detectada de coca\u00edna.<\/p>\n\n\n\n<p>Extraditables capturados hasta junio de 2024<\/p>\n\n\n\n<p>La primera persona extraditable de 2024 fue capturada en un operativo ejecutado por agentes de la SGAIA en la Antigua Guatemala el pasado 3 de enero. Se trata de Luis N, de 38 a\u00f1os, quien ten\u00eda una orden de captura con fines de extradici\u00f3n por narcotr\u00e1fico.<\/p>\n\n\n\n<p>El 19 de enero se captur\u00f3 a V\u00edctor N en Los Amates, Izabal. A esta persona se le se\u00f1ala de estar vinculada al narcotr\u00e1fico. Al momento de hacer las revisiones correspondientes, se determin\u00f3 que ten\u00eda una solicitud de extradici\u00f3n por la Corte Distrital del Este de Texas, Estados Unidos.<\/p>\n\n\n\n<p>En cuanto al tercer extraditable, fue capturado en un centro comercial de Coatepeque, Quetzaltenango, el 21 de enero. El arrestado fue Melvin Hilario Estrada Flores, alias Layo, de 35 a\u00f1os. Es requerido por Estados Unidos, acusado de conspirar para manufacturar y distribuir cinco kilogramos o m\u00e1s de coca\u00edna con la intenci\u00f3n de importarla ilegalmente.<\/p>\n\n\n\n<p>El 21 de enero, tambi\u00e9n se logr\u00f3 la captura del extraditable Jason N, de 42 a\u00f1os, en el Centro de Recepci\u00f3n de Retornados en Ayutla, San Marcos. Se determin\u00f3 que el guatemalteco estaba involucrado en el delito de conspiraci\u00f3n para importar m\u00e1s de 400 gramos de una mezcla con sustancia detectable de fentanilo. Adem\u00e1s, se supone que Jason ten\u00eda vinculaci\u00f3n con el trasiego de precursores qu\u00edmicos desde China.<\/p>\n\n\n\n<p>Los otros extraditables<\/p>\n\n\n\n<p>En abril se captur\u00f3 a Carlos Alexander Guerra y Guerra, de 38 a\u00f1os, quien tiene una orden con fines de extradici\u00f3n hacia los Estados Unidos.<\/p>\n\n\n\n<p>Guerra fue detenido en San Jos\u00e9 Pinula, Guatemala.<\/p>\n\n\n\n<p>Guerra tambi\u00e9n tiene vinculaci\u00f3n con el grupo criminal denominado Los Ipala y se encuentra en la lista de los 100 m\u00e1s buscados por los delitos de asesinato, asociaci\u00f3n il\u00edcita, conspiraci\u00f3n para el comercio, tr\u00e1fico y almacenamiento il\u00edcito.<\/p>\n\n\n\n<p>Asimismo, est\u00e1 relacionado con narcotr\u00e1fico y se le acusa de la distribuci\u00f3n, posesi\u00f3n y fabricaci\u00f3n de cinco kilogramos o m\u00e1s de coca\u00edna.<\/p>\n\n\n\n<p>Con la captura de Cord\u00f3n Salas, este 7 de junio suman seis los extraditables a Estados Unidos capturados en Guatemala de enero a junio de 2024.<\/p>\n\n\n\n<p>Respecto de la captura, el ministro Jim\u00e9nez resalt\u00f3 el papel conjunto de Estados Unidos y Guatemala en la lucha contra el narcotr\u00e1fico y el crimen organizado. Adem\u00e1s, enfatiz\u00f3 en la coincidencia de agendas de seguridad de ambos pa\u00edses y en la necesidad de proteger a la poblaci\u00f3n en materia de seguridad ciudadana.<\/p>\n\n\n\n<p>Texto: Isaac Ram\u00edrez<\/p>\n\n\n\n<p>#Narcotrafico #metroredes #Zacapa<\/p>\n\n\n\n<figure class=\"wp-block-gallery has-nested-images columns-default is-cropped wp-block-gallery-1 is-layout-flex wp-block-gallery-is-layout-flex\">\n<figure class=\"wp-block-image size-large\"><img loading=\"lazy\" decoding=\"async\" width=\"576\" height=\"576\" data-id=\"84277\" src=\"https:\/\/elmetropolitano.com.gt\/es\/wp-content\/uploads\/2024\/06\/447664023_958075946318489_2925605801979208134_n.jpg\" alt=\"\" class=\"wp-image-84277\" srcset=\"https:\/\/elmetropolitano.com.gt\/es\/wp-content\/uploads\/2024\/06\/447664023_958075946318489_2925605801979208134_n.jpg 576w, https:\/\/elmetropolitano.com.gt\/es\/wp-content\/uploads\/2024\/06\/447664023_958075946318489_2925605801979208134_n-300x300.jpg 300w, https:\/\/elmetropolitano.com.gt\/es\/wp-content\/uploads\/2024\/06\/447664023_958075946318489_2925605801979208134_n-150x150.jpg 150w\" sizes=\"auto, (max-width: 576px) 100vw, 576px\" \/><\/figure>\n\n\n\n<figure class=\"wp-block-image size-large\"><img loading=\"lazy\" decoding=\"async\" width=\"576\" height=\"576\" data-id=\"84278\" src=\"https:\/\/elmetropolitano.com.gt\/es\/wp-content\/uploads\/2024\/06\/447964189_958075976318486_5604229744250628371_n.jpg\" alt=\"\" class=\"wp-image-84278\" srcset=\"https:\/\/elmetropolitano.com.gt\/es\/wp-content\/uploads\/2024\/06\/447964189_958075976318486_5604229744250628371_n.jpg 576w, https:\/\/elmetropolitano.com.gt\/es\/wp-content\/uploads\/2024\/06\/447964189_958075976318486_5604229744250628371_n-300x300.jpg 300w, https:\/\/elmetropolitano.com.gt\/es\/wp-content\/uploads\/2024\/06\/447964189_958075976318486_5604229744250628371_n-150x150.jpg 150w\" sizes=\"auto, (max-width: 576px) 100vw, 576px\" \/><\/figure>\n<\/figure>\n","protected":false},"excerpt":{"rendered":"<p>El ministro de Gobernaci\u00f3n, Francisco Jim\u00e9nez, inform\u00f3 esta ma\u00f1ana en una actividad p\u00fablica sobre la captura de otro extraditable a Estados Unidos. Durante su participaci\u00f3n en el Aeropuerto Internacional La Aurora, en una conferencia sobre seguridad aeroportuaria, Jim\u00e9nez expuso acerca de la captura de otro sujeto con v\u00edas de extradici\u00f3n. \u201cQuiero anunciarle al pa\u00eds que <a class=\"read-more\" href=\"https:\/\/elmetropolitano.com.gt\/es\/capturan-a-alias-tartajo-otro-de-los-extraditables-mas-buscados-en-el-pais\/\">Leer m\u00e1s<\/a><\/p>\n","protected":false},"author":1,"featured_media":84276,"comment_status":"open","ping_status":"closed","sticky":false,"template":"","format":"standard","meta":{"footnotes":""},"categories":[2],"tags":[12],"class_list":["post-84275","post","type-post","status-publish","format-standard","has-post-thumbnail","hentry","category-nacionales","tag-nacionales"],"_links":{"self":[{"href":"https:\/\/elmetropolitano.com.gt\/es\/wp-json\/wp\/v2\/posts\/84275","targetHints":{"allow":["GET"]}}],"collection":[{"href":"https:\/\/elmetropolitano.com.gt\/es\/wp-json\/wp\/v2\/posts"}],"about":[{"href":"https:\/\/elmetropolitano.com.gt\/es\/wp-json\/wp\/v2\/types\/post"}],"author":[{"embeddable":true,"href":"https:\/\/elmetropolitano.com.gt\/es\/wp-json\/wp\/v2\/users\/1"}],"replies":[{"embeddable":true,"href":"https:\/\/elmetropolitano.com.gt\/es\/wp-json\/wp\/v2\/comments?post=84275"}],"version-history":[{"count":1,"href":"https:\/\/elmetropolitano.com.gt\/es\/wp-json\/wp\/v2\/posts\/84275\/revisions"}],"predecessor-version":[{"id":84279,"href":"https:\/\/elmetropolitano.com.gt\/es\/wp-json\/wp\/v2\/posts\/84275\/revisions\/84279"}],"wp:featuredmedia":[{"embeddable":true,"href":"https:\/\/elmetropolitano.com.gt\/es\/wp-json\/wp\/v2\/media\/84276"}],"wp:attachment":[{"href":"https:\/\/elmetropolitano.com.gt\/es\/wp-json\/wp\/v2\/media?parent=84275"}],"wp:term":[{"taxonomy":"category","embeddable":true,"href":"https:\/\/elmetropolitano.com.gt\/es\/wp-json\/wp\/v2\/categories?post=84275"},{"taxonomy":"post_tag","embeddable":true,"href":"https:\/\/elmetropolitano.com.gt\/es\/wp-json\/wp\/v2\/tags?post=84275"}],"curies":[{"name":"wp","href":"https:\/\/api.w.org\/{rel}","templated":true}]}}